{"id":59234,"date":"2023-02-26T15:30:05","date_gmt":"2023-02-26T18:30:05","guid":{"rendered":"https:\/\/wiy.com.br\/noticias\/pastor-morre-com-sinais-de-afogamento-em-prostibulo-no-interior-de-sp\/"},"modified":"2020-09-18T17:33:18","modified_gmt":"2020-09-18T20:33:18","slug":"pastor-morre-com-sinais-de-afogamento-em-prostibulo-no-interior-de-sp","status":"publish","type":"post","link":"https:\/\/wiy.com.br\/noticias\/pastor-morre-com-sinais-de-afogamento-em-prostibulo-no-interior-de-sp\/","title":{"rendered":"Pastor morre com sinais de afogamento em prost\u00edbulo no interior de SP"},"content":{"rendered":"<p> <br \/>\n<\/p>\n<p><span>O pastor <strong>L\u00e1zaro Peres Gon\u00e7alves<\/strong>, 56, foi encontrado desacordado em uma casa de prostitui\u00e7\u00e3o conhecida como &#8220;Boate Ma\u00e7\u00e3 do Amor&#8221;, em Assis, no interior de S\u00e3o Paulo. O caso aconteceu na madrugada do \u00faltimo s\u00e1bado (12).<\/span><\/p>\n<p><strong>+<a href=\"https:\/\/abr.ai\/assine-vejasp\" target=\"_blank\" data-saferedirecturl=\"https:\/\/www.google.com\/url?q=https:\/\/abr.ai\/assine-vejasp&amp;source=gmail&amp;ust=1600546405230000&amp;usg=AFQjCNFKyGWUCskWbAwf0k9ukldwA0S7xw\" rel=\"noopener noreferrer\">Assine a Vejinha a partir de 6,90<\/a><\/strong><span>\u00a0<\/span><\/p>\n<p>L\u00e1zaro tinha ido at\u00e9 a boate com amigos e, depois de um tempo dentro da casa, ele foi encontrado ao <span>lado da piscina, recebendo massagem card\u00edaca de uma desconhecida. De acordo com a Pol\u00edcia Civil de Assis, a hip\u00f3tese \u00e9 de que o pastor tenha <span class=\"highlight highlighted\">se afogado na piscina<\/span>\u00a0do prost\u00edbulo. <\/span>Ele foi socorrido e levado <span>para a Unidade de Pronto Atendimento (UPA) da cidade, mas acabou n\u00e3o resistindo.<\/span><\/p>\n<p><span>Para auxiliar nas investiga\u00e7\u00f5es, o delegado de plant\u00e3o apreendeu os celulares da v\u00edtima e dos amigos, al\u00e9m de<\/span> solicitar que a boate fosse periciada e que o\u00a0<span class=\"highlight highlighted\">corpo de L\u00e1zaro fosse submetido a exame toxicol\u00f3gico e dosagem alco\u00f3lica<\/span>.<\/p>\n<div class=\"block related-posts three_columns\">\n<ul class=\"block-menu\">\n<li data-tab=\"tab-1\" class=\"active\">Relacionadas<\/li>\n<\/ul>\n<div id=\"tab-1\" class=\"block-content active\">\n<div class=\"row\">\n<li class=\"widget-news-item without-thumb with-border\">\n<div class=\"widget-news-info\"><a href=\"http:\/\/vejasp.abril.com.br\/cidades\">Cidades<\/a><span class=\"widget-news-item-title\"><a href=\"https:\/\/vejasp.abril.com.br\/cidades\/bruno-covas-reeleicao-anhangabau-papo-vejinha\/\">\u201cAnhangaba\u00fa vai render 1 bilh\u00e3o de reais em quatro anos\u201d, afirma Covas<\/a><\/span><span class=\"widget-news-item-date\">18 set 2020 &#8211; 06h09<\/span><\/div>\n<\/li>\n<li class=\"widget-news-item without-thumb with-border\">\n<div class=\"widget-news-info\"><a href=\"http:\/\/vejasp.abril.com.br\/saude\">Sa\u00fade<\/a><span class=\"widget-news-item-title\"><a href=\"https:\/\/vejasp.abril.com.br\/saude\/terapias-tradicionais-escolha-a-melhor-para-voce\/\">Conhe\u00e7a oito tipos de terapia e escolha qual \u00e9 a melhor para voc\u00ea<\/a><\/span><span class=\"widget-news-item-date\">18 set 2020 &#8211; 06h09<\/span><\/div>\n<\/li>\n<li class=\"widget-news-item without-thumb with-border\">\n<div class=\"widget-news-info\"><a href=\"http:\/\/vejasp.abril.com.br\/cidades\">Cidades<\/a><span class=\"widget-news-item-title\"><a href=\"https:\/\/vejasp.abril.com.br\/cidades\/capa-moemers\/\">Moemers: a conviv\u00eancia entre fam\u00edlia tradicional e mercado do sexo<\/a><\/span><span class=\"widget-news-item-date\">18 set 2020 &#8211; 06h09<\/span><\/div>\n<\/li>\n<li class=\"widget-news-item without-thumb with-border\">\n<div class=\"widget-news-info\"><a href=\"http:\/\/vejasp.abril.com.br\/consumo\">Consumo<\/a><span class=\"widget-news-item-title\"><a href=\"https:\/\/vejasp.abril.com.br\/consumo\/camisetas-consumo-basico-simpsons-nasa-will-smith\/\">11 camisetas para permanecer no b\u00e1sico mas com estilo<\/a><\/span><span class=\"widget-news-item-date\">18 set 2020 &#8211; 06h09<\/span><\/div>\n<\/li>\n<\/div>\n<\/div>\n<\/div>\n<div class=\"block related-posts \">\n<ul class=\"block-menu\">\n<li data-tab=\"tab-1\" class=\"active\">Mais Lidas<\/li>\n<\/ul>\n<div id=\"tab-1\" class=\"block-content active\">\n<div class=\"row\">\n<div class=\"col-s-12 col-l-3\"><a href=\"https:\/\/vejasp.abril.com.br\/cultura-lazer\/ana-paula-arosio-mirim\/\" class=\"card\"><span class=\"category hide-s\">Cultura &amp; Lazer<\/span><img title = \"[Tags]\"data-src=\"https:\/\/vejasp.abril.com.br\/wp-content\/uploads\/2016\/11\/16928_ana-paula-embratel2.jpeg?quality=70&amp;strip=info&amp;w=294&amp;h=200&amp;crop=1\"alt = \"16928_ana-paula-embratel2 Pastor morre com sinais de afogamento em prost\u00edbulo no interior de SP\" class=\"lazyload media\" style=\"max-width:100%\"><span class=\"category hide-l\">Cultura &amp; Lazer<\/span><span class=\"title\">&#039;Mini Ana Paula Ar\u00f3sio\u2019 j\u00e1 tem 20 anos e continua parecida com a atriz<\/span><\/a><\/div>\n<div class=\"col-s-12 col-l-3\"><a href=\"https:\/\/vejasp.abril.com.br\/blog\/pop\/neta-de-vera-fischer-em-8220-lacos-de-familia-8221-cresceu-e-se-prepara-para-prestar-o-primeiro-vestibular\/\" class=\"card\"><span class=\"category hide-s\">Cultura &amp; Lazer<\/span><img title = \"[Tags]\"data-src=\"https:\/\/vejasp.abril.com.br\/wp-content\/uploads\/2015\/10\/juliamaggessi.jpg?quality=70&amp;strip=info&amp;crop=0px%2C39px%2C475px%2C323px&amp;resize=294%2C200\"alt = \"16928_ana-paula-embratel2 Pastor morre com sinais de afogamento em prost\u00edbulo no interior de SP\" class=\"lazyload media\" style=\"max-width:100%\"><span class=\"category hide-l\">Cultura &amp; Lazer<\/span><span class=\"title\">Lembra dela? Neta de Vera Fischer em \u201cLa\u00e7os de Fam\u00edlia&quot; j\u00e1 tem 22 anos<\/span><\/a><\/div>\n<div class=\"col-s-12 col-l-3\"><a href=\"https:\/\/vejasp.abril.com.br\/cidades\/frente-fria-sao-paulo-inverno\/\" class=\"card\"><span class=\"category hide-s\">Cidades<\/span><img title = \"[Tags]\"data-src=\"https:\/\/vejasp.abril.com.br\/wp-content\/uploads\/2019\/09\/aep20110111146.163701.jpg?quality=70&amp;strip=info&amp;crop=0px%2C1071px%2C3168px%2C2157px&amp;resize=294%2C200\"alt = \"16928_ana-paula-embratel2 Pastor morre com sinais de afogamento em prost\u00edbulo no interior de SP\" class=\"lazyload media\" style=\"max-width:100%\"><span class=\"category hide-l\">Cidades<\/span><span class=\"title\">Frente fria que avan\u00e7a sobre SP vai provocar mudan\u00e7a radical no tempo<\/span><\/a><\/div>\n<div class=\"col-s-12 col-l-3\"><a href=\"https:\/\/vejasp.abril.com.br\/cultura-lazer\/capitao-duarte-danca\/\" class=\"card\"><span class=\"category hide-s\">Cultura &amp; Lazer<\/span><img title = \"[Tags]\"data-src=\"https:\/\/vejasp.abril.com.br\/wp-content\/uploads\/2020\/09\/capitaoduarte.jpg?quality=70&amp;strip=info&amp;w=294&amp;h=200&amp;crop=1\"alt = \"16928_ana-paula-embratel2 Pastor morre com sinais de afogamento em prost\u00edbulo no interior de SP\" class=\"lazyload media\" style=\"max-width:100%\"><span class=\"category hide-l\">Cultura &amp; Lazer<\/span><span class=\"title\">Conhe\u00e7a o capit\u00e3o Duarte, que viralizou com dan\u00e7a e arrecadou toneladas de alimentos<\/span><\/a><\/div>\n<\/div>\n<\/div>\n<\/div>\n<div class=\"ads post-ads\"><span class=\"title\">Continua ap\u00f3s a publicidade<\/span><\/p>\n<div id=\"abrAD_rectangle3\" class=\"abrAD\" data-ad-><\/div>\n<\/div>\n<p><br \/>\n<br \/><a href=\"https:\/\/vejasp.abril.com.br\/cidades\/pastor-morre-prostibulo\/\">Fonte do Artigo <\/a><br \/>\nTags:<br \/>\n#loterias #loteriascaixa #megasena #resultadoapostas#noticias #noticiario  #noticia #brasil #noticiascolombia #mundo #esporte #colombia #noticiadeld #ltimasnoticias  #noticiario #noticiasregionales #noticiasdepartamentales #noticiashoy #esportes #noticiaahora #elinformantenoticias #noticiasdeboyac  #esporteinterativo #esportivo #diariodosesportes  #noticiero  #jogodefutebol #jogos #loto #apostas<\/p>\n","protected":false},"excerpt":{"rendered":"<p>O pastor L\u00e1zaro Peres Gon\u00e7alves, 56, foi encontrado desacordado em uma casa de prostitui\u00e7\u00e3o conhecida como &#8220;Boate Ma\u00e7\u00e3 do Amor&#8221;, em Assis, no interior de S\u00e3o Paulo. O caso aconteceu na madrugada do \u00faltimo s\u00e1bado (12). +Assine a Vejinha a partir de 6,90\u00a0 L\u00e1zaro tinha ido at\u00e9 a boate com amigos e, depois de um [&hellip;]<\/p>\n","protected":false},"author":1,"featured_media":59235,"comment_status":"open","ping_status":"open","sticky":false,"template":"","format":"standard","meta":{"footnotes":""},"categories":[1],"tags":[],"class_list":["post-59234","post","type-post","status-publish","format-standard","has-post-thumbnail","hentry","category-curso-de-copy"],"_links":{"self":[{"href":"https:\/\/wiy.com.br\/noticias\/wp-json\/wp\/v2\/posts\/59234","targetHints":{"allow":["GET"]}}],"collection":[{"href":"https:\/\/wiy.com.br\/noticias\/wp-json\/wp\/v2\/posts"}],"about":[{"href":"https:\/\/wiy.com.br\/noticias\/wp-json\/wp\/v2\/types\/post"}],"author":[{"embeddable":true,"href":"https:\/\/wiy.com.br\/noticias\/wp-json\/wp\/v2\/users\/1"}],"replies":[{"embeddable":true,"href":"https:\/\/wiy.com.br\/noticias\/wp-json\/wp\/v2\/comments?post=59234"}],"version-history":[{"count":0,"href":"https:\/\/wiy.com.br\/noticias\/wp-json\/wp\/v2\/posts\/59234\/revisions"}],"wp:featuredmedia":[{"embeddable":true,"href":"https:\/\/wiy.com.br\/noticias\/wp-json\/wp\/v2\/media\/59235"}],"wp:attachment":[{"href":"https:\/\/wiy.com.br\/noticias\/wp-json\/wp\/v2\/media?parent=59234"}],"wp:term":[{"taxonomy":"category","embeddable":true,"href":"https:\/\/wiy.com.br\/noticias\/wp-json\/wp\/v2\/categories?post=59234"},{"taxonomy":"post_tag","embeddable":true,"href":"https:\/\/wiy.com.br\/noticias\/wp-json\/wp\/v2\/tags?post=59234"}],"curies":[{"name":"wp","href":"https:\/\/api.w.org\/{rel}","templated":true}]}}