{"id":59139,"date":"2023-02-26T15:24:18","date_gmt":"2023-02-26T18:24:18","guid":{"rendered":"https:\/\/wiy.com.br\/noticias\/clientes-da-net-claro-reclamam-de-queda-no-sinal-da-internet\/"},"modified":"2020-09-14T17:33:10","modified_gmt":"2020-09-14T20:33:10","slug":"clientes-da-net-claro-reclamam-de-queda-no-sinal-da-internet","status":"publish","type":"post","link":"https:\/\/wiy.com.br\/noticias\/clientes-da-net-claro-reclamam-de-queda-no-sinal-da-internet\/","title":{"rendered":"Clientes da NET Claro reclamam de queda no sinal da internet"},"content":{"rendered":"<p> <br \/>\n<\/p>\n<p>Durante a tarde desta segunda-feira (14), diversos clientes da<strong> Net\/Claro<\/strong> est\u00e3o reclamando de problemas na conex\u00e3o com a internet fixa. As queixas passaram a ser registradas por volta das 16h.<\/p>\n<p>Alguns usu\u00e1rios dizem que o sinal da TV a cabo tamb\u00e9m foi afetado. De acordo com o site Downdetector, clientes da empresa de v\u00e1rios estados brasileiros enfrentam a instabilidade. As regi\u00f5es Sul e Sudeste s\u00e3o as que registram o maior n\u00famero de reclama\u00e7\u00f5es. Na capital, bairros como Mooca, Morumbi, Butant\u00e3 e Jabaquara foram alguns dos afetados.<\/p>\n<p>VEJA S\u00e3o Paulo entrou em contato com a a Net Claro, mas at\u00e9 o momento da publica\u00e7\u00e3o deste texto n\u00e3o recebeu resposta.<\/p>\n<blockquote class=\"twitter-tweet\" data-width=\"500\" data-dnt=\"true\">\n<p lang=\"pt\" dir=\"ltr\">Pelo jeito a net\/claro caiu pra muita gente aqui na Zona Norte&#8230; e os trabalhadores do home office que lutem n\u00e9<\/p>\n<div class=\"ads post-ads\"><span class=\"title\">Continua ap\u00f3s a publicidade<\/span><\/p>\n<div id=\"abrAD_rectangle2\" class=\"abrAD\" data-ad-><\/div>\n<\/div>\n<p>&mdash; Milena Batista (@milenabatista) <a href=\"https:\/\/twitter.com\/milenabatista\/status\/1305597080287744005?ref_src=twsrc%5Etfw\">September 14, 2020<\/a><\/p>\n<\/blockquote>\n<div class=\"ads post-ads\"><span class=\"title\">Continua ap\u00f3s a publicidade<\/span><\/p>\n<div id=\"abrAD_rectangle4\" class=\"abrAD\" data-ad-><\/div>\n<\/div>\n<blockquote class=\"twitter-tweet\" data-width=\"500\" data-dnt=\"true\">\n<p lang=\"pt\" dir=\"ltr\">A net da Claro caiu e eu t\u00f4 s\u00f3 rindo desse meme <a href=\"https:\/\/t.co\/wgtfGv09LM\">pic.twitter.com\/wgtfGv09LM<\/a><\/p>\n<p>&mdash; cuscuzeira el\u00e9trica (@energica_) <a href=\"https:\/\/twitter.com\/energica_\/status\/1305595253785800704?ref_src=twsrc%5Etfw\">September 14, 2020<\/a><\/p>\n<div class=\"ads post-ads\"><span class=\"title\">Continua ap\u00f3s a publicidade<\/span><\/p>\n<div id=\"abrAD_rectangle3\" class=\"abrAD\" data-ad-><\/div>\n<\/div>\n<\/blockquote>\n<div class=\"ads post-ads\"><span class=\"title\">Continua ap\u00f3s a publicidade<\/span><\/p>\n<div id=\"abrAD_rectangle4\" class=\"abrAD\" data-ad-><\/div>\n<\/div>\n<blockquote class=\"twitter-tweet\" data-width=\"500\" data-dnt=\"true\">\n<p lang=\"pt\" dir=\"ltr\">NET\/Claro caiu feio aqui e parece que n\u00e3o foi s\u00f3 para mim<\/p>\n<p>&mdash; Luiz Yassuda (@luizyassuda) <a href=\"https:\/\/twitter.com\/luizyassuda\/status\/1305587400572366853?ref_src=twsrc%5Etfw\">September 14, 2020<\/a><\/p>\n<\/blockquote>\n<div class=\"ads post-ads\"><span class=\"title\">Continua ap\u00f3s a publicidade<\/span><\/p>\n<div id=\"abrAD_rectangle4\" class=\"abrAD\" data-ad-><\/div>\n<\/div>\n<blockquote class=\"twitter-tweet\" data-width=\"500\" data-dnt=\"true\">\n<p lang=\"pt\" dir=\"ltr\">Mais um dia comum com a claro Net virtua na minha vida <a href=\"https:\/\/t.co\/byOrkprT6t\">pic.twitter.com\/byOrkprT6t<\/a><\/p>\n<p>&mdash; renata (@ReantaMarques) <a href=\"https:\/\/twitter.com\/ReantaMarques\/status\/1305591499346923520?ref_src=twsrc%5Etfw\">September 14, 2020<\/a><\/p>\n<\/blockquote>\n<div class=\"ads post-ads\"><span class=\"title\">Continua ap\u00f3s a publicidade<\/span><\/p>\n<div id=\"abrAD_rectangle4\" class=\"abrAD\" data-ad-><\/div>\n<\/div>\n<blockquote class=\"twitter-tweet\" data-width=\"500\" data-dnt=\"true\">\n<p lang=\"pt\" dir=\"ltr\">Net \u00e9 a maior patrocinadora desse jogo, certeza <a href=\"https:\/\/t.co\/qm2jv5PiMq\">pic.twitter.com\/qm2jv5PiMq<\/a><\/p>\n<div class=\"ads post-ads\"><span class=\"title\">Continua ap\u00f3s a publicidade<\/span><\/p>\n<div id=\"abrAD_rectangle5\" class=\"abrAD\" data-ad-><\/div>\n<\/div>\n<p>&mdash; n d\u00e1 pra ser feliz torcendo pro vasco e tottenham (@pedroha_) <a href=\"https:\/\/twitter.com\/pedroha_\/status\/1305576095652212738?ref_src=twsrc%5Etfw\">September 14, 2020<\/a><\/p>\n<\/blockquote>\n<div class=\"ads post-ads\"><span class=\"title\">Continua ap\u00f3s a publicidade<\/span><\/p>\n<div id=\"abrAD_rectangle4\" class=\"abrAD\" data-ad-><\/div>\n<\/div>\n<blockquote class=\"twitter-tweet\" data-width=\"500\" data-dnt=\"true\">\n<p lang=\"pt\" dir=\"ltr\">Algu\u00e9m mais que tenha internet da NET\/Claro sem sinal? Socorro!<\/p>\n<p>&mdash; Ana Luiza Basilio (@AnaLuBasilio) <a href=\"https:\/\/twitter.com\/AnaLuBasilio\/status\/1305585469388992515?ref_src=twsrc%5Etfw\">September 14, 2020<\/a><\/p>\n<div class=\"ads post-ads\"><span class=\"title\">Continua ap\u00f3s a publicidade<\/span><\/p>\n<div id=\"abrAD_rectangle6\" class=\"abrAD\" data-ad-><\/div>\n<\/div>\n<\/blockquote>\n<div class=\"ads post-ads\"><span class=\"title\">Continua ap\u00f3s a publicidade<\/span><\/p>\n<div id=\"abrAD_rectangle4\" class=\"abrAD\" data-ad-><\/div>\n<\/div>\n<div data-vamode=\"off\" data-type-count=\"2\"><\/div>\n<div data-vamode=\"off\" data-type-count=\"2\">\n<\/div>\n<div class=\"mat-txt-links\"><\/div>\n<p><script async src=\"http:\/\/platform.twitter.com\/widgets.js\" charset=\"utf-8\"><\/script><br \/>\n<br \/><br \/>\n<br \/><a href=\"https:\/\/vejasp.abril.com.br\/cidades\/clientes-net-claro-internet\/\">Fonte do Artigo <\/a><br \/>\nTags:<br \/>\n#loterias #loteriascaixa #megasena #resultadoapostas#noticias #noticiario  #noticia #brasil #noticiascolombia #mundo #esporte #colombia #noticiadeld #ltimasnoticias  #noticiario #noticiasregionales #noticiasdepartamentales #noticiashoy #esportes #noticiaahora #elinformantenoticias #noticiasdeboyac  #esporteinterativo #esportivo #diariodosesportes  #noticiero  #jogodefutebol #jogos #loto #apostas<\/p>\n","protected":false},"excerpt":{"rendered":"<p>Durante a tarde desta segunda-feira (14), diversos clientes da Net\/Claro est\u00e3o reclamando de problemas na conex\u00e3o com a internet fixa. As queixas passaram a ser registradas por volta das 16h. Alguns usu\u00e1rios dizem que o sinal da TV a cabo tamb\u00e9m foi afetado. De acordo com o site Downdetector, clientes da empresa de v\u00e1rios estados [&hellip;]<\/p>\n","protected":false},"author":1,"featured_media":59140,"comment_status":"open","ping_status":"open","sticky":false,"template":"","format":"standard","meta":{"footnotes":""},"categories":[1],"tags":[],"class_list":["post-59139","post","type-post","status-publish","format-standard","has-post-thumbnail","hentry","category-curso-de-copy"],"_links":{"self":[{"href":"https:\/\/wiy.com.br\/noticias\/wp-json\/wp\/v2\/posts\/59139","targetHints":{"allow":["GET"]}}],"collection":[{"href":"https:\/\/wiy.com.br\/noticias\/wp-json\/wp\/v2\/posts"}],"about":[{"href":"https:\/\/wiy.com.br\/noticias\/wp-json\/wp\/v2\/types\/post"}],"author":[{"embeddable":true,"href":"https:\/\/wiy.com.br\/noticias\/wp-json\/wp\/v2\/users\/1"}],"replies":[{"embeddable":true,"href":"https:\/\/wiy.com.br\/noticias\/wp-json\/wp\/v2\/comments?post=59139"}],"version-history":[{"count":0,"href":"https:\/\/wiy.com.br\/noticias\/wp-json\/wp\/v2\/posts\/59139\/revisions"}],"wp:featuredmedia":[{"embeddable":true,"href":"https:\/\/wiy.com.br\/noticias\/wp-json\/wp\/v2\/media\/59140"}],"wp:attachment":[{"href":"https:\/\/wiy.com.br\/noticias\/wp-json\/wp\/v2\/media?parent=59139"}],"wp:term":[{"taxonomy":"category","embeddable":true,"href":"https:\/\/wiy.com.br\/noticias\/wp-json\/wp\/v2\/categories?post=59139"},{"taxonomy":"post_tag","embeddable":true,"href":"https:\/\/wiy.com.br\/noticias\/wp-json\/wp\/v2\/tags?post=59139"}],"curies":[{"name":"wp","href":"https:\/\/api.w.org\/{rel}","templated":true}]}}