{"id":5902,"date":"2023-02-26T15:35:43","date_gmt":"2023-02-26T18:35:43","guid":{"rendered":"https:\/\/wiy.com.br\/noticias\/honda-anuncia-fechamento-de-sua-fabrica-no-reino-unido-em-2021\/"},"modified":"2019-02-19T20:04:05","modified_gmt":"2019-02-19T23:04:05","slug":"honda-anuncia-fechamento-de-sua-fabrica-no-reino-unido-em-2021","status":"publish","type":"post","link":"https:\/\/wiy.com.br\/noticias\/honda-anuncia-fechamento-de-sua-fabrica-no-reino-unido-em-2021\/","title":{"rendered":"Honda anuncia fechamento de sua f\u00e1brica no Reino Unido em 2021"},"content":{"rendered":"<p> <br \/>\n<\/p>\n<p>A montadora japonesa <a href=\"https:\/\/exame.abril.com.br\/noticias-sobre\/honda\/\" target=\"_blank\" rel=\"noopener noreferrer\"><strong>Honda<\/strong><\/a> anunciou nesta ter\u00e7a-feira o fechamento, em 2021, da f\u00e1brica de Swindon no Reino Unido, que emprega 3.500 pessoas, o que constitui um novo golpe para o pa\u00eds, em meio ao processo do <a href=\"https:\/\/exame.abril.com.br\/noticias-sobre\/brexit\/\" target=\"_blank\" rel=\"noopener noreferrer\"><strong>Brexit<\/strong><\/a>.<\/p>\n<p>Esta f\u00e1brica, a \u00fanica da gigante japonesa na Europa, \u00e9 a principal fonte de trabalho de um local com mais de 180 mil habitantes.<\/p>\n<p>Imediatamente ap\u00f3s o an\u00fancio, o ministro brit\u00e2nico para as Empresas, Greg Clark, considerou a decis\u00e3o &#8220;devastadora&#8221;.<\/p>\n<p>A Honda justificou a decis\u00e3o com a necessidade de reestruturar a produ\u00e7\u00e3o em um contexto de muitas mudan\u00e7as no mercado mundial de autom\u00f3veis.<\/p>\n<p>A montadora destacou, no entanto, que a sede europeia da Honda permanecer\u00e1 no Reino Unido.<\/p>\n<p>&#8220;Levando em considera\u00e7\u00e3o as mudan\u00e7as sem precedentes que afetam nosso setor, \u00e9 essencial que aceleremos nossa estrat\u00e9gia de eletrifica\u00e7\u00e3o de ve\u00edculos e que reestruturemos nossas atividades mundiais. A decis\u00e3o n\u00e3o foi tomada sem reflex\u00e3o e lamentamos profundamente o qu\u00e3o inquietante ser\u00e1&#8221;, afirmou Katsushi Inoue, diretor da Honda na Europa, em um comunicado.<\/p>\n<p>A f\u00e1brica de Swindon (sudoeste da Inglaterra) \u00e9 respons\u00e1vel pelo modelo Civic. O local produz a cada ano mais de 150.000 ve\u00edculos, que s\u00e3o exportados para mais de 70 pa\u00edses.<\/p>\n<div class=\"widget-news widget-box no-margin no-border\"><span class=\"widget-news-title content-box-title\">Veja tamb\u00e9m<\/span><\/p>\n<ul class=\"widget-news-list\">\n<li class=\"widget-news-item without-thumb with-border\">\n<div class=\"widget-news-info\"><a href=\"http:\/\/exame.abril.com.br\/economia\">ECONOMIA<\/a><span class=\"widget-news-item-title\"><a href=\"https:\/\/exame.abril.com.br\/economia\/incerteza-do-brexit-ameaca-provocar-fuga-de-empresas-do-reino-unido\/\">Incerteza do Brexit amea\u00e7a provocar fuga de empresas do Reino Unido<\/a><\/span><span class=\"widget-news-item-date\">19 fev 2019 &#8211; 17h02<\/span><\/div>\n<\/li>\n<li class=\"widget-news-item without-thumb with-border\">\n<div class=\"widget-news-info\"><a href=\"http:\/\/exame.abril.com.br\/mundo\">MUNDO<\/a><span class=\"widget-news-item-title\"><a href=\"https:\/\/exame.abril.com.br\/mundo\/brexit-ue-confirma-reuniao-entre-juncker-e-may-nesta-quarta-feira\/\">Brexit: UE confirma reuni\u00e3o entre Juncker e May nesta quarta-feira<\/a><\/span><span class=\"widget-news-item-date\">19 fev 2019 &#8211; 09h02<\/span><\/div>\n<\/li>\n<\/ul>\n<\/div>\n<p>Em 2021, a Honda tamb\u00e9m vai deixar de produzir carros Civic na Turquia, de acordo com Inoue.<\/p>\n<p>O grupo japon\u00eas, que n\u00e3o tem outra f\u00e1brica na Europa, exportar\u00e1 a partir do Jap\u00e3o.<\/p>\n<h3>Peso do Brexit<\/h3>\n<p>&#8216;Embora o an\u00fancio chegue em meio a questionamentos sobre a sa\u00edda do pa\u00eds da Uni\u00e3o Europeia, &#8220;n\u00e3o foi o Brexit, mas a elei\u00e7\u00e3o do principal local de produ\u00e7\u00e3o do pr\u00f3ximo Civic o que motivou essa decis\u00e3o&#8221;, disse o CEO da Honda, Takahiro Hachigo, numa confer\u00eancia de imprensa em T\u00f3quio.<\/p>\n<p>No entanto, os sindicatos e os moradores de Swindon n\u00e3o puderam deixar de enxergar a sombra de sua retirada do bloco europeu. Des Quinn, chefe do poderoso sindicato Unite, disse que &#8220;embora a empresa n\u00e3o tenha mencionado o Brexit como uma raz\u00e3o para o an\u00fancio, acreditamos que a incerteza que o governo criou devido ao seu manejo inepto e r\u00edgido das negocia\u00e7\u00f5es do Brexit est\u00e1 por tr\u00e1s&#8221; desta decis\u00e3o.<\/p>\n<p>&#8220;Eles nunca v\u00e3o admitir, mas a raz\u00e3o para eles sa\u00edrem \u00e9 o Brexit&#8221;, concordou Michael Barkley, de 32 anos, gerente de uma loja no centro de Swindon, onde a atmosfera nesta ter\u00e7a-feira era de des\u00e2nimo.<\/p>\n<p>&#8220;\u00c9 o maior empregador da cidade, \u00e9 terr\u00edvel&#8221;, disse Jason Foster, um funcion\u00e1rio de 46 anos.<\/p>\n<p>A decis\u00e3o de fechar a unidade de Swindon \u00e9 um novo rev\u00e9s para o governo brit\u00e2nico, que luta para manter a atratividade do pa\u00eds apesar das d\u00favidas que cercam o Brexit e dos temores da ind\u00fastria de uma sa\u00edda da Uni\u00e3o Europeia sem acordo.<\/p>\n<p>No in\u00edcio de fevereiro, outra montadora japonesa, a Nissan, tamb\u00e9m provocou um momento de consterna\u00e7\u00e3o ao desistir de fabricar o modelo X-Trail na f\u00e1brica de Sunderland, com uma refer\u00eancia indireta ao Brexit.<\/p>\n<p>Em janeiro, a Airbus advertiu para poss\u00edveis decis\u00f5es &#8220;muito dolorosas&#8221; em caso de Brexit sem acordo, um aviso tamb\u00e9m feito pelo primeiro-ministro japon\u00eas, Shinzo Abe.<\/p>\n<p>De fato, v\u00e1rias empresas japonesas de diversos setores j\u00e1 deixaram o pa\u00eds em consequ\u00eancia da incerteza a respeito do Brexit.<\/p>\n<p><br \/>\n<br \/><a href=\"https:\/\/exame.abril.com.br\/negocios\/honda-anuncia-fechamento-da-fabrica-britanica-de-swindon-em-2021\/\">Source link <\/a><\/p>\n","protected":false},"excerpt":{"rendered":"<p>A montadora japonesa Honda anunciou nesta ter\u00e7a-feira o fechamento, em 2021, da f\u00e1brica de Swindon no Reino Unido, que emprega 3.500 pessoas, o que constitui um novo golpe para o pa\u00eds, em meio ao processo do Brexit. Esta f\u00e1brica, a \u00fanica da gigante japonesa na Europa, \u00e9 a principal fonte de trabalho de um local [&hellip;]<\/p>\n","protected":false},"author":1,"featured_media":5903,"comment_status":"open","ping_status":"open","sticky":false,"template":"","format":"standard","meta":{"footnotes":""},"categories":[339],"tags":[],"class_list":["post-5902","post","type-post","status-publish","format-standard","has-post-thumbnail","hentry","category-negocios"],"_links":{"self":[{"href":"https:\/\/wiy.com.br\/noticias\/wp-json\/wp\/v2\/posts\/5902","targetHints":{"allow":["GET"]}}],"collection":[{"href":"https:\/\/wiy.com.br\/noticias\/wp-json\/wp\/v2\/posts"}],"about":[{"href":"https:\/\/wiy.com.br\/noticias\/wp-json\/wp\/v2\/types\/post"}],"author":[{"embeddable":true,"href":"https:\/\/wiy.com.br\/noticias\/wp-json\/wp\/v2\/users\/1"}],"replies":[{"embeddable":true,"href":"https:\/\/wiy.com.br\/noticias\/wp-json\/wp\/v2\/comments?post=5902"}],"version-history":[{"count":0,"href":"https:\/\/wiy.com.br\/noticias\/wp-json\/wp\/v2\/posts\/5902\/revisions"}],"wp:featuredmedia":[{"embeddable":true,"href":"https:\/\/wiy.com.br\/noticias\/wp-json\/wp\/v2\/media\/5903"}],"wp:attachment":[{"href":"https:\/\/wiy.com.br\/noticias\/wp-json\/wp\/v2\/media?parent=5902"}],"wp:term":[{"taxonomy":"category","embeddable":true,"href":"https:\/\/wiy.com.br\/noticias\/wp-json\/wp\/v2\/categories?post=5902"},{"taxonomy":"post_tag","embeddable":true,"href":"https:\/\/wiy.com.br\/noticias\/wp-json\/wp\/v2\/tags?post=5902"}],"curies":[{"name":"wp","href":"https:\/\/api.w.org\/{rel}","templated":true}]}}