{"id":59005,"date":"2023-02-26T15:52:50","date_gmt":"2023-02-26T18:52:50","guid":{"rendered":"https:\/\/wiy.com.br\/noticias\/daniel-alves-e-acusado-de-usar-ex-socio-para-alavancar-irmao-como-cantor\/"},"modified":"2020-09-11T11:59:52","modified_gmt":"2020-09-11T14:59:52","slug":"daniel-alves-e-acusado-de-usar-ex-socio-para-alavancar-irmao-como-cantor","status":"publish","type":"post","link":"https:\/\/wiy.com.br\/noticias\/daniel-alves-e-acusado-de-usar-ex-socio-para-alavancar-irmao-como-cantor\/","title":{"rendered":"Daniel Alves \u00e9 acusado de usar ex-s\u00f3cio para alavancar irm\u00e3o como cantor"},"content":{"rendered":"<p> <br \/>\n<\/p>\n<p>O jogador <strong>Daniel Alves<\/strong> \u00e9 acusado por um ex-s\u00f3cio, o produtor musical <strong>Giuliano Matheus<\/strong>, de us\u00e1-lo para alavancar a carreira do irm\u00e3o, o cantor de forr\u00f3 <strong>Ney Alves<\/strong>.<\/p>\n<p>Matheus diz ter sido afastado da empresa Forevermusic, e agora cobra a multa contratual, de 15 milh\u00f5es de reais. \u201cO intuito do s\u00f3cio Daniel Alves foi o de aproveitar-se do conhecimento do autor para transformar seu desconhecido irm\u00e3o em um m\u00fasico reconhecido\u201d, diz a defesa do acusador. Na contesta\u00e7\u00e3o, o jogador do S\u00e3o Paulo diz que a hist\u00f3ria n\u00e3o \u00e9 bem assim, pois afirma ter gasto 8 milh\u00f5es de reais com a empresa, mas o dinheiro era desviado para outros fins, como gastos pessoais de Matheus. Enquanto os ex-s\u00f3cios discutem, a empresa \u00e9 acionada na Justi\u00e7a por emiss\u00e3o de dois cheques sem fundo, que totalizam 34 000 reais. Procuradas, as duas partes n\u00e3o responderam.<\/p>\n<p>&nbsp;<\/p>\n<h3><strong>+<a href=\"https:\/\/abr.ai\/assine-vejasp\" target=\"_blank\" data-saferedirecturl=\"https:\/\/www.google.com\/url?q=https:\/\/abr.ai\/assine-vejasp&amp;source=gmail&amp;ust=1593152572023000&amp;usg=AFQjCNGW7k1LdRfZbSPTigRVEkA_lYWwbg\" rel=\"noopener noreferrer\">Assine a Vejinha a partir de 6,90<\/a><\/strong><\/h3>\n<p><strong>Publicado em VEJA S\u00c3O PAULO de 16 de setembro de 2020, edi\u00e7\u00e3o n\u00ba 2704.<\/strong><\/p>\n<div class=\"block related-posts\">\n<ul class=\"block-menu\">\n<li data-tab=\"tab-1\" class=\"active\">Relacionadas<\/li>\n<li data-tab=\"tab-2\">Mais Lidas<\/li>\n<\/ul>\n<div id=\"tab-1\" class=\"block-content active\">\n<div class=\"row\">\n<li class=\"widget-news-item without-thumb with-border\">\n<div class=\"widget-news-info\"><a href=\"http:\/\/vejasp.abril.com.br\/cidades\">Cidades<\/a><span class=\"widget-news-item-title\"><a href=\"https:\/\/vejasp.abril.com.br\/blog\/terraco-paulistano\/projeto-fotografico-revela-cara-da-vila-buarque-com-centenas-de-retratos\/\">Projeto fotogr\u00e1fico revela &#8216;cara&#8217; da Vila Buarque com centenas de retratos<\/a><\/span><span class=\"widget-news-item-date\">4 set 2020 &#8211; 06h09<\/span><\/div>\n<\/li>\n<li class=\"widget-news-item without-thumb with-border\">\n<div class=\"widget-news-info\"><a href=\"http:\/\/vejasp.abril.com.br\/cultura-lazer\">Cultura &amp; Lazer<\/a><span class=\"widget-news-item-title\"><a href=\"https:\/\/vejasp.abril.com.br\/blog\/terraco-paulistano\/arquiteto-mineiro-vende-quadros-de-edificios-famosos-feitos-com-tecido\/\">Arquiteto mineiro vende quadros de edif\u00edcios famosos feitos com tecido<\/a><\/span><span class=\"widget-news-item-date\">4 set 2020 &#8211; 06h09<\/span><\/div>\n<\/li>\n<li class=\"widget-news-item without-thumb with-border\">\n<div class=\"widget-news-info\"><a href=\"http:\/\/vejasp.abril.com.br\/cidades\">Cidades<\/a><span class=\"widget-news-item-title\"><a href=\"https:\/\/vejasp.abril.com.br\/blog\/terraco-paulistano\/jornalista-processa-sergio-camargo-apos-ser-xingado-e-bloqueado-no-twitter\/\">Jornalista processa S\u00e9rgio Camargo ap\u00f3s ser xingado e bloqueado no Twitter<\/a><\/span><span class=\"widget-news-item-date\">4 set 2020 &#8211; 06h09<\/span><\/div>\n<\/li>\n<li class=\"widget-news-item without-thumb with-border\">\n<div class=\"widget-news-info\"><a href=\"http:\/\/vejasp.abril.com.br\/cultura-lazer\">Cultura &amp; Lazer<\/a><span class=\"widget-news-item-title\"><a href=\"https:\/\/vejasp.abril.com.br\/blog\/terraco-paulistano\/paulistano-ensina-clientes-exercitarem-olfato-e-encontrar-perfume-favorito\/\">Olfato apurado: especialista ajuda clientes a descobrir o perfume favorito<\/a><\/span><span class=\"widget-news-item-date\">28 ago 2020 &#8211; 06h08<\/span><\/div>\n<\/li>\n<\/div>\n<\/div>\n<div id=\"tab-2\" class=\"block-content\">\n<div class=\"row\">\n<div class=\"col-s-12 col-l-3\"><a href=\"https:\/\/vejasp.abril.com.br\/cidades\/frio-neve-sao-paulo-agosto-previsao-tempo\/\" class=\"card\"><span class=\"category hide-s\">Cidades<\/span><img title = \"[Tags]\"data-src=\"https:\/\/vejasp.abril.com.br\/wp-content\/uploads\/2017\/07\/inverno-2017-sp-02.jpg?quality=70&amp;strip=info&amp;w=294&amp;h=200&amp;crop=1\"alt = \"inverno-2017-sp-02 Daniel Alves \u00e9 acusado de usar ex-s\u00f3cio para alavancar irm\u00e3o como cantor\" class=\"lazyload media\" style=\"max-width:100%\"><span class=\"category hide-l\">Cidades<\/span><span class=\"title\"><strong>1<\/strong>Neve em S\u00e3o Paulo: forte frente fria pode provocar fen\u00f4meno no estado<\/span><\/a><\/div>\n<div class=\"col-s-12 col-l-3\"><a href=\"https:\/\/vejasp.abril.com.br\/cultura-lazer\/ana-paula-arosio-mirim\/\" class=\"card\"><span class=\"category hide-s\">Cultura &amp; Lazer<\/span><img title = \"[Tags]\"data-src=\"https:\/\/vejasp.abril.com.br\/wp-content\/uploads\/2016\/11\/16928_ana-paula-embratel2.jpeg?quality=70&amp;strip=info&amp;w=294&amp;h=200&amp;crop=1\"alt = \"inverno-2017-sp-02 Daniel Alves \u00e9 acusado de usar ex-s\u00f3cio para alavancar irm\u00e3o como cantor\" class=\"lazyload media\" style=\"max-width:100%\"><span class=\"category hide-l\">Cultura &amp; Lazer<\/span><span class=\"title\"><strong>2<\/strong>&#039;Mini Ana Paula Ar\u00f3sio\u2019 j\u00e1 tem 20 anos e continua parecida com a atriz<\/span><\/a><\/div>\n<div class=\"col-s-12 col-l-3\"><a href=\"https:\/\/vejasp.abril.com.br\/cultura-lazer\/eu-me-apaixonei-pelo-homem-que-me-assaltou\/\" class=\"card\"><span class=\"category hide-s\">Cultura &amp; Lazer<\/span><img title = \"[Tags]\"data-src=\"https:\/\/vejasp.abril.com.br\/wp-content\/uploads\/2020\/08\/Nosso-Louco-Amor-Lana-e-Emerson.jpg?quality=70&amp;strip=info&amp;w=294&amp;h=200&amp;crop=1\"alt = \"inverno-2017-sp-02 Daniel Alves \u00e9 acusado de usar ex-s\u00f3cio para alavancar irm\u00e3o como cantor\" class=\"lazyload media\" style=\"max-width:100%\"><span class=\"category hide-l\">Cultura &amp; Lazer<\/span><span class=\"title\"><strong>3<\/strong>\u201cEu me apaixonei pelo homem que me assaltou\u201d<\/span><\/a><\/div>\n<div class=\"col-s-12 col-l-3\"><a href=\"https:\/\/vejasp.abril.com.br\/blog\/pop\/neta-de-vera-fischer-em-8220-lacos-de-familia-8221-cresceu-e-se-prepara-para-prestar-o-primeiro-vestibular\/\" class=\"card\"><span class=\"category hide-s\">Cultura &amp; Lazer<\/span><img title = \"[Tags]\"data-src=\"https:\/\/vejasp.abril.com.br\/wp-content\/uploads\/2015\/10\/juliamaggessi.jpg?quality=70&amp;strip=info&amp;crop=0px%2C39px%2C475px%2C323px&amp;resize=294%2C200\"alt = \"inverno-2017-sp-02 Daniel Alves \u00e9 acusado de usar ex-s\u00f3cio para alavancar irm\u00e3o como cantor\" class=\"lazyload media\" style=\"max-width:100%\"><span class=\"category hide-l\">Cultura &amp; Lazer<\/span><span class=\"title\"><strong>4<\/strong>Lembra dela? Neta de Vera Fischer em \u201cLa\u00e7os de Fam\u00edlia&quot; j\u00e1 tem 22 anos<\/span><\/a><\/div>\n<\/div>\n<\/div>\n<\/div>\n<p><br \/>\n<br \/><a href=\"https:\/\/vejasp.abril.com.br\/blog\/terraco-paulistano\/daniel-alves-e-acusado-de-usar-ex-socio-para-alavancar-a-carreira-do-irmao\/\">Fonte do Artigo <\/a><br \/>\nTags:<br \/>\n#loterias #loteriascaixa #megasena #resultadoapostas#noticias #noticiario  #noticia #brasil #noticiascolombia #mundo #esporte #colombia #noticiadeld #ltimasnoticias  #noticiario #noticiasregionales #noticiasdepartamentales #noticiashoy #esportes #noticiaahora #elinformantenoticias #noticiasdeboyac  #esporteinterativo #esportivo #diariodosesportes  #noticiero  #jogodefutebol #jogos #loto #apostas<\/p>\n","protected":false},"excerpt":{"rendered":"<p>O jogador Daniel Alves \u00e9 acusado por um ex-s\u00f3cio, o produtor musical Giuliano Matheus, de us\u00e1-lo para alavancar a carreira do irm\u00e3o, o cantor de forr\u00f3 Ney Alves. Matheus diz ter sido afastado da empresa Forevermusic, e agora cobra a multa contratual, de 15 milh\u00f5es de reais. \u201cO intuito do s\u00f3cio Daniel Alves foi o [&hellip;]<\/p>\n","protected":false},"author":1,"featured_media":59006,"comment_status":"open","ping_status":"open","sticky":false,"template":"","format":"standard","meta":{"footnotes":""},"categories":[1],"tags":[],"class_list":["post-59005","post","type-post","status-publish","format-standard","has-post-thumbnail","hentry","category-curso-de-copy"],"_links":{"self":[{"href":"https:\/\/wiy.com.br\/noticias\/wp-json\/wp\/v2\/posts\/59005","targetHints":{"allow":["GET"]}}],"collection":[{"href":"https:\/\/wiy.com.br\/noticias\/wp-json\/wp\/v2\/posts"}],"about":[{"href":"https:\/\/wiy.com.br\/noticias\/wp-json\/wp\/v2\/types\/post"}],"author":[{"embeddable":true,"href":"https:\/\/wiy.com.br\/noticias\/wp-json\/wp\/v2\/users\/1"}],"replies":[{"embeddable":true,"href":"https:\/\/wiy.com.br\/noticias\/wp-json\/wp\/v2\/comments?post=59005"}],"version-history":[{"count":0,"href":"https:\/\/wiy.com.br\/noticias\/wp-json\/wp\/v2\/posts\/59005\/revisions"}],"wp:featuredmedia":[{"embeddable":true,"href":"https:\/\/wiy.com.br\/noticias\/wp-json\/wp\/v2\/media\/59006"}],"wp:attachment":[{"href":"https:\/\/wiy.com.br\/noticias\/wp-json\/wp\/v2\/media?parent=59005"}],"wp:term":[{"taxonomy":"category","embeddable":true,"href":"https:\/\/wiy.com.br\/noticias\/wp-json\/wp\/v2\/categories?post=59005"},{"taxonomy":"post_tag","embeddable":true,"href":"https:\/\/wiy.com.br\/noticias\/wp-json\/wp\/v2\/tags?post=59005"}],"curies":[{"name":"wp","href":"https:\/\/api.w.org\/{rel}","templated":true}]}}