{"id":58950,"date":"2023-02-26T15:05:55","date_gmt":"2023-02-26T18:05:55","guid":{"rendered":"https:\/\/wiy.com.br\/noticias\/brasileira-morre-ao-cair-em-poco-de-elevador-na-argentina\/"},"modified":"2020-09-10T12:30:22","modified_gmt":"2020-09-10T15:30:22","slug":"brasileira-morre-ao-cair-em-poco-de-elevador-na-argentina","status":"publish","type":"post","link":"https:\/\/wiy.com.br\/noticias\/brasileira-morre-ao-cair-em-poco-de-elevador-na-argentina\/","title":{"rendered":"Brasileira morre ao cair em po\u00e7o de elevador na Argentina"},"content":{"rendered":"<p> <br \/>\n<\/p>\n<p><span><strong>Ana Karolina Lara Ferreira Fernandez<\/strong>, 22, <strong>morreu em Buenos Aires, ap\u00f3s cair do 13\u00b0 andar no po\u00e7o de um elevador na \u00faltima sexta-feira<\/strong> (4). A jovem tinha se mudado para a Argentina havia quatro anos para estudar medicina na Universidade de Buenos Aires.<\/span><\/p>\n<p><span>De acordo com a m\u00e3e de Ana, a empres\u00e1ria <\/span>Silvana Lara Ferreira, <span>a filha foi visitar alguns amigos para comemorar a boa nota em uma prova da faculdade. Na hora de ir embora, ela chamou o elevador e, ao abrir as portas, <strong>ela entrou sem perceber que o transportador n\u00e3o <\/strong><\/span><strong>estava parado no andar.<\/strong><\/p>\n<p><span>&#8220;Ela estava feliz porque havia acertado todas as quest\u00f5es da prova de patologia e foi comemorar com os amigos. Foi uma fatalidade. N\u00e3o h\u00e1 sentimento que explique o que estamos vivendo. Tem momento que parece que \u00e9 mentira. \u00c9 uma dor terr\u00edvel&#8221;, conta Silvana, que mora em Chapad\u00e3o do C\u00e9u, em Goi\u00e1s.<\/span><\/p>\n<p><span>Familiares e amigos de Ana criaram duas campanhas nas redes sociais para arrecadar dinheiro suficiente para trazer o corpo de volta ao Brasil. <\/span>O valor do translado da capital argentina at\u00e9 S\u00e3o Paulo \u00e9 de 5 000 d\u00f3lares (cerca de 28 000 reais), <strong>que foi arrecadado em menos de 12 horas<\/strong>.<\/p>\n<div class=\"ads post-ads\"><span class=\"title\">Continua ap\u00f3s a publicidade<\/span><\/p>\n<div id=\"abrAD_rectangle2\" class=\"abrAD\" data-ad-><\/div>\n<\/div>\n<p><span>&#8220;Isso mostra a solidariedade e amor ao pr\u00f3ximo.\u00a0<\/span><span class=\"highlight highlighted\">Gratid\u00e3o \u00e9 a palavra de hoje<\/span><span>, nada podemos fazer para retribuir esse amor e ajuda que tivemos e estamos tendo de todos, apenas pedir que seja multiplicado na vida de cada um que contribuiu e tem orado por todos&#8221;, publicou Silvana.<\/span><\/p>\n<p><span>Ao <strong>G1<\/strong>,\u00a0a m\u00e3e explica que ainda est\u00e1 lidando com a parte burocr\u00e1tica do translado. &#8220;Agora depende da documenta\u00e7\u00e3o para a libera\u00e7\u00e3o, algo que estamos correndo atr\u00e1s. Um parente foi para S\u00e3o Paulo para tentar agilizar as coisas&#8221;.<\/span><\/p>\n<div class=\"block related-posts\">\n<ul class=\"block-menu\">\n<li data-tab=\"tab-1\" class=\"active\">Relacionadas<\/li>\n<li data-tab=\"tab-2\">Mais Lidas<\/li>\n<\/ul>\n<div id=\"tab-1\" class=\"block-content active\">\n<div class=\"row\">\n<li class=\"widget-news-item without-thumb with-border\">\n<div class=\"widget-news-info\"><a href=\"http:\/\/vejasp.abril.com.br\/comida-bebida\">Comida &amp; Bebida<\/a><span class=\"widget-news-item-title\"><a href=\"https:\/\/vejasp.abril.com.br\/comida-bebida\/cinnamon-roll-onde-provar\/\">Cinco endere\u00e7os para provar o cinnamon roll<\/a><\/span><span class=\"widget-news-item-date\">4 set 2020 &#8211; 06h09<\/span><\/div>\n<\/li>\n<li class=\"widget-news-item without-thumb with-border\">\n<div class=\"widget-news-info\"><a href=\"http:\/\/vejasp.abril.com.br\/cultura-lazer\">Cultura &amp; Lazer<\/a><span class=\"widget-news-item-title\"><a href=\"https:\/\/vejasp.abril.com.br\/cultura-lazer\/acham-que-ela-e-minha-mae-mas-nao-nos-importamos\/\">\u201cAcham que ela \u00e9 minha m\u00e3e, mas n\u00e3o nos importamos\u201d<\/a><\/span><span class=\"widget-news-item-date\">4 set 2020 &#8211; 06h09<\/span><\/div>\n<\/li>\n<li class=\"widget-news-item without-thumb with-border\">\n<div class=\"widget-news-info\"><a href=\"http:\/\/vejasp.abril.com.br\/cidades\">Cidades<\/a><span class=\"widget-news-item-title\"><a href=\"https:\/\/vejasp.abril.com.br\/cidades\/fotos-de-sao-paulo-vazia-no-inicio-da-quarentena-viram-exposicao\/\">Fotos de S\u00e3o Paulo vazia no in\u00edcio da quarentena viram exposi\u00e7\u00e3o<\/a><\/span><span class=\"widget-news-item-date\">4 set 2020 &#8211; 06h09<\/span><\/div>\n<\/li>\n<li class=\"widget-news-item without-thumb with-border\">\n<div class=\"widget-news-info\"><a href=\"http:\/\/vejasp.abril.com.br\/cidades\">Cidades<\/a><span class=\"widget-news-item-title\"><a href=\"https:\/\/vejasp.abril.com.br\/cidades\/capa-padre-julio-lancellotti-pandemia\/\">J\u00falio Lancellotti v\u00ea a popularidade (e os problemas) crescerem na pandemia<\/a><\/span><span class=\"widget-news-item-date\">4 set 2020 &#8211; 06h09<\/span><\/div>\n<\/li>\n<\/div>\n<\/div>\n<div id=\"tab-2\" class=\"block-content\">\n<div class=\"row\">\n<div class=\"col-s-12 col-l-3\"><a href=\"https:\/\/vejasp.abril.com.br\/cidades\/frio-neve-sao-paulo-agosto-previsao-tempo\/\" class=\"card\"><span class=\"category hide-s\">Cidades<\/span><img title = \"[Tags]\"data-src=\"https:\/\/vejasp.abril.com.br\/wp-content\/uploads\/2017\/07\/inverno-2017-sp-02.jpg?quality=70&amp;strip=info&amp;w=294&amp;h=200&amp;crop=1\"alt = \"inverno-2017-sp-02 Brasileira morre ao cair em po\u00e7o de elevador na Argentina\" class=\"lazyload media\" style=\"max-width:100%\"><span class=\"category hide-l\">Cidades<\/span><span class=\"title\"><strong>1<\/strong>Neve em S\u00e3o Paulo: forte frente fria pode provocar fen\u00f4meno no estado<\/span><\/a><\/div>\n<div class=\"col-s-12 col-l-3\"><a href=\"https:\/\/vejasp.abril.com.br\/cultura-lazer\/ana-paula-arosio-mirim\/\" class=\"card\"><span class=\"category hide-s\">Cultura &amp; Lazer<\/span><img title = \"[Tags]\"data-src=\"https:\/\/vejasp.abril.com.br\/wp-content\/uploads\/2016\/11\/16928_ana-paula-embratel2.jpeg?quality=70&amp;strip=info&amp;w=294&amp;h=200&amp;crop=1\"alt = \"inverno-2017-sp-02 Brasileira morre ao cair em po\u00e7o de elevador na Argentina\" class=\"lazyload media\" style=\"max-width:100%\"><span class=\"category hide-l\">Cultura &amp; Lazer<\/span><span class=\"title\"><strong>2<\/strong>&#039;Mini Ana Paula Ar\u00f3sio\u2019 j\u00e1 tem 20 anos e continua parecida com a atriz<\/span><\/a><\/div>\n<div class=\"col-s-12 col-l-3\"><a href=\"https:\/\/vejasp.abril.com.br\/cultura-lazer\/eu-me-apaixonei-pelo-homem-que-me-assaltou\/\" class=\"card\"><span class=\"category hide-s\">Cultura &amp; Lazer<\/span><img title = \"[Tags]\"data-src=\"https:\/\/vejasp.abril.com.br\/wp-content\/uploads\/2020\/08\/Nosso-Louco-Amor-Lana-e-Emerson.jpg?quality=70&amp;strip=info&amp;w=294&amp;h=200&amp;crop=1\"alt = \"inverno-2017-sp-02 Brasileira morre ao cair em po\u00e7o de elevador na Argentina\" class=\"lazyload media\" style=\"max-width:100%\"><span class=\"category hide-l\">Cultura &amp; Lazer<\/span><span class=\"title\"><strong>3<\/strong>\u201cEu me apaixonei pelo homem que me assaltou\u201d<\/span><\/a><\/div>\n<div class=\"col-s-12 col-l-3\"><a href=\"https:\/\/vejasp.abril.com.br\/blog\/pop\/neta-de-vera-fischer-em-8220-lacos-de-familia-8221-cresceu-e-se-prepara-para-prestar-o-primeiro-vestibular\/\" class=\"card\"><span class=\"category hide-s\">Cultura &amp; Lazer<\/span><img title = \"[Tags]\"data-src=\"https:\/\/vejasp.abril.com.br\/wp-content\/uploads\/2015\/10\/juliamaggessi.jpg?quality=70&amp;strip=info&amp;crop=0px%2C39px%2C475px%2C323px&amp;resize=294%2C200\"alt = \"inverno-2017-sp-02 Brasileira morre ao cair em po\u00e7o de elevador na Argentina\" class=\"lazyload media\" style=\"max-width:100%\"><span class=\"category hide-l\">Cultura &amp; Lazer<\/span><span class=\"title\"><strong>4<\/strong>Lembra dela? Neta de Vera Fischer em \u201cLa\u00e7os de Fam\u00edlia&quot; j\u00e1 tem 22 anos<\/span><\/a><\/div>\n<\/div>\n<\/div>\n<\/div>\n<p><strong>+<a href=\"https:\/\/abr.ai\/assine-vejasp\" target=\"_blank\" data-saferedirecturl=\"https:\/\/www.google.com\/url?q=https:\/\/abr.ai\/assine-vejasp&amp;source=gmail&amp;ust=1599830565255000&amp;usg=AFQjCNHygNP06rFVuFmNsHNjcezikK7GtQ\" rel=\"noopener noreferrer\">Assine a Vejinha a partir de 6,90<\/a><span>\u00a0<\/span><\/strong><\/p>\n<p><br \/>\n<br \/><a href=\"https:\/\/vejasp.abril.com.br\/cidades\/brasileira-morre-elevador\/\">Fonte do Artigo <\/a><br \/>\nTags:<br \/>\n#loterias #loteriascaixa #megasena #resultadoapostas#noticias #noticiario  #noticia #brasil #noticiascolombia #mundo #esporte #colombia #noticiadeld #ltimasnoticias  #noticiario #noticiasregionales #noticiasdepartamentales #noticiashoy #esportes #noticiaahora #elinformantenoticias #noticiasdeboyac  #esporteinterativo #esportivo #diariodosesportes  #noticiero  #jogodefutebol #jogos #loto #apostas<\/p>\n","protected":false},"excerpt":{"rendered":"<p>Ana Karolina Lara Ferreira Fernandez, 22, morreu em Buenos Aires, ap\u00f3s cair do 13\u00b0 andar no po\u00e7o de um elevador na \u00faltima sexta-feira (4). A jovem tinha se mudado para a Argentina havia quatro anos para estudar medicina na Universidade de Buenos Aires. De acordo com a m\u00e3e de Ana, a empres\u00e1ria Silvana Lara Ferreira, [&hellip;]<\/p>\n","protected":false},"author":1,"featured_media":58951,"comment_status":"open","ping_status":"open","sticky":false,"template":"","format":"standard","meta":{"footnotes":""},"categories":[1],"tags":[],"class_list":["post-58950","post","type-post","status-publish","format-standard","has-post-thumbnail","hentry","category-curso-de-copy"],"_links":{"self":[{"href":"https:\/\/wiy.com.br\/noticias\/wp-json\/wp\/v2\/posts\/58950","targetHints":{"allow":["GET"]}}],"collection":[{"href":"https:\/\/wiy.com.br\/noticias\/wp-json\/wp\/v2\/posts"}],"about":[{"href":"https:\/\/wiy.com.br\/noticias\/wp-json\/wp\/v2\/types\/post"}],"author":[{"embeddable":true,"href":"https:\/\/wiy.com.br\/noticias\/wp-json\/wp\/v2\/users\/1"}],"replies":[{"embeddable":true,"href":"https:\/\/wiy.com.br\/noticias\/wp-json\/wp\/v2\/comments?post=58950"}],"version-history":[{"count":0,"href":"https:\/\/wiy.com.br\/noticias\/wp-json\/wp\/v2\/posts\/58950\/revisions"}],"wp:featuredmedia":[{"embeddable":true,"href":"https:\/\/wiy.com.br\/noticias\/wp-json\/wp\/v2\/media\/58951"}],"wp:attachment":[{"href":"https:\/\/wiy.com.br\/noticias\/wp-json\/wp\/v2\/media?parent=58950"}],"wp:term":[{"taxonomy":"category","embeddable":true,"href":"https:\/\/wiy.com.br\/noticias\/wp-json\/wp\/v2\/categories?post=58950"},{"taxonomy":"post_tag","embeddable":true,"href":"https:\/\/wiy.com.br\/noticias\/wp-json\/wp\/v2\/tags?post=58950"}],"curies":[{"name":"wp","href":"https:\/\/api.w.org\/{rel}","templated":true}]}}