{"id":58916,"date":"2023-02-26T15:31:39","date_gmt":"2023-02-26T18:31:39","guid":{"rendered":"https:\/\/wiy.com.br\/noticias\/vai-ferver-sao-paulo-pode-bater-recorde-de-calor-no-fim-de-semana\/"},"modified":"2020-09-09T20:11:03","modified_gmt":"2020-09-09T23:11:03","slug":"vai-ferver-sao-paulo-pode-bater-recorde-de-calor-no-fim-de-semana","status":"publish","type":"post","link":"https:\/\/wiy.com.br\/noticias\/vai-ferver-sao-paulo-pode-bater-recorde-de-calor-no-fim-de-semana\/","title":{"rendered":"Vai ferver: S\u00e3o Paulo pode bater recorde de calor no fim de semana"},"content":{"rendered":"<p> <br \/>\n<\/p>\n<p>S\u00e3o Paulo deve ter temperaturas bastante elevadas durante o fim de semana. De acordo com o Climatempo, os term\u00f4metros podem chegar aos 34 graus no s\u00e1bado e aos 33 no domingo no estado. <strong>Este pode ser um fim de semana de calor recorde para o ano<\/strong>. O dia mais quente de 2020 at\u00e9 agora foi 27 de janeiro, com <span>33,7 graus.\u00a0<\/span><\/p>\n<p>A umidade relativa do ar tamb\u00e9m \u00e9 um ponto de aten\u00e7\u00e3o, podendo ficar abaixo de 30% e 20%. A orienta\u00e7\u00e3o \u00e9 evitar exposi\u00e7\u00e3o ao sol nos hor\u00e1rios de calor intenso e se hidratar bastante. Com o tempo seco, a polui\u00e7\u00e3o tamb\u00e9m deve aumentar.<\/p>\n<p>Com o solst\u00edcio de inverno se afastando, os dias ficam ganham cada vez mais tempo de sol. Com baixa umidade do ar, poucas nuvens no c\u00e9u e mais horas de luz, a temperatura sobe mais rapidamente.<\/p>\n<h3>Confira a previs\u00e3o:<\/h3>\n<p>Quinta-feira (10): Sol com algumas nuvens, mas sem chuva. M\u00ednima de 16\u00baC e m\u00e1xima de 32\u00baC<\/p>\n<div class=\"ads post-ads\"><span class=\"title\">Continua ap\u00f3s a publicidade<\/span><\/p>\n<div id=\"abrAD_rectangle2\" class=\"abrAD\" data-ad-><\/div>\n<\/div>\n<p>Sexta-feira (11): Sol com algumas nuvens, mas sem chuva. M\u00ednima de 17\u00baC e m\u00e1xima de 33\u00baC<\/p>\n<p>S\u00e1bado (12): Sol o dia todo sem nuvens. Noite de tempo aberto. M\u00ednima de 18\u00baC e m\u00e1xima de 34\u00baC<\/p>\n<p>Domingo (13): Sol o dia todo sem nuvens. Noite de tempo aberto. M\u00ednima de 19\u00baC e m\u00e1xima de 33\u00baC<\/p>\n<p><br \/>\n<br \/><a href=\"https:\/\/vejasp.abril.com.br\/cidades\/recorde-calor-fim-de-semana\/\">Fonte do Artigo <\/a><br \/>\nTags:<br \/>\n#loterias #loteriascaixa #megasena #resultadoapostas#noticias #noticiario  #noticia #brasil #noticiascolombia #mundo #esporte #colombia #noticiadeld #ltimasnoticias  #noticiario #noticiasregionales #noticiasdepartamentales #noticiashoy #esportes #noticiaahora #elinformantenoticias #noticiasdeboyac  #esporteinterativo #esportivo #diariodosesportes  #noticiero  #jogodefutebol #jogos #loto #apostas<\/p>\n","protected":false},"excerpt":{"rendered":"<p>S\u00e3o Paulo deve ter temperaturas bastante elevadas durante o fim de semana. De acordo com o Climatempo, os term\u00f4metros podem chegar aos 34 graus no s\u00e1bado e aos 33 no domingo no estado. Este pode ser um fim de semana de calor recorde para o ano. O dia mais quente de 2020 at\u00e9 agora foi [&hellip;]<\/p>\n","protected":false},"author":1,"featured_media":58917,"comment_status":"open","ping_status":"open","sticky":false,"template":"","format":"standard","meta":{"footnotes":""},"categories":[1],"tags":[],"class_list":["post-58916","post","type-post","status-publish","format-standard","has-post-thumbnail","hentry","category-curso-de-copy"],"_links":{"self":[{"href":"https:\/\/wiy.com.br\/noticias\/wp-json\/wp\/v2\/posts\/58916","targetHints":{"allow":["GET"]}}],"collection":[{"href":"https:\/\/wiy.com.br\/noticias\/wp-json\/wp\/v2\/posts"}],"about":[{"href":"https:\/\/wiy.com.br\/noticias\/wp-json\/wp\/v2\/types\/post"}],"author":[{"embeddable":true,"href":"https:\/\/wiy.com.br\/noticias\/wp-json\/wp\/v2\/users\/1"}],"replies":[{"embeddable":true,"href":"https:\/\/wiy.com.br\/noticias\/wp-json\/wp\/v2\/comments?post=58916"}],"version-history":[{"count":0,"href":"https:\/\/wiy.com.br\/noticias\/wp-json\/wp\/v2\/posts\/58916\/revisions"}],"wp:featuredmedia":[{"embeddable":true,"href":"https:\/\/wiy.com.br\/noticias\/wp-json\/wp\/v2\/media\/58917"}],"wp:attachment":[{"href":"https:\/\/wiy.com.br\/noticias\/wp-json\/wp\/v2\/media?parent=58916"}],"wp:term":[{"taxonomy":"category","embeddable":true,"href":"https:\/\/wiy.com.br\/noticias\/wp-json\/wp\/v2\/categories?post=58916"},{"taxonomy":"post_tag","embeddable":true,"href":"https:\/\/wiy.com.br\/noticias\/wp-json\/wp\/v2\/tags?post=58916"}],"curies":[{"name":"wp","href":"https:\/\/api.w.org\/{rel}","templated":true}]}}