{"id":58681,"date":"2023-02-26T14:59:34","date_gmt":"2023-02-26T17:59:34","guid":{"rendered":"https:\/\/wiy.com.br\/noticias\/temos-de-avaliar-uma-moratoria-na-cidade-diz-orlando-silva-do-pcdob\/"},"modified":"2020-09-04T15:53:10","modified_gmt":"2020-09-04T18:53:10","slug":"temos-de-avaliar-uma-moratoria-na-cidade-diz-orlando-silva-do-pcdob","status":"publish","type":"post","link":"https:\/\/wiy.com.br\/noticias\/temos-de-avaliar-uma-moratoria-na-cidade-diz-orlando-silva-do-pcdob\/","title":{"rendered":"\u201cTemos de avaliar uma morat\u00f3ria na cidade\u201d, diz Orlando Silva, do PCdoB"},"content":{"rendered":"<p> <br \/>\n<\/p>\n<p><strong>O PCdoB esteve ao lado do PT nas \u00faltimas oito elei\u00e7\u00f5es na cidade. Seu partido cansou de alian\u00e7as com os petistas? <\/strong><\/p>\n<p>Passou da hora de o PCdoB ter candidatura pr\u00f3pria. J\u00e1 hav\u00edamos ensaiado antes com Netinho de Paula e Aldo Rebelo, mas no \u00faltimo momento a turma desistiu. No come\u00e7o da conversa, disse que toparia disputar, mas desde que fosse para ir at\u00e9 o fim. Temos de ter projetos pr\u00f3prios. O primeiro turno \u00e9 da posi\u00e7\u00e3o, de projeto. O segundo \u00e9 da exclus\u00e3o.<\/p>\n<p><strong>Aceitaria uma pr\u00e9via entre Guilherme Boulos (Psol) e Jilmar Tatto (PT), como sugeriu o candidato petista, para unir a esquerda na capital? <\/strong><\/p>\n<p>O Tatto \u00e9 muito meu amigo, mas ele est\u00e1 tentando criar factoides para dar um oxig\u00eanio, um g\u00e1s, \u00e0 campanha dele, pois tem muita gente no PT costeando o alambrado para pular a cerca. Fazer uma vota\u00e7\u00e3o dessas \u00e9 fora de prop\u00f3sito. Parece at\u00e9 uma provoca\u00e7\u00e3o.<\/p>\n<p><strong>Quais seus planos para enfrentar a crise econ\u00f4mica provocada pelo coronav\u00edrus? <\/strong><\/p>\n<div class=\"ads post-ads\"><span class=\"title\">Continua ap\u00f3s a publicidade<\/span><\/p>\n<div id=\"abrAD_rectangle2\" class=\"abrAD\" data-ad-><\/div>\n<\/div>\n<p>O rastro de destrui\u00e7\u00e3o que a Covid-19 vai deixar na economia ser\u00e1 enorme. O n\u00edvel de desemprego \u00e9 grande, mas n\u00e3o sentimos o impacto imediato por causa do aux\u00edlio emergencial. \u00c9 necess\u00e1rio foco total para criarmos espa\u00e7o no or\u00e7amento p\u00fablico. A situa\u00e7\u00e3o requer medidas extraordin\u00e1rias, como a renegocia\u00e7\u00e3o de contratos e a suspens\u00e3o do pagamento de alguns deles. N\u00e3o temos alternativas.<\/p>\n<p><strong>O senhor sugere uma morat\u00f3ria? Isso n\u00e3o poderia ocasionar uma instabilidade econ\u00f4mica ainda maior? <\/strong><\/p>\n<p>Temos de avaliar uma morat\u00f3ria na cidade, sim. O que cria instabilidade \u00e9 o drama social. Tenho certeza de que muitas empresas que atuam com a administra\u00e7\u00e3o da cidade t\u00eam consci\u00eancia da dificuldade da prefeitura. N\u00e3o vamos romper, mas podemos ter uma composi\u00e7\u00e3o com as empresas para que cada uma d\u00ea uma colabora\u00e7\u00e3o \u00e0s pessoas. A situa\u00e7\u00e3o \u00e9 muito cr\u00edtica e \u00e9 poss\u00edvel fazer um acordo a favor de S\u00e3o Paulo e gerar mais empregos.<\/p>\n<p><strong>+<a href=\"https:\/\/abr.ai\/assine-vejasp\" target=\"_blank\" data-saferedirecturl=\"https:\/\/www.google.com\/url?q=https:\/\/abr.ai\/assine-vejasp&amp;source=gmail&amp;ust=1593768040956000&amp;usg=AFQjCNF5zpXoQd2KpzpsuhmsXGBC6yJI_Q\" rel=\"noopener noreferrer\">Assine a Vejinha a partir de 6,90<\/a><\/strong><\/p>\n<div class=\"ads post-ads\"><span class=\"title\">Continua ap\u00f3s a publicidade<\/span><\/p>\n<div id=\"abrAD_rectangle5\" class=\"abrAD\" data-ad-><\/div>\n<\/div>\n<p><strong>O senhor tentou barrar na Justi\u00e7a a privatiza\u00e7\u00e3o da SPTuris e do Anhembi, mas o processo foi extinto porque a licita\u00e7\u00e3o n\u00e3o saiu. O que sua gest\u00e3o far\u00e1 com o atual plano de desestatiza\u00e7\u00e3o? <\/strong><\/p>\n<div class=\"ads post-ads\"><span class=\"title\">Continua ap\u00f3s a publicidade<\/span><\/p>\n<div id=\"abrAD_rectangle3\" class=\"abrAD\" data-ad-><\/div>\n<\/div>\n<p>Essa obsess\u00e3o dos tucanos por privatiza\u00e7\u00e3o n\u00e3o faz sentido. \u00c9 poss\u00edvel fazer concess\u00f5es de algumas coisas, mas n\u00e3o liquidar tudo. S\u00e3o Paulo carece de locais de eventos, e o Anhembi precisa ser reestruturado, necessita de revitaliza\u00e7\u00e3o, n\u00e3o ser liquidado para pagar custeio, conta de luz e cafezinho.<\/p>\n<p><strong>Ent\u00e3o a sua gest\u00e3o vai rever essa e outras concess\u00f5es, como a dos cemit\u00e9rios? E as que j\u00e1 sa\u00edram, como a do Pacaembu? <\/strong><\/p>\n<p>O que tem ato jur\u00eddico perfeito, consolida\u00e7\u00e3o definida, n\u00e3o pode romper. Agora, vou suspender tudo o que est\u00e1 em curso, incluindo a concess\u00e3o de cemit\u00e9rios. Vou cancelar tudo.<\/p>\n<blockquote class=\"quote-box  with-author\">\n<p>\u201cN\u00e3o \u00e9 justo que se estabele\u00e7a uma escravid\u00e3o moderna sem nenhuma regra. A municipalidade pode estabelecer tarifas m\u00ednimas e contrapartidas\u201d<\/p>\n<div class=\"item-share-list\">\n        <a href=\"\/\/vejasp.abril.com.br\/cidades\/temos-de-avaliar-uma-moratoria-na-cidade-diz-orlando-silva\/ via VEJA S\u00c3O PAULO\" data-action=\"share\/whatsapp\/share\" class=\"item-share-list-link item-whatsapp hidden-md hidden-lg\"><i class=\"icon-whatsapp\"><\/i><\/a><br \/>\n        <a href=\"https:\/\/facebook.com\/sharer\/sharer.php?u=https:\/\/vejasp.abril.com.br\/cidades\/temos-de-avaliar-uma-moratoria-na-cidade-diz-orlando-silva\/\" target=\"_blank\" class=\"item-share-list-link item-facebook\" rel=\"noopener noreferrer\"><i class=\"icon-facebook\"><\/i><\/a><br \/>\n        <a href=\"https:\/\/twitter.com\/intent\/tweet?url=https:\/\/vejasp.abril.com.br\/cidades\/temos-de-avaliar-uma-moratoria-na-cidade-diz-orlando-silva\/&amp;text=%E2%80%9CN%C3%A3o%20%C3%A9%20justo%20que%20se%20estabele%C3%A7a%20uma%20escravid%C3%A3o%20moderna%20sem%20nenhuma%20regra.%20A%20municipalidade%20pode%20estabelecer%20tarifas%20m%C3%ADnimas%20e%20contrapartidas%E2%80%9D&amp;via=http:\/\/VejaSP\" target=\"_blank\" class=\"item-share-list-link item-twitter\" rel=\"noopener noreferrer\"><i class=\"icon-twitter\"><\/i><\/a><br \/>\n        <a href=\"mailto:?subject=%E2%80%9CN%C3%A3o%20%C3%A9%20justo%20que%20se%20estabele%C3%A7a%20uma%20escravid%C3%A3o%20moderna%20sem%20nenhuma%20regra.%20A%20municipalidade%20pode%20estabelecer%20tarifas%20m%C3%ADnimas%20e%20contrapartidas%E2%80%9D&amp;body=%25E2%2580%259CN%25C3%25A3o%2520%25C3%25A9%2520justo%2520que%2520se%2520estabele%25C3%25A7a%2520uma%2520escravid%25C3%25A3o%2520moderna%2520sem%2520nenhuma%2520regra.%2520A%2520municipalidade%2520pode%2520estabelecer%2520tarifas%2520m%25C3%25ADnimas%2520e%2520contrapartidas%25E2%2580%259D%20https%3A%2F%2Fvejasp.abril.com.br%2Fcidades%2Ftemos-de-avaliar-uma-moratoria-na-cidade-diz-orlando-silva%2F%20via%20VEJA%20S%C3%83O%20PAULO\" class=\"item-share-list-link item-email hidden-xs hidden-sm\"><i class=\"icon-envelope-o\"><\/i><\/a>\n      <\/div>\n<\/blockquote>\n<p><strong>O senhor \u00e9 a favor da volta \u00e0s aulas antes da vacina? <\/strong><\/p>\n<p>N\u00e3o, sou contra. Reconhe\u00e7o que vivemos um drama social, mas o ano letivo voc\u00ea recupera; uma vida, n\u00e3o. \u00c9 imposs\u00edvel pensar em um protocolo nas escolas, pois h\u00e1 o risco de contamina\u00e7\u00e3o das fam\u00edlias e dos professores.<\/p>\n<div class=\"ads post-ads\"><span class=\"title\">Continua ap\u00f3s a publicidade<\/span><\/p>\n<div id=\"abrAD_rectangle4\" class=\"abrAD\" data-ad-><\/div>\n<\/div>\n<p><strong>Mas para onde ir\u00e3o as crian\u00e7as enquanto os pais precisarem sair para trabalhar? <\/strong><\/p>\n<p>\u00c9 um dilema. A prefeitura poderia criar um programa emergencial para cuidadores de crian\u00e7as. Montar redes de acolhimento. Isso acontece na informalidade e a prefeitura poderia dar uma ajuda.<\/p>\n<p><strong>Reportagem da Vejinha em julho mostrou a situa\u00e7\u00e3o das \u201cm\u00e3es crecheiras\u201d, que atuam na informalidade e muitas vezes em estrutura prec\u00e1ria e insuficiente. <\/strong><\/p>\n<p>\u00c9 preciso ter um padr\u00e3o, um protocolo. O poder p\u00fablico n\u00e3o pode estimular acolhimento em m\u00e1s condi\u00e7\u00f5es, mas \u00e9 uma situa\u00e7\u00e3o excepcional. \u00c9 poss\u00edvel dar uma contribui\u00e7\u00e3o, um incentivo a elas, mas dentro de protocolos a ser criados.<\/p>\n<p><strong>+<a href=\"https:\/\/abr.ai\/assine-vejasp\" target=\"_blank\" data-saferedirecturl=\"https:\/\/www.google.com\/url?q=https:\/\/abr.ai\/assine-vejasp&amp;source=gmail&amp;ust=1593768040956000&amp;usg=AFQjCNF5zpXoQd2KpzpsuhmsXGBC6yJI_Q\" rel=\"noopener noreferrer\">Assine a Vejinha a partir de 6,90<\/a><\/strong><\/p>\n<div class=\"ads post-ads\"><span class=\"title\">Continua ap\u00f3s a publicidade<\/span><\/p>\n<div id=\"abrAD_rectangle5\" class=\"abrAD\" data-ad-><\/div>\n<\/div>\n<p><strong>Como sua gest\u00e3o vai tratar as empresas de entrega e transporte por aplicativo? <\/strong><\/p>\n<p>A economia colaborativa veio para ficar, e a prefeitura tem a obriga\u00e7\u00e3o de regulamentar os aplicativos. N\u00e3o \u00e9 justo que se estabele\u00e7a uma escravid\u00e3o moderna sem nenhuma regra. Os entregadores trabalham dezesseis, dezoito horas, sem nenhum direito trabalhista. A municipalidade pode estabelecer tarifas m\u00ednimas e contrapartidas. Com isso, podemos instalar pra\u00e7as de apoio para eles e oferecer uma boa infraestrutura.<\/p>\n<p><strong>H\u00e1 cinco opera\u00e7\u00f5es urbanas paradas na C\u00e2mara. Enquanto isso, o d\u00e9ficit de habita\u00e7\u00f5es passa de 369 000. O que sua gest\u00e3o far\u00e1 para equalizar a falta de moradias populares? <\/strong><\/p>\n<p>J\u00e1 vi estudos que apontam d\u00e9ficit de 1 milh\u00e3o de moradias na cidade. Vamos ter que multiplicar iniciativas que n\u00e3o s\u00e3o de curto prazo. As opera\u00e7\u00f5es urbanas n\u00e3o sa\u00edram por causa da crise econ\u00f4mica. Muitas empresas titulares desses projetos entraram em crise. Mas n\u00e3o podemos recuar, precisamos insistir.<\/p>\n<p><strong>Como?<\/strong><\/p>\n<div class=\"ads post-ads\"><span class=\"title\">Continua ap\u00f3s a publicidade<\/span><\/p>\n<div id=\"abrAD_rectangle6\" class=\"abrAD\" data-ad-><\/div>\n<\/div>\n<p>Assumindo a prefeitura, vou num prazo recorde incentivar uma linha r\u00e1pida para colocar investimentos na cidade. A burocracia tem de ser desestimulada. \u00c9 tanta papelada que ningu\u00e9m consegue fazer nada, sobretudo no campo imobili\u00e1rio. Teremos rapidez para licenciamento de empreendimentos.<\/p>\n<p><strong>O senhor deixou o Minist\u00e9rio do Esporte, em 2011, sob a acusa\u00e7\u00e3o de receber propina. O processo, em segredo de Justi\u00e7a, corre at\u00e9 hoje. As den\u00fancias procedem? <\/strong><\/p>\n<p>A den\u00fancia, forjada, foi ancorada em uma contraprova de uma pessoa que desapareceu do mapa. Nunca consegui notific\u00e1-lo. Foi uma farsa. Dizem que recebi dinheiro <em>(na garagem do minist\u00e9rio)<\/em>, mas o ambiente era todo filmado. Eu estava em posi\u00e7\u00e3o de destaque e era o coordenador de projetos importantes, que depois desencadearam na Copa do Mundo e na Olimp\u00edada.<\/p>\n<p><strong>Publicado em VEJA S\u00c3O PAULO de 9 de setembro de 2020, edi\u00e7\u00e3o n\u00ba 2703.<\/strong><\/p>\n<p><script async src=\"http:\/\/platform.twitter.com\/widgets.js\" charset=\"utf-8\"><\/script><br \/>\n<br \/><br \/>\n<br \/><a href=\"https:\/\/vejasp.abril.com.br\/cidades\/temos-de-avaliar-uma-moratoria-na-cidade-diz-orlando-silva\/\">Fonte do Artigo <\/a><br \/>\nTags:<br \/>\n#loterias #loteriascaixa #megasena #resultadoapostas#noticias #noticiario  #noticia #brasil #noticiascolombia #mundo #esporte #colombia #noticiadeld #ltimasnoticias  #noticiario #noticiasregionales #noticiasdepartamentales #noticiashoy #esportes #noticiaahora #elinformantenoticias #noticiasdeboyac  #esporteinterativo #esportivo #diariodosesportes  #noticiero  #jogodefutebol #jogos #loto #apostas<\/p>\n","protected":false},"excerpt":{"rendered":"<p>O PCdoB esteve ao lado do PT nas \u00faltimas oito elei\u00e7\u00f5es na cidade. Seu partido cansou de alian\u00e7as com os petistas? Passou da hora de o PCdoB ter candidatura pr\u00f3pria. J\u00e1 hav\u00edamos ensaiado antes com Netinho de Paula e Aldo Rebelo, mas no \u00faltimo momento a turma desistiu. No come\u00e7o da conversa, disse que toparia [&hellip;]<\/p>\n","protected":false},"author":1,"featured_media":58682,"comment_status":"open","ping_status":"open","sticky":false,"template":"","format":"standard","meta":{"footnotes":""},"categories":[1],"tags":[],"class_list":["post-58681","post","type-post","status-publish","format-standard","has-post-thumbnail","hentry","category-curso-de-copy"],"_links":{"self":[{"href":"https:\/\/wiy.com.br\/noticias\/wp-json\/wp\/v2\/posts\/58681","targetHints":{"allow":["GET"]}}],"collection":[{"href":"https:\/\/wiy.com.br\/noticias\/wp-json\/wp\/v2\/posts"}],"about":[{"href":"https:\/\/wiy.com.br\/noticias\/wp-json\/wp\/v2\/types\/post"}],"author":[{"embeddable":true,"href":"https:\/\/wiy.com.br\/noticias\/wp-json\/wp\/v2\/users\/1"}],"replies":[{"embeddable":true,"href":"https:\/\/wiy.com.br\/noticias\/wp-json\/wp\/v2\/comments?post=58681"}],"version-history":[{"count":0,"href":"https:\/\/wiy.com.br\/noticias\/wp-json\/wp\/v2\/posts\/58681\/revisions"}],"wp:featuredmedia":[{"embeddable":true,"href":"https:\/\/wiy.com.br\/noticias\/wp-json\/wp\/v2\/media\/58682"}],"wp:attachment":[{"href":"https:\/\/wiy.com.br\/noticias\/wp-json\/wp\/v2\/media?parent=58681"}],"wp:term":[{"taxonomy":"category","embeddable":true,"href":"https:\/\/wiy.com.br\/noticias\/wp-json\/wp\/v2\/categories?post=58681"},{"taxonomy":"post_tag","embeddable":true,"href":"https:\/\/wiy.com.br\/noticias\/wp-json\/wp\/v2\/tags?post=58681"}],"curies":[{"name":"wp","href":"https:\/\/api.w.org\/{rel}","templated":true}]}}