{"id":58608,"date":"2023-02-26T15:02:13","date_gmt":"2023-02-26T18:02:13","guid":{"rendered":"https:\/\/wiy.com.br\/noticias\/a-nova-aposta-para-a-educacao-executiva-do-insper\/"},"modified":"2020-09-03T15:45:37","modified_gmt":"2020-09-03T18:45:37","slug":"a-nova-aposta-para-a-educacao-executiva-do-insper","status":"publish","type":"post","link":"https:\/\/wiy.com.br\/noticias\/a-nova-aposta-para-a-educacao-executiva-do-insper\/","title":{"rendered":"A nova aposta para a educa\u00e7\u00e3o executiva do Insper"},"content":{"rendered":"<p> <br \/>\n<\/p>\n<div id=\"post-3687548\">\n<figure class=\"featured-media media-open\"><img title = \"[Tags]\"data-src=\"https:\/\/veja.abril.com.br\/wp-content\/uploads\/2019\/09\/whatsapp-image-2019-09-10-at-09.35.16.jpeg\" class=\"abril-image optimized lazyload\" abril-data-id=\"3687548\"  data- data-pin-nopin=\"false\"alt = \"whatsapp-image-2019-09-10-at-09.35.16 A nova aposta para a educa\u00e7\u00e3o executiva do Insper\"\/><figcaption class=\"caption\">Sala de aula do Insper: aposta no ESG\u00a0Leonardo Pessanha &#8211; Instituto Alfa e Beto\/Divulga\u00e7\u00e3o<\/figcaption><\/figure>\n<section class=\"content\">\n<p>O Insper, um dos principais centros de <strong><a href=\"https:\/\/veja.abril.com.br\/noticias-sobre\/educacao\/\">educa\u00e7\u00e3o<\/a> <\/strong>executiva do Brasil, possui uma nova aposta no setor: governan\u00e7a corporativa. Um grupo de docentes est\u00e1 organizando novo cursos na \u00e1rea de ESG (a sigla em ingl\u00eas para meio ambiente, social e governan\u00e7a) para ser oferecido ao mercado em 2021 e o primeiro contemplar\u00e1 justamente a \u00e1rea de governan\u00e7a.<\/p>\n<p><a href=\"https:\/\/veja.abril.com.br\/blog\/radar-economico\/buffett-completa-90-anos-e-anuncia-investimento-em-5-gigantes-japonesas\/\"><strong>+ Siga o Radar Econ\u00f4mico no Twitter<\/strong><\/a><\/p>\n<div class=\"block_assine_posts\">\n<h2 class=\"title-assine\">ASSINE VEJA<\/h2>\n<figure id=\"attachment_3684656\" class=\"wp-caption alignnone  media-assine\"><img loading=\"lazy\" decoding=\"async\" class=\"size-large wp-image-3684656\" src=\"https:\/\/veja.abril.com.br\/wp-content\/uploads\/2020\/08\/VJ-CAPA-2702-V-1.jpg?quality=70&amp;strip=info&amp;w=220\" border=\"0\"alt = \"whatsapp-image-2019-09-10-at-09.35.16 A nova aposta para a educa\u00e7\u00e3o executiva do Insper\"title = \"[Tags]\" width=\"220\" height=\"289\" data-restrict=\"false\" data-portal-copyright=\"VEJA\" data-image-caption=\"Leia nesta edi\u00e7\u00e3o: a multid\u00e3o de calouros no mercado de a\u00e7\u00f5es, a 'lista negra' de Bolsonaro e as fraudes na pandemia\" data-image-title=\"\" data-image-source=\"VEJA\"\/><figcaption class=\"wp-caption-text\"><span class=\"title\">A esperan\u00e7a dos novatos na bolsa<\/span> Leia nesta edi\u00e7\u00e3o: a multid\u00e3o de calouros no mercado de a\u00e7\u00f5es, a \u2018lista negra\u2019 de Bolsonaro e as fraudes na pandemia<\/figcaption><\/figure>\n<p><a href=\"https:\/\/www.assine.abril.com.br\/portal\/paginasEstaticas!showPromocao.action?&amp;codPromocao=sr_ve_land&amp;origem=sr_ve_materia_land&amp;utm_source=sites&amp;utm_medium=sr&amp;utm_campaign=sr_ve_materia_land\" target=\"_blank\" rel=\"noopener noreferrer\">Clique e Assine<\/a><\/div>\n<\/section><\/div>\n<p><br \/>\n<br \/><a href=\"https:\/\/veja.abril.com.br\/blog\/radar-economico\/a-nova-aposta-da-educacao-executiva-do-insper\/\">Fonte do Artigo<\/a><br \/>\nTags: <\/p>\n<p><a title=\"IBJE\" href=\"https:\/\/ibge.gov.br\/\">#IBJE<\/a> <a title=\"FGV\" href=\"https:\/\/portal.fgv.br\/\">#FGV<\/a> <a title=\"LOTOFACIL\" href=\"http:\/\/loterias.caixa.gov.br\/wps\/portal\/loterias\/landing\/lotofacil\/\">#LOTOFACIL<\/a> <a title=\"TINDER\" href=\"https:\/\/tinder.com\/?lang=pt-BR\">#TINDER<\/a> <a title=\"GMAILGOOGLE\" href=\"https:\/\/mail.google.com\">#GMAILGOOGLE<\/a> <a title=\"TIKTOK\" href=\"https:\/\/www.tiktok.com\/pt_BR\/\">#TIKTOK<\/a><\/p>\n","protected":false},"excerpt":{"rendered":"<p>Sala de aula do Insper: aposta no ESG\u00a0Leonardo Pessanha &#8211; Instituto Alfa e Beto\/Divulga\u00e7\u00e3o O Insper, um dos principais centros de educa\u00e7\u00e3o executiva do Brasil, possui uma nova aposta no setor: governan\u00e7a corporativa. Um grupo de docentes est\u00e1 organizando novo cursos na \u00e1rea de ESG (a sigla em ingl\u00eas para meio ambiente, social e governan\u00e7a) [&hellip;]<\/p>\n","protected":false},"author":1,"featured_media":58609,"comment_status":"open","ping_status":"open","sticky":false,"template":"","format":"standard","meta":{"footnotes":""},"categories":[7],"tags":[],"class_list":["post-58608","post","type-post","status-publish","format-standard","has-post-thumbnail","hentry","category-economia"],"_links":{"self":[{"href":"https:\/\/wiy.com.br\/noticias\/wp-json\/wp\/v2\/posts\/58608","targetHints":{"allow":["GET"]}}],"collection":[{"href":"https:\/\/wiy.com.br\/noticias\/wp-json\/wp\/v2\/posts"}],"about":[{"href":"https:\/\/wiy.com.br\/noticias\/wp-json\/wp\/v2\/types\/post"}],"author":[{"embeddable":true,"href":"https:\/\/wiy.com.br\/noticias\/wp-json\/wp\/v2\/users\/1"}],"replies":[{"embeddable":true,"href":"https:\/\/wiy.com.br\/noticias\/wp-json\/wp\/v2\/comments?post=58608"}],"version-history":[{"count":0,"href":"https:\/\/wiy.com.br\/noticias\/wp-json\/wp\/v2\/posts\/58608\/revisions"}],"wp:featuredmedia":[{"embeddable":true,"href":"https:\/\/wiy.com.br\/noticias\/wp-json\/wp\/v2\/media\/58609"}],"wp:attachment":[{"href":"https:\/\/wiy.com.br\/noticias\/wp-json\/wp\/v2\/media?parent=58608"}],"wp:term":[{"taxonomy":"category","embeddable":true,"href":"https:\/\/wiy.com.br\/noticias\/wp-json\/wp\/v2\/categories?post=58608"},{"taxonomy":"post_tag","embeddable":true,"href":"https:\/\/wiy.com.br\/noticias\/wp-json\/wp\/v2\/tags?post=58608"}],"curies":[{"name":"wp","href":"https:\/\/api.w.org\/{rel}","templated":true}]}}