{"id":58526,"date":"2023-02-26T15:38:16","date_gmt":"2023-02-26T18:38:16","guid":{"rendered":"https:\/\/wiy.com.br\/noticias\/feira-de-profissoes-on-line-da-usp-comeca-nesta-quinta-feira-3\/"},"modified":"2020-09-02T19:04:11","modified_gmt":"2020-09-02T22:04:11","slug":"feira-de-profissoes-on-line-da-usp-comeca-nesta-quinta-feira-3","status":"publish","type":"post","link":"https:\/\/wiy.com.br\/noticias\/feira-de-profissoes-on-line-da-usp-comeca-nesta-quinta-feira-3\/","title":{"rendered":"Feira de profiss\u00f5es on-line da USP come\u00e7a nesta quinta-feira (3)"},"content":{"rendered":"<p> <br \/>\n<\/p>\n<p>A <strong>Feira USP e as Profiss\u00f5es 2020<\/strong> acontecer\u00e1 de forma digital. O evento, que \u00e9 realizado entre os dias 3 e 4 de setembro, das 10h \u00e0s 16h, re\u00fane<span> lives, bate-papos, passeios virtuais e v\u00eddeos exclusivos sobre os 142 cursos que a universidade oferece. Tamb\u00e9m explica como ingressar na vida universit\u00e1ria.<\/span><\/p>\n<p><span>Entre as atra\u00e7\u00f5es mais procuradas nas edi\u00e7\u00f5es anteriores est\u00e1 a <strong>Orienta\u00e7\u00e3o Vocacional do Instituto de Psicologia<\/strong> (IP) da USP, que este ano tamb\u00e9m ter\u00e1 sua vers\u00e3o digital para auxiliar os jovens na procura de sua profiss\u00e3o.<\/span><\/p>\n<p>&#8220;A arte no preparo de medicamentos: o papel da farmacot\u00e9cnica e nanotecnologia&#8221; e &#8220;A carreira do internacionalista&#8221; s\u00e3o algumas das palestras que os estudantes podem conferir na feira.<\/p>\n<p><span>A programa\u00e7\u00e3o completa de todas as \u00e1reas estar\u00e1 dispon\u00edvel no site a partir do dia 3 de setembro.<strong> A participa\u00e7\u00e3o no evento \u00e9<\/strong><\/span><span><strong> gratuita<\/strong>, sem necessidade de<\/span><span> inscri\u00e7\u00f5es pr\u00e9vias, no site <\/span><a href=\"https:\/\/app.workr.com.br\/LinkOpen.aspx?mid=21f4efab-df32-4345-9e3a-d6d87ec24690&amp;lid=MopNb+xbFVOH++cvcxSkPQ==\" target=\"_blank\" data-saferedirecturl=\"https:\/\/www.google.com\/url?q=https:\/\/app.workr.com.br\/LinkOpen.aspx?mid%3D21f4efab-df32-4345-9e3a-d6d87ec24690%26lid%3DMopNb%2BxbFVOH%2B%2BcvcxSkPQ%3D%3D&amp;source=gmail&amp;ust=1599159359906000&amp;usg=AFQjCNENNkmCQMGkLGo8-7bcK_MXpBciLg\" rel=\"noopener noreferrer\"><span>uspprofissoes.usp.br<\/span><\/a><span>.\u00a0<\/span><\/p>\n<div class=\"ads post-ads\"><span class=\"title\">Continua ap\u00f3s a publicidade<\/span><\/p>\n<div id=\"abrAD_rectangle2\" class=\"abrAD\" data-ad-><\/div>\n<\/div>\n<p><span><strong>Feira USP e as Profiss\u00f5es 2020 \u2013 Edi\u00e7\u00e3o Digital<\/strong><\/span><br \/>\n<strong>Quando: <\/strong>3 e 4 de setembro, das 10h \u00e0s 16h.<br \/>\n<strong>Quanto: <\/strong>gratuito<br \/>\n<strong>Endere\u00e7o:<\/strong><span>\u00a0<\/span><a href=\"https:\/\/uspprofissoes.usp.br\/\" target=\"_blank\" rel=\"noopener noreferrer\">uspprofissoes.usp.br<\/a><\/p>\n<p>Em caso de d\u00favidas, enviar email para uspprofi@usp.br<\/p>\n<div class=\"block related-posts\">\n<ul class=\"block-menu\">\n<li data-tab=\"tab-1\" class=\"active\">Relacionadas<\/li>\n<li data-tab=\"tab-2\">Mais Lidas<\/li>\n<\/ul>\n<div id=\"tab-1\" class=\"block-content active\">\n<div class=\"row\">\n<li class=\"widget-news-item without-thumb with-border\">\n<div class=\"widget-news-info\"><a href=\"http:\/\/vejasp.abril.com.br\/cidades\">Cidades<\/a><span class=\"widget-news-item-title\"><a href=\"https:\/\/vejasp.abril.com.br\/cidades\/recreadora-de-festas-infantis-se-reinventa-e-passa-a-atender-on-line\/\">Recreadora de festas infantis se reinventa e passa a atender on-line<\/a><\/span><span class=\"widget-news-item-date\">28 ago 2020 &#8211; 06h08<\/span><\/div>\n<\/li>\n<li class=\"widget-news-item without-thumb with-border\">\n<div class=\"widget-news-info\"><a href=\"http:\/\/vejasp.abril.com.br\/cidades\">Cidades<\/a><span class=\"widget-news-item-title\"><a href=\"https:\/\/vejasp.abril.com.br\/cidades\/o-lado-bom-da-nostalgia-paulistanos-relembram-atividades-antigas-em-casa\/\">O lado bom da nostalgia: paulistanos retomam atividades antigas em casa<\/a><\/span><span class=\"widget-news-item-date\">28 ago 2020 &#8211; 06h08<\/span><\/div>\n<\/li>\n<li class=\"widget-news-item without-thumb with-border\">\n<div class=\"widget-news-info\"><a href=\"http:\/\/vejasp.abril.com.br\/cidades\">Cidades<\/a><span class=\"widget-news-item-title\"><a href=\"https:\/\/vejasp.abril.com.br\/cidades\/o-desafio-da-volta-as-aulas-em-paises-que-ja-sairam-da-quarentena\/\">Os aprendizados da volta \u00e0s aulas em quatro pa\u00edses<\/a><\/span><span class=\"widget-news-item-date\">28 ago 2020 &#8211; 03h08<\/span><\/div>\n<\/li>\n<li class=\"widget-news-item without-thumb with-border\">\n<div class=\"widget-news-info\"><a href=\"http:\/\/vejasp.abril.com.br\/cidades\">Cidades<\/a><span class=\"widget-news-item-title\"><a href=\"https:\/\/vejasp.abril.com.br\/cidades\/capa-politica-habitacional-zeis-sp\/\">Apenas 6% das constru\u00e7\u00f5es de interesse social est\u00e3o na regi\u00e3o central<\/a><\/span><span class=\"widget-news-item-date\">28 ago 2020 &#8211; 03h08<\/span><\/div>\n<\/li>\n<\/div>\n<\/div>\n<div id=\"tab-2\" class=\"block-content\">\n<div class=\"row\">\n<div class=\"col-s-12 col-l-3\"><a href=\"https:\/\/vejasp.abril.com.br\/cidades\/frio-neve-sao-paulo-agosto-previsao-tempo\/\" class=\"card\"><span class=\"category hide-s\">Cidades<\/span><img title = \"[Tags]\"data-src=\"https:\/\/vejasp.abril.com.br\/wp-content\/uploads\/2017\/07\/inverno-2017-sp-02.jpg?quality=70&amp;strip=info&amp;w=294&amp;h=200&amp;crop=1\"alt = \"inverno-2017-sp-02 Feira de profiss\u00f5es on-line da USP come\u00e7a nesta quinta-feira (3)\" class=\"lazyload media\" style=\"max-width:100%\"><span class=\"category hide-l\">Cidades<\/span><span class=\"title\"><strong>1<\/strong>Neve em S\u00e3o Paulo: forte frente fria pode provocar fen\u00f4meno no estado<\/span><\/a><\/div>\n<div class=\"col-s-12 col-l-3\"><a href=\"https:\/\/vejasp.abril.com.br\/cultura-lazer\/eu-me-apaixonei-pelo-homem-que-me-assaltou\/\" class=\"card\"><span class=\"category hide-s\">Cultura &amp; Lazer<\/span><img title = \"[Tags]\"data-src=\"https:\/\/vejasp.abril.com.br\/wp-content\/uploads\/2020\/08\/Nosso-Louco-Amor-Lana-e-Emerson.jpg?quality=70&amp;strip=info&amp;w=294&amp;h=200&amp;crop=1\"alt = \"inverno-2017-sp-02 Feira de profiss\u00f5es on-line da USP come\u00e7a nesta quinta-feira (3)\" class=\"lazyload media\" style=\"max-width:100%\"><span class=\"category hide-l\">Cultura &amp; Lazer<\/span><span class=\"title\"><strong>2<\/strong>\u201cEu me apaixonei pelo homem que me assaltou\u201d<\/span><\/a><\/div>\n<div class=\"col-s-12 col-l-3\"><a href=\"https:\/\/vejasp.abril.com.br\/cultura-lazer\/paolla-carosella-imitacao-zorra\/\" class=\"card\"><span class=\"category hide-s\">Cultura &amp; Lazer<\/span><img title = \"[Tags]\"data-src=\"https:\/\/vejasp.abril.com.br\/wp-content\/uploads\/2016\/12\/paola5.jpeg?quality=70&amp;strip=info&amp;w=294&amp;h=200&amp;crop=1\"alt = \"inverno-2017-sp-02 Feira de profiss\u00f5es on-line da USP come\u00e7a nesta quinta-feira (3)\" class=\"lazyload media\" style=\"max-width:100%\"><span class=\"category hide-l\">Cultura &amp; Lazer<\/span><span class=\"title\"><strong>3<\/strong>Globo exibe imita\u00e7\u00e3o t\u00e3o perfeita de Paola Carosella que at\u00e9 a chef elogiou<\/span><\/a><\/div>\n<div class=\"col-s-12 col-l-3\"><a href=\"https:\/\/vejasp.abril.com.br\/cidades\/frio-previsao-do-tempo-agosto-2020\/\" class=\"card\"><span class=\"category hide-s\">Cidades<\/span><img title = \"[Tags]\"data-src=\"https:\/\/vejasp.abril.com.br\/wp-content\/uploads\/2019\/09\/tempo.jpeg?quality=70&amp;strip=info&amp;crop=29px%2C0px%2C2133px%2C1450px&amp;resize=294%2C200\"alt = \"inverno-2017-sp-02 Feira de profiss\u00f5es on-line da USP come\u00e7a nesta quinta-feira (3)\" class=\"lazyload media\" style=\"max-width:100%\"><span class=\"category hide-l\">Cidades<\/span><span class=\"title\"><strong>4<\/strong>At\u00e9 quando o frio vai durar? A previs\u00e3o do tempo para os pr\u00f3ximos dias<\/span><\/a><\/div>\n<\/div>\n<\/div>\n<\/div>\n<p><br \/>\n<br \/><a href=\"https:\/\/vejasp.abril.com.br\/cidades\/feira-de-profissoes-usp\/\">Fonte do Artigo <\/a><br \/>\nTags:<br \/>\n#loterias #loteriascaixa #megasena #resultadoapostas#noticias #noticiario  #noticia #brasil #noticiascolombia #mundo #esporte #colombia #noticiadeld #ltimasnoticias  #noticiario #noticiasregionales #noticiasdepartamentales #noticiashoy #esportes #noticiaahora #elinformantenoticias #noticiasdeboyac  #esporteinterativo #esportivo #diariodosesportes  #noticiero  #jogodefutebol #jogos #loto #apostas<\/p>\n","protected":false},"excerpt":{"rendered":"<p>A Feira USP e as Profiss\u00f5es 2020 acontecer\u00e1 de forma digital. O evento, que \u00e9 realizado entre os dias 3 e 4 de setembro, das 10h \u00e0s 16h, re\u00fane lives, bate-papos, passeios virtuais e v\u00eddeos exclusivos sobre os 142 cursos que a universidade oferece. Tamb\u00e9m explica como ingressar na vida universit\u00e1ria. Entre as atra\u00e7\u00f5es mais [&hellip;]<\/p>\n","protected":false},"author":1,"featured_media":58527,"comment_status":"open","ping_status":"open","sticky":false,"template":"","format":"standard","meta":{"footnotes":""},"categories":[1],"tags":[],"class_list":["post-58526","post","type-post","status-publish","format-standard","has-post-thumbnail","hentry","category-curso-de-copy"],"_links":{"self":[{"href":"https:\/\/wiy.com.br\/noticias\/wp-json\/wp\/v2\/posts\/58526","targetHints":{"allow":["GET"]}}],"collection":[{"href":"https:\/\/wiy.com.br\/noticias\/wp-json\/wp\/v2\/posts"}],"about":[{"href":"https:\/\/wiy.com.br\/noticias\/wp-json\/wp\/v2\/types\/post"}],"author":[{"embeddable":true,"href":"https:\/\/wiy.com.br\/noticias\/wp-json\/wp\/v2\/users\/1"}],"replies":[{"embeddable":true,"href":"https:\/\/wiy.com.br\/noticias\/wp-json\/wp\/v2\/comments?post=58526"}],"version-history":[{"count":0,"href":"https:\/\/wiy.com.br\/noticias\/wp-json\/wp\/v2\/posts\/58526\/revisions"}],"wp:featuredmedia":[{"embeddable":true,"href":"https:\/\/wiy.com.br\/noticias\/wp-json\/wp\/v2\/media\/58527"}],"wp:attachment":[{"href":"https:\/\/wiy.com.br\/noticias\/wp-json\/wp\/v2\/media?parent=58526"}],"wp:term":[{"taxonomy":"category","embeddable":true,"href":"https:\/\/wiy.com.br\/noticias\/wp-json\/wp\/v2\/categories?post=58526"},{"taxonomy":"post_tag","embeddable":true,"href":"https:\/\/wiy.com.br\/noticias\/wp-json\/wp\/v2\/tags?post=58526"}],"curies":[{"name":"wp","href":"https:\/\/api.w.org\/{rel}","templated":true}]}}