{"id":58243,"date":"2023-02-26T15:19:29","date_gmt":"2023-02-26T18:19:29","guid":{"rendered":"https:\/\/wiy.com.br\/noticias\/arena-corinthians-hypera-pharma-e-alvo-da-lava-jato-e-delacao-vai-ao-stf\/"},"modified":"2020-08-29T09:23:45","modified_gmt":"2020-08-29T12:23:45","slug":"arena-corinthians-hypera-pharma-e-alvo-da-lava-jato-e-delacao-vai-ao-stf","status":"publish","type":"post","link":"https:\/\/wiy.com.br\/noticias\/arena-corinthians-hypera-pharma-e-alvo-da-lava-jato-e-delacao-vai-ao-stf\/","title":{"rendered":"Arena Corinthians: Hypera Pharma \u00e9 alvo da Lava-Jato e dela\u00e7\u00e3o vai ao STF"},"content":{"rendered":"<p> <br \/>\n<\/p>\n<div id=\"\">\n<p>Passados quase dez anos das primeiras tentativas e de mais de seis anos ap\u00f3s a sua inaugura\u00e7\u00e3o oficial, o est\u00e1dio que sediou a abertura da Copa do Mundo de 2014 finalmente vai receber os seus naming rights. O Corinthians prometeu para os pr\u00f3ximos dias a confirma\u00e7\u00e3o do nome comercial da ainda conhecida como <a href=\"https:\/\/veja.abril.com.br\/noticias-sobre\/arena-corinthians\/\"><strong>Arena Corinthians<\/strong><\/a>, em Itaquera, na Zona Leste de S\u00e3o Paulo. Ap\u00f3s muitas idas e vindas e uma enorme desconfian\u00e7a por parte da torcida, que se acostumou a ver frustradas as promessas dos dirigentes do clube sobre o avan\u00e7o de negocia\u00e7\u00f5es em torno da venda do nome do est\u00e1dio, a expectativa \u00e9 que o contrato melhore as finan\u00e7as da agremia\u00e7\u00e3o. A Hypera Pharma, maior farmac\u00eautica do pa\u00eds, surge como a favorita para rebatizar a Arena Corinthians. Fontes ouvidas por PLACAR <a href=\"https:\/\/veja.abril.com.br\/placar\/hypera-pharma-sera-a-patrocinadora-da-arena-corinthians\/\">garantem que o acordo j\u00e1 foi concretizado<\/a> e que, inclusive, a marca escolhida pelo grupo para nomear o est\u00e1dio ser\u00e1 a Neo Qu\u00edmica, uma das diversas divis\u00f5es da empresa que se expandiu com a aquisi\u00e7\u00e3o de diversas fabricantes de medicamentos brasileiras. A marca j\u00e1 estampou a camisa do time entre 2010 e 2011. Para renomear a Arena Corinthians, a Hypera Pharma deve desembolsar aproximadamente 350 milh\u00f5es de reais pelo per\u00edodo de 20 anos, cerca de 17,5 milh\u00f5es por ano. A expectativa \u00e9 que o acordo seja anunciado em 1\u00b0 de setembro, data em que o clube comemora 110 anos de exist\u00eancia.<\/p>\n<figure id=\"attachment_3685342\" class=\"wp-caption alignleft  \"><img loading=\"lazy\" decoding=\"async\" class=\"wp-image-3685342 size-medium\" src=\"https:\/\/veja.abril.com.br\/wp-content\/uploads\/2020\/08\/junior-jpg.jpg?quality=70&amp;strip=info&amp;w=300\" border=\"0\"alt = \"junior-jpg Arena Corinthians: Hypera Pharma \u00e9 alvo da Lava-Jato e dela\u00e7\u00e3o vai ao STF\"title = \"[Tags]\" width=\"300\" height=\"200\" data-restrict=\"false\" data-portal-copyright=\"DIVULGA\u00c7\u00c2O\" data-image-caption=\"\" data-image-title=\"\" data-image-source=\"Creative Commons\"\/><figcaption class=\"wp-caption-text\"><span class=\"hidden\">\u2013<\/span>BILION\u00c1RIO DAS MARCAS: J\u00fanior da Hypera: anteriormente conhecido como J\u00fanior da Arisco, criou um imp\u00e9rio de marcas famosas do consumidor brasileiro DIVULGA\u00c7\u00c2O\/Creative Commons<\/figcaption><\/figure>\n<p>Andr\u00e9s Sanchez, presidente do clube, ainda n\u00e3o confirmou o neg\u00f3cio, mas afirmou em sua conta no Twitter que o grupo comprador nunca foi parceiro da equipe, o que \u2014 de certa forma \u2014 \u00e9 verdade, em vista que at\u00e9 fevereiro de 2018, a atual Hypera Pharma tinha outro nome e era conhecida como Hypermarcas. A troca de nome aconteceu para firmar uma mudan\u00e7a de rumo do grupo, que passou a apostar exclusivamente no ramo farmac\u00eautico. Em abril daquele mesmo ano, foi deflagrada a Opera\u00e7\u00e3o Tira-Teima, um desdobramento da <a href=\"https:\/\/veja.abril.com.br\/noticias-sobre\/operacao-lava-jato\/\"><strong>Lava-Jato<\/strong><\/a>. A Pol\u00edcia Federal cumpriu mandados de busca e apreens\u00e3o para esclarecer a suspeita de participa\u00e7\u00e3o da empresa no pagamento de propinas a pol\u00edticos do MDB e do PSDB entre 2013 e 2015. \u00c0 \u00e9poca, Jo\u00e3o Alves de Queiroz Filho, fundador do grupo e ent\u00e3o presidente do conselho de administra\u00e7\u00e3o da empresa, pediu licen\u00e7a do cargo. As investiga\u00e7\u00f5es se arrastam at\u00e9 hoje, e, no \u00faltimo dia 18, o empres\u00e1rio fechou um acordo de dela\u00e7\u00e3o premiada com a Procuradoria-Geral da Rep\u00fablica (PGR), que prev\u00ea 1,095 bilh\u00e3o de reais em multas a serem pagas pelos colaboradores. A decis\u00e3o de homologar ou n\u00e3o a dela\u00e7\u00e3o est\u00e1 na m\u00e3os do ministro <a href=\"https:\/\/veja.abril.com.br\/noticias-sobre\/edson-fachin\/\"><strong>Luiz Edson Fachin<\/strong><\/a>.<\/p>\n<p>Em 2019, o ex-diretor da Hypermarcas, Nelson Mello, chegou a negociar uma dela\u00e7\u00e3o com a PGR, mas o \u00f3rg\u00e3o pediu ao Supremo a anula\u00e7\u00e3o do acordo por considerar que o executivo omitiu informa\u00e7\u00f5es e descumpriu o compromisso de dizer a verdade. \u00c0 \u00e9poca, Mello afirmou que o pagamento de propinas a pol\u00edticos teria ocorrido sem conhecimento do ent\u00e3o presidente do grupo, o empres\u00e1rio Queiroz Filho. Em fevereiro de 2020, o<span> Minist\u00e9rio P\u00fablico Federal (MPF) oficializou a den\u00fancia contra o fundador da Hypera Pharma e mais dois ex-executivos da empresa (Carlos Roberto Scorsi e S\u00edlvio Tadeu Agostinho), al\u00e9m do ex-diretor Nelson Mello. A suspeita \u00e9 de que eles integraram um esquema que favorecia os interesses do grupo no Senado entre os anos de 2013 e 2015. Tamb\u00e9m de acordo com a investiga\u00e7\u00e3o, o ex-senador Paulo Roberto Bauer (PSDB-SC), recebeu indevidamente 11,8 milh\u00f5es de reais. <\/span>Em maio, a Hypera Pharma divulgou os resultados de um <span>Comit\u00ea Especial Independente que a empresa instaurou admitindo que foram encontrados ind\u00edcios de pagamentos indevidos no valor de 110,5 milh\u00f5es de reais. \u00c0 \u00e9poca, o grupo garantiu que os seus atuais administradores n\u00e3o est\u00e3o envolvidos nas irregularidades apuradas e que vai continuar colaborando com as investiga\u00e7\u00f5es.<\/span><\/p>\n<p>A Hypermarcas \u00e9 cria\u00e7\u00e3o de um dos mais importantes empreendedores do setor de bens do consumo do Brasil, o goiano Jo\u00e3o Alves de Queiroz Filho, mais conhecido nos meios empresariais como J\u00fanior ou J\u00fanior da Arisco.\u00a0 Este \u00faltimo apelido por conta do seu primeiro grande sucesso empresarial, o tempero Arisco. Mas, em sua trajet\u00f3ria, J\u00fanior j\u00e1 foi dono de diversas marcas ic\u00f4nicas, como Assolan, Maracugina, Merthiolate, Monange, Doril e, a partir deste ano, tamb\u00e9m Dramin e Neosaldina. A Hypermarcas surgiu em 2001, com o nome de <span>Pr\u00e1tika Industrial Ltda. A empresa foi fundada pelo empres\u00e1rio Jo\u00e3o Alves de Queiroz Filho, que decidiu investir no mercado de esponjas de a\u00e7o com a Assolan. <\/span><\/p>\n<div class=\"ads post-ads\"><span class=\"title\" style=\"display:block\">Continua ap\u00f3s a publicidade<\/span><\/div>\n<p><span>O imp\u00e9rio controlado por ele come\u00e7ou a ser erguido pelo pai, em 1969, <\/span>com a distribuidora do Sal Cometa. Um ano depois, a empresa recebeu a marca Arisco como o pagamento de uma d\u00edvida. Com o passar dos anos, o produto ganhou proje\u00e7\u00e3o nacional, at\u00e9 que em 2000 foi adquirida pela Bestfoods, que meses depois foi adquirida pela Unilever. Foi com esse dinheiro que no ano seguinte o empres\u00e1rio comprou a marca de palha de a\u00e7o Assolan. Com a sucesso do produto, que se posicionou para concorrer com a Bombril, a empresa inaugurou um novo centro de distribui\u00e7\u00e3o em 2002, localizado em Goi\u00e2nia, e passou a se chamar <span>Assolan Industrial. Em<\/span><span>\u00a0<\/span>2007, o grupo fez tr\u00eas aquisi\u00e7\u00f5es: a DM Farmac\u00eautica, fabricante de<span>\u00a0<\/span>Merthiolate, Monange e Cenoura &amp; Bronze; a Sulqu\u00edmica, fabricante de Mat Inset e Fluss e a<span> empresa de ado\u00e7antes <\/span>Finn. Ainda em 2007, o grupo passou por uma nova mudan\u00e7a de nome, se transformando na Hypermarcas.<\/p>\n<p><span>A abertura de capital na bolsa aconteceu em <\/span>2008, com a capta\u00e7\u00e3o de cerca de 700 milh\u00f5es de reais. Os recursos permitiram iniciar mais uma rodada de consolida\u00e7\u00e3o do mercado. No mesmo ano, a Hypermarcas comprou a Ceil, propriet\u00e1ria das marcas como Bozzano e Aquamarine. Em 2009, foi a vez de comprar a Inal, dos preservativos Olla e Lovetex, al\u00e9m das marcas Jontex, que pertencia \u00e0 Johnson &amp; Johnson, e Pom Pom, empresa de fraldas.<span> Para fechar o ano, <\/span>incorporou a Neo Qu\u00edmica ao seu portf\u00f3lio.<\/p>\n<p>A primeira parceria com o Corinthians foi intermediada por Ronaldo Fen\u00f4meno, ent\u00e3o jogador do clube, em 2010. <span>O acordo de 38 milh\u00f5es de reais foi considerado o maior patroc\u00ednio a uma equipe do futebol brasileiro at\u00e9 ent\u00e3o. O grupo estampou o nome Neo Qu\u00edmica Gen\u00e9ricos no peito, Bozzano nas mangas, Avan\u00e7o nas axilas e Assim nos ombros. O jogador, considerado tr\u00eas vezes o melhor do mundo pela Fifa, teria embolsado cerca de 33% do valor do contrato, o equivalente a 12,5 milh\u00f5es; os outros 25,5 milh\u00f5es ficaram o clube. Al\u00e9m disso, o pentacampe\u00e3o mundial pela sele\u00e7\u00e3o brasileira se transformou no principal garoto propaganda do grupo. <\/span><\/p>\n<p><span>Em 2011, a Hypermarcas passou a desestimular sua \u00e1rea de consumo, tanto que vendeu <\/span>algumas marcas de limpeza, como Assim, Boa Noite, Fluss e Sim para a JBS. <sup id=\"cite_ref-Exame_15-0\" class=\"reference\"\/>Em dezembro daquele ano, ainda negociou as marcas Assolan, Perfex, Help e outras para a brasileira Yp\u00ea e as marcas Etti e Salsaretti para a multinacional<span>\u00a0<\/span>Bunge. O desinvestimento teve novo impulso quatro anos depois, com a venda da divis\u00e3o de cosm\u00e9ticos, que detinha os produtos Bozzano, Cenoura &amp; Bronze, Monange e Risqu\u00e9, para o grupo franc\u00eas<span>\u00a0<\/span>Coty. Em janeiro seguinte, se desfez das marcas de preservativos Olla, Jontex e Lovetex para<span> a <\/span>Reckitt Benckiser e, por fim, da \u00e1rea de fraldas descart\u00e1veis, que foi para a belga<span>\u00a0<\/span>Ontex.<\/p>\n<div class=\"ads post-ads\"><span class=\"title\" style=\"display:block\">Continua ap\u00f3s a publicidade<\/span><\/div>\n<p>Para se posicionar com maior foco e como a maior farmac\u00eautica de capital nacional, a Hypermarcas aprovou em 2018 a mais recente mudan\u00e7a de nome, passando a ser reconhecida como Hypera Pharma. Em dezembro de 2019, j\u00e1 sob a presid\u00eancia de Breno Toledo Pires de Oliveira \u2014 em vista que os antigos executivos ainda permanecem afastados \u2013, o grupo adquiriu por 1,3 bilh\u00e3o de reais os produtos da fam\u00edlia Buscopan e Buscofem, que pertenciam \u00e0 europeia Boehringer. Em mar\u00e7o de 2020, tamb\u00e9m foi confirmada a opera\u00e7\u00e3o de compra de 18 medicamentos da japonesa Takeda por cerca de 4 bilh\u00f5es de reais. <span>O portf\u00f3lio inclui as marcas Neosaldina e Dramin al\u00e9m de produtos em \u00e1reas como cardiologia, diabetes, endocrinologia, gastroenterologia, sistema respirat\u00f3rio e cl\u00ednica geral. <\/span><span>Com o neg\u00f3cio, considerada a maior aquisi\u00e7\u00e3o de sua hist\u00f3ria, a empresa assumiu o posto de maior farmac\u00eautica do Brasil, propriet\u00e1ria de uma extensa linha de medicamentos, como Doril, Engov, Benegrip, Maracugina, Gelol, Epocler Estomazil, Miorrelax, entre outros. <\/span><\/p>\n<p><span>O grupo obteve lucro l\u00edquido de 396,4 milh\u00f5es de reais no segundo trimestre deste ano, uma alta de 17,6%, na compara\u00e7\u00e3o anual. <\/span>\u201cEsse desempenho foi impactado pelo forte aumento do sell-out (medicamentos isentos de prescri\u00e7\u00e3o) no in\u00edcio do m\u00eas de mar\u00e7o, consequ\u00eancia da corrida dos consumidores \u00e0s farm\u00e1cias para compra de medicamentos isentos de prescri\u00e7\u00e3o ap\u00f3s o in\u00edcio das regras de restri\u00e7\u00e3o para circula\u00e7\u00e3o da popula\u00e7\u00e3o por conta da pandemia de Covid-19\u201d, informou a empresa em seu relat\u00f3rio.<\/p>\n<p>\u00a0<\/p>\n<\/p><\/div>\n<p><br \/>\n<br \/><a href=\"https:\/\/veja.abril.com.br\/economia\/arena-corinthians-hypera-pharma-e-alvo-da-lava-jato-e-delacao-vai-ao-stf\/\">Fonte do Artigo<\/a><br \/>\nTags: <\/p>\n<p><a title=\"IBJE\" href=\"https:\/\/ibge.gov.br\/\">#IBJE<\/a> <a title=\"FGV\" href=\"https:\/\/portal.fgv.br\/\">#FGV<\/a> <a title=\"LOTOFACIL\" href=\"http:\/\/loterias.caixa.gov.br\/wps\/portal\/loterias\/landing\/lotofacil\/\">#LOTOFACIL<\/a> <a title=\"TINDER\" href=\"https:\/\/tinder.com\/?lang=pt-BR\">#TINDER<\/a> <a title=\"GMAILGOOGLE\" href=\"https:\/\/mail.google.com\">#GMAILGOOGLE<\/a> <a title=\"TIKTOK\" href=\"https:\/\/www.tiktok.com\/pt_BR\/\">#TIKTOK<\/a><\/p>\n","protected":false},"excerpt":{"rendered":"<p>Passados quase dez anos das primeiras tentativas e de mais de seis anos ap\u00f3s a sua inaugura\u00e7\u00e3o oficial, o est\u00e1dio que sediou a abertura da Copa do Mundo de 2014 finalmente vai receber os seus naming rights. O Corinthians prometeu para os pr\u00f3ximos dias a confirma\u00e7\u00e3o do nome comercial da ainda conhecida como Arena Corinthians, [&hellip;]<\/p>\n","protected":false},"author":1,"featured_media":58244,"comment_status":"open","ping_status":"open","sticky":false,"template":"","format":"standard","meta":{"footnotes":""},"categories":[7],"tags":[],"class_list":["post-58243","post","type-post","status-publish","format-standard","has-post-thumbnail","hentry","category-economia"],"_links":{"self":[{"href":"https:\/\/wiy.com.br\/noticias\/wp-json\/wp\/v2\/posts\/58243","targetHints":{"allow":["GET"]}}],"collection":[{"href":"https:\/\/wiy.com.br\/noticias\/wp-json\/wp\/v2\/posts"}],"about":[{"href":"https:\/\/wiy.com.br\/noticias\/wp-json\/wp\/v2\/types\/post"}],"author":[{"embeddable":true,"href":"https:\/\/wiy.com.br\/noticias\/wp-json\/wp\/v2\/users\/1"}],"replies":[{"embeddable":true,"href":"https:\/\/wiy.com.br\/noticias\/wp-json\/wp\/v2\/comments?post=58243"}],"version-history":[{"count":0,"href":"https:\/\/wiy.com.br\/noticias\/wp-json\/wp\/v2\/posts\/58243\/revisions"}],"wp:featuredmedia":[{"embeddable":true,"href":"https:\/\/wiy.com.br\/noticias\/wp-json\/wp\/v2\/media\/58244"}],"wp:attachment":[{"href":"https:\/\/wiy.com.br\/noticias\/wp-json\/wp\/v2\/media?parent=58243"}],"wp:term":[{"taxonomy":"category","embeddable":true,"href":"https:\/\/wiy.com.br\/noticias\/wp-json\/wp\/v2\/categories?post=58243"},{"taxonomy":"post_tag","embeddable":true,"href":"https:\/\/wiy.com.br\/noticias\/wp-json\/wp\/v2\/tags?post=58243"}],"curies":[{"name":"wp","href":"https:\/\/api.w.org\/{rel}","templated":true}]}}