{"id":58119,"date":"2023-02-26T15:12:01","date_gmt":"2023-02-26T18:12:01","guid":{"rendered":"https:\/\/wiy.com.br\/noticias\/pesquisa-sobre-black-friday-mostra-consumidores-dispostos-a-gastar\/"},"modified":"2020-08-27T19:37:15","modified_gmt":"2020-08-27T22:37:15","slug":"pesquisa-sobre-black-friday-mostra-consumidores-dispostos-a-gastar","status":"publish","type":"post","link":"https:\/\/wiy.com.br\/noticias\/pesquisa-sobre-black-friday-mostra-consumidores-dispostos-a-gastar\/","title":{"rendered":"Pesquisa sobre Black Friday mostra consumidores dispostos a gastar"},"content":{"rendered":"<p> <br \/>\n<\/p>\n<div id=\"post-3683867\">\n<figure class=\"featured-media media-open\"><img title = \"[Tags]\"data-src=\"https:\/\/veja.abril.com.br\/wp-content\/uploads\/2018\/09\/black-extra-244a2951.jpg\" class=\"abril-image optimized lazyload\" abril-data-id=\"3683867\"  data- data-pin-nopin=\"false\"alt = \"black-extra-244a2951 Pesquisa sobre Black Friday mostra consumidores dispostos a gastar\"\/><figcaption class=\"caption\">N\u00e3o \u00e9 um saque -\u2002Consumidores na promo\u00e7\u00e3o de uma loja, em 2014: aumentou o n\u00famero de lares com eletrodom\u00e9sticos\u00a0Ivan Pacheco\/VEJA<\/figcaption><\/figure>\n<section class=\"content\">\n<p>Pesquisa realizada pelo time de Intelig\u00eancia de Mercado da Globo mostra que a Black Friday ser\u00e1 ainda mais importante neste ano \u2014 marcando uma retomada importante para o varejo brasileiro no quarto trimestre. O estudo \u201cMuito Al\u00e9m da Black Friday\u201d ouviu mais de 1700 consumidores maiores de 18 anos de todo o Brasil, das classes A, B e C.<\/p>\n<p>O levantamento mostra que 68% das pessoas ouvidas costumam comprar na Black Friday, sendo que para 39% delas a \u00e9poca ganhou ainda mais relev\u00e2ncia este ano. Essa relev\u00e2ncia se mant\u00e9m alta em todas as regi\u00f5es do Brasil, com destaque para o norte, onde 75% dos ouvidos costumam aproveitar a data para compras \u2013 um percentual que chega a 69% no nordeste, 68% no sudeste, e 63% nas regi\u00f5es centro-oeste e sul do pa\u00eds.<\/p>\n<p>Sobre as categorias de produtos mais desejadas pelos brasileiros, considerando o contexto pandemia, destaque para o interesse em m\u00f3veis, computadores, que tiveram um crescimento de 12 e 9 pontos percentuais, respectivamente, em rela\u00e7\u00e3o \u00e0 2019. 31% das pessoas pretendem comprar roupas e acess\u00f3rios; 30% smartphones; 30% eletr\u00f4nicos; 26% cal\u00e7ados; 23% eletrodom\u00e9sticos; 21% perfumes e cosm\u00e9ticos; 21% m\u00f3veis; e 20% computadores.<\/p>\n<p>Um recorte sobre os entrevistados do Rio de Janeiro mostrou que 63% dos internautas cariocas deixaram de comprar algo em 2020 por conta da pandemia e, com a proximidade desta data que remete a descontos e ofertas, 69% querem aproveitar para se presentear, alimentando o chamado \u201cconsumo de celebra\u00e7\u00e3o\u201d.<\/p>\n<\/section><\/div>\n<p><br \/>\n<br \/><a href=\"https:\/\/veja.abril.com.br\/blog\/radar\/pesquisa-sobre-black-friday-mostra-consumidores-dispostos-a-gastar\/\">Fonte do Artigo<\/a><br \/>\nTags: <\/p>\n<p><a title=\"IBJE\" href=\"https:\/\/ibge.gov.br\/\">#IBJE<\/a> <a title=\"FGV\" href=\"https:\/\/portal.fgv.br\/\">#FGV<\/a> <a title=\"LOTOFACIL\" href=\"http:\/\/loterias.caixa.gov.br\/wps\/portal\/loterias\/landing\/lotofacil\/\">#LOTOFACIL<\/a> <a title=\"TINDER\" href=\"https:\/\/tinder.com\/?lang=pt-BR\">#TINDER<\/a> <a title=\"GMAILGOOGLE\" href=\"https:\/\/mail.google.com\">#GMAILGOOGLE<\/a> <a title=\"TIKTOK\" href=\"https:\/\/www.tiktok.com\/pt_BR\/\">#TIKTOK<\/a><\/p>\n","protected":false},"excerpt":{"rendered":"<p>N\u00e3o \u00e9 um saque -\u2002Consumidores na promo\u00e7\u00e3o de uma loja, em 2014: aumentou o n\u00famero de lares com eletrodom\u00e9sticos\u00a0Ivan Pacheco\/VEJA Pesquisa realizada pelo time de Intelig\u00eancia de Mercado da Globo mostra que a Black Friday ser\u00e1 ainda mais importante neste ano \u2014 marcando uma retomada importante para o varejo brasileiro no quarto trimestre. O estudo [&hellip;]<\/p>\n","protected":false},"author":1,"featured_media":58120,"comment_status":"open","ping_status":"open","sticky":false,"template":"","format":"standard","meta":{"footnotes":""},"categories":[7],"tags":[],"class_list":["post-58119","post","type-post","status-publish","format-standard","has-post-thumbnail","hentry","category-economia"],"_links":{"self":[{"href":"https:\/\/wiy.com.br\/noticias\/wp-json\/wp\/v2\/posts\/58119","targetHints":{"allow":["GET"]}}],"collection":[{"href":"https:\/\/wiy.com.br\/noticias\/wp-json\/wp\/v2\/posts"}],"about":[{"href":"https:\/\/wiy.com.br\/noticias\/wp-json\/wp\/v2\/types\/post"}],"author":[{"embeddable":true,"href":"https:\/\/wiy.com.br\/noticias\/wp-json\/wp\/v2\/users\/1"}],"replies":[{"embeddable":true,"href":"https:\/\/wiy.com.br\/noticias\/wp-json\/wp\/v2\/comments?post=58119"}],"version-history":[{"count":0,"href":"https:\/\/wiy.com.br\/noticias\/wp-json\/wp\/v2\/posts\/58119\/revisions"}],"wp:featuredmedia":[{"embeddable":true,"href":"https:\/\/wiy.com.br\/noticias\/wp-json\/wp\/v2\/media\/58120"}],"wp:attachment":[{"href":"https:\/\/wiy.com.br\/noticias\/wp-json\/wp\/v2\/media?parent=58119"}],"wp:term":[{"taxonomy":"category","embeddable":true,"href":"https:\/\/wiy.com.br\/noticias\/wp-json\/wp\/v2\/categories?post=58119"},{"taxonomy":"post_tag","embeddable":true,"href":"https:\/\/wiy.com.br\/noticias\/wp-json\/wp\/v2\/tags?post=58119"}],"curies":[{"name":"wp","href":"https:\/\/api.w.org\/{rel}","templated":true}]}}