{"id":58110,"date":"2023-02-26T15:02:22","date_gmt":"2023-02-26T18:02:22","guid":{"rendered":"https:\/\/wiy.com.br\/noticias\/administradora-de-shoppings-quer-impulsionar-vendas-online-de-lojistas\/"},"modified":"2020-08-27T17:32:13","modified_gmt":"2020-08-27T20:32:13","slug":"administradora-de-shoppings-quer-impulsionar-vendas-online-de-lojistas","status":"publish","type":"post","link":"https:\/\/wiy.com.br\/noticias\/administradora-de-shoppings-quer-impulsionar-vendas-online-de-lojistas\/","title":{"rendered":"Administradora de shoppings quer impulsionar vendas online de lojistas"},"content":{"rendered":"<p> <br \/>\n<\/p>\n<div id=\"post-3683855\">\n<figure class=\"featured-media media-open\"><img title = \"[Tags]\"data-src=\"https:\/\/veja.abril.com.br\/wp-content\/uploads\/2020\/05\/villa-lobos_shopping.jpg\" class=\"abril-image optimized lazyload\" abril-data-id=\"3683855\"  data- data-pin-nopin=\"false\"alt = \"villa-lobos_shopping Administradora de shoppings quer impulsionar vendas online de lojistas\"\/><figcaption class=\"caption\">\u00a0brMalls\/Divulga\u00e7\u00e3o<\/figcaption><\/figure>\n<section class=\"content\">\n<p>De olho no crescimento das vendas online, a administradora de shopping centers brMalls que incentivar o uso de vendas digitais durante a Semana Brasil \u2014 data para impulsionar o com\u00e9rcio organizada pelo governo federal, em setembro.<\/p>\n<p>A iniciativa faz parte da estrat\u00e9gia da administradora em ajudar os varejistas a recuperarem as vendas afetadas pela crise, oferecendo novas solu\u00e7\u00f5es digitais aceleradas pela pandemia como o drive-thru, delivery e os chamados \u201cmarketplaces\u201d, dispon\u00edveis em oito shoppings da administradora no Rio e em S\u00e3o Paulo.<\/p>\n<\/section><\/div>\n<p><br \/>\n<br \/><a href=\"https:\/\/veja.abril.com.br\/blog\/radar\/administradora-de-shoppings-quer-impulsionar-vendas-online-de-lojistas\/\">Fonte do Artigo<\/a><br \/>\nTags: <\/p>\n<p><a title=\"IBJE\" href=\"https:\/\/ibge.gov.br\/\">#IBJE<\/a> <a title=\"FGV\" href=\"https:\/\/portal.fgv.br\/\">#FGV<\/a> <a title=\"LOTOFACIL\" href=\"http:\/\/loterias.caixa.gov.br\/wps\/portal\/loterias\/landing\/lotofacil\/\">#LOTOFACIL<\/a> <a title=\"TINDER\" href=\"https:\/\/tinder.com\/?lang=pt-BR\">#TINDER<\/a> <a title=\"GMAILGOOGLE\" href=\"https:\/\/mail.google.com\">#GMAILGOOGLE<\/a> <a title=\"TIKTOK\" href=\"https:\/\/www.tiktok.com\/pt_BR\/\">#TIKTOK<\/a><\/p>\n","protected":false},"excerpt":{"rendered":"<p>\u00a0brMalls\/Divulga\u00e7\u00e3o De olho no crescimento das vendas online, a administradora de shopping centers brMalls que incentivar o uso de vendas digitais durante a Semana Brasil \u2014 data para impulsionar o com\u00e9rcio organizada pelo governo federal, em setembro. A iniciativa faz parte da estrat\u00e9gia da administradora em ajudar os varejistas a recuperarem as vendas afetadas pela [&hellip;]<\/p>\n","protected":false},"author":1,"featured_media":52345,"comment_status":"open","ping_status":"open","sticky":false,"template":"","format":"standard","meta":{"footnotes":""},"categories":[7],"tags":[],"class_list":["post-58110","post","type-post","status-publish","format-standard","has-post-thumbnail","hentry","category-economia"],"_links":{"self":[{"href":"https:\/\/wiy.com.br\/noticias\/wp-json\/wp\/v2\/posts\/58110","targetHints":{"allow":["GET"]}}],"collection":[{"href":"https:\/\/wiy.com.br\/noticias\/wp-json\/wp\/v2\/posts"}],"about":[{"href":"https:\/\/wiy.com.br\/noticias\/wp-json\/wp\/v2\/types\/post"}],"author":[{"embeddable":true,"href":"https:\/\/wiy.com.br\/noticias\/wp-json\/wp\/v2\/users\/1"}],"replies":[{"embeddable":true,"href":"https:\/\/wiy.com.br\/noticias\/wp-json\/wp\/v2\/comments?post=58110"}],"version-history":[{"count":0,"href":"https:\/\/wiy.com.br\/noticias\/wp-json\/wp\/v2\/posts\/58110\/revisions"}],"wp:featuredmedia":[{"embeddable":true,"href":"https:\/\/wiy.com.br\/noticias\/wp-json\/wp\/v2\/media\/52345"}],"wp:attachment":[{"href":"https:\/\/wiy.com.br\/noticias\/wp-json\/wp\/v2\/media?parent=58110"}],"wp:term":[{"taxonomy":"category","embeddable":true,"href":"https:\/\/wiy.com.br\/noticias\/wp-json\/wp\/v2\/categories?post=58110"},{"taxonomy":"post_tag","embeddable":true,"href":"https:\/\/wiy.com.br\/noticias\/wp-json\/wp\/v2\/tags?post=58110"}],"curies":[{"name":"wp","href":"https:\/\/api.w.org\/{rel}","templated":true}]}}