{"id":5792,"date":"2023-02-26T14:52:45","date_gmt":"2023-02-26T17:52:45","guid":{"rendered":"https:\/\/wiy.com.br\/noticias\/omc-indicador-mais-baixo-em-9-anos-alerta-para-desaceleracao-do-comercio\/"},"modified":"2019-02-19T10:09:34","modified_gmt":"2019-02-19T13:09:34","slug":"omc-indicador-mais-baixo-em-9-anos-alerta-para-desaceleracao-do-comercio","status":"publish","type":"post","link":"https:\/\/wiy.com.br\/noticias\/omc-indicador-mais-baixo-em-9-anos-alerta-para-desaceleracao-do-comercio\/","title":{"rendered":"OMC: Indicador mais baixo em 9 anos alerta para desacelera\u00e7\u00e3o do com\u00e9rcio"},"content":{"rendered":"<p> <br \/>\n<\/p>\n<p>Genebra- O indicador antecedente trimestral sobre o <strong><a href=\"https:\/\/exame.abril.com.br\/noticias-sobre\/comercio\" target=\"_blank\" rel=\"noopener noreferrer\">com\u00e9rcio<\/a><\/strong> mundial de mercadorias caiu para seu menor n\u00edvel em nove anos nesta ter\u00e7a-feira, o que deve colocar as autoridades em alerta para uma desacelera\u00e7\u00e3o mais acentuada caso as tens\u00f5es comerciais continuem, disse a <strong><a href=\"https:\/\/exame.abril.com.br\/noticias-sobre\/omc\/\" target=\"_blank\" rel=\"noopener noreferrer\">Organiza\u00e7\u00e3o Mundial do Com\u00e9rcio<\/a><\/strong> nesta ter\u00e7a-feira.<\/p>\n<p>O indicador de perspectivas trimestrais da OMC, que \u00e9 composto por sete guias do com\u00e9rcio, mostrou uma leitura de 96,3, a mais fraca desde mar\u00e7o de 2010, ante 98,6 em novembro. Uma leitura abaixo de 100 sinaliza crescimento do com\u00e9rcio abaixo da tend\u00eancia.<\/p>\n<div class=\"widget-news widget-box no-margin no-border\"><span class=\"widget-news-title content-box-title\">Veja tamb\u00e9m<\/span><\/p>\n<ul class=\"widget-news-list\">\n<li class=\"widget-news-item without-thumb with-border\">\n<div class=\"widget-news-info\"><a href=\"http:\/\/exame.abril.com.br\/economia\">ECONOMIA<\/a><span class=\"widget-news-item-title\"><a href=\"https:\/\/exame.abril.com.br\/economia\/omc-75-paises-negociam-a-regulamentacao-do-comercio-eletronico\/\">OMC: 75 pa\u00edses negociam a regulamenta\u00e7\u00e3o do com\u00e9rcio eletr\u00f4nico<\/a><\/span><span class=\"widget-news-item-date\">25 jan 2019 &#8211; 08h01<\/span><\/div>\n<\/li>\n<\/ul>\n<\/div>\n<p>&#8220;Essa perda sustentada da for\u00e7a destaca a urg\u00eancia de reduzir as tens\u00f5es comerciais, que, juntamente com os riscos pol\u00edticos cont\u00ednuos e a volatilidade financeira, podem anteceder uma desacelera\u00e7\u00e3o econ\u00f4mica mais ampla&#8221;, disse a OMC em comunicado.<\/p>\n<p>A OMC previu em setembro do ano passado que o crescimento do com\u00e9rcio mundial diminuiria para 3,7 por cento em 2019, ante 3,9 por cento estimados em 2018, mas disse que pode haver uma desacelera\u00e7\u00e3o mais acentuada ou uma recupera\u00e7\u00e3o dependendo dos desenvolvimentos pol\u00edticos.<\/p>\n<p>O indicador trimestral \u00e9 baseado no volume de com\u00e9rcio de mercadorias no trimestre anterior, pedidos de exporta\u00e7\u00e3o, frete a\u00e9reo internacional, taxa de transfer\u00eancia do porto de cont\u00eaineres, produ\u00e7\u00e3o e venda de autom\u00f3veis, componentes eletr\u00f4nicos e mat\u00e9rias-primas agr\u00edcolas.<\/p>\n<p><br \/>\n<br \/><a href=\"https:\/\/exame.abril.com.br\/economia\/omc-indicador-mais-baixo-em-9-anos-alerta-para-desaceleracao-do-comercio\/\">Source link <\/a><\/p>\n","protected":false},"excerpt":{"rendered":"<p>Genebra- O indicador antecedente trimestral sobre o com\u00e9rcio mundial de mercadorias caiu para seu menor n\u00edvel em nove anos nesta ter\u00e7a-feira, o que deve colocar as autoridades em alerta para uma desacelera\u00e7\u00e3o mais acentuada caso as tens\u00f5es comerciais continuem, disse a Organiza\u00e7\u00e3o Mundial do Com\u00e9rcio nesta ter\u00e7a-feira. O indicador de perspectivas trimestrais da OMC, que [&hellip;]<\/p>\n","protected":false},"author":1,"featured_media":5793,"comment_status":"open","ping_status":"open","sticky":false,"template":"","format":"standard","meta":{"footnotes":""},"categories":[337],"tags":[],"class_list":["post-5792","post","type-post","status-publish","format-standard","has-post-thumbnail","hentry","category-noticias"],"_links":{"self":[{"href":"https:\/\/wiy.com.br\/noticias\/wp-json\/wp\/v2\/posts\/5792","targetHints":{"allow":["GET"]}}],"collection":[{"href":"https:\/\/wiy.com.br\/noticias\/wp-json\/wp\/v2\/posts"}],"about":[{"href":"https:\/\/wiy.com.br\/noticias\/wp-json\/wp\/v2\/types\/post"}],"author":[{"embeddable":true,"href":"https:\/\/wiy.com.br\/noticias\/wp-json\/wp\/v2\/users\/1"}],"replies":[{"embeddable":true,"href":"https:\/\/wiy.com.br\/noticias\/wp-json\/wp\/v2\/comments?post=5792"}],"version-history":[{"count":0,"href":"https:\/\/wiy.com.br\/noticias\/wp-json\/wp\/v2\/posts\/5792\/revisions"}],"wp:featuredmedia":[{"embeddable":true,"href":"https:\/\/wiy.com.br\/noticias\/wp-json\/wp\/v2\/media\/5793"}],"wp:attachment":[{"href":"https:\/\/wiy.com.br\/noticias\/wp-json\/wp\/v2\/media?parent=5792"}],"wp:term":[{"taxonomy":"category","embeddable":true,"href":"https:\/\/wiy.com.br\/noticias\/wp-json\/wp\/v2\/categories?post=5792"},{"taxonomy":"post_tag","embeddable":true,"href":"https:\/\/wiy.com.br\/noticias\/wp-json\/wp\/v2\/tags?post=5792"}],"curies":[{"name":"wp","href":"https:\/\/api.w.org\/{rel}","templated":true}]}}