{"id":57747,"date":"2023-02-26T15:01:05","date_gmt":"2023-02-26T18:01:05","guid":{"rendered":"https:\/\/wiy.com.br\/noticias\/brasil-cria-mais-de-130-mil-vagas-de-emprego-em-julho\/"},"modified":"2020-08-21T15:15:23","modified_gmt":"2020-08-21T18:15:23","slug":"brasil-cria-mais-de-130-mil-vagas-de-emprego-em-julho","status":"publish","type":"post","link":"https:\/\/wiy.com.br\/noticias\/brasil-cria-mais-de-130-mil-vagas-de-emprego-em-julho\/","title":{"rendered":"Brasil cria mais de 130 mil vagas de emprego em julho"},"content":{"rendered":"<p> <br \/>\n<\/p>\n<div id=\"post-3680835\">\n<figure class=\"featured-media media-open\"><img title = \"[Tags]\"data-src=\"https:\/\/veja.abril.com.br\/wp-content\/uploads\/2019\/02\/economia-previdencia-social-carteira-de-trabalho-20190219-003-copy.jpg\" class=\"abril-image optimized lazyload\" abril-data-id=\"3680835\"  data- data-pin-nopin=\"false\"alt = \"economia-previdencia-social-carteira-de-trabalho-20190219-003-copy Brasil cria mais de 130 mil vagas de emprego em julho\"\/><figcaption class=\"caption\">Mulher segura carteiras de trabalho em posto da Previd\u00eancia Social no Rio de Janeiro (RJ) &#8211; 19\/02\/2019\u00a0Carl de Souza\/AFP<\/figcaption><\/figure>\n<section class=\"content\">\n<p>Pela primeira vez desde mar\u00e7o, quando a <strong>Covid-19<\/strong> provocou a necess\u00e1ria paralisa\u00e7\u00e3o das atividades, o Brasil registrou mais admiss\u00f5es do que demiss\u00f5es em um m\u00eas. Em julho, foram abertas 1.043.650 vagas formais de emprego, enquanto 912.640 pessoas amargaram demiss\u00f5es \u2014 um saldo positivo, portanto, em 131.010 vagas, mostrando que, de fato, na crise econ\u00f4mica decorrente da pandemia, o pior ficou para tr\u00e1s. Os dados s\u00e3o do Cadastro Geral de Empregados e Desempregados, do Minist\u00e9rio da Economia. No acumulado do ano, percebe-se a gravidade da doen\u00e7a para a cria\u00e7\u00e3o de vagas no pa\u00eds. Entre janeiro e julho, o pa\u00eds fechou mais de 1 milh\u00e3o de vagas. Atingido em cheio pela crise, o setor de servi\u00e7os foi o mais prejudicado no ano, com saldo negativo em 536.492 postos de trabalho.<\/p>\n<p><em>Mais informa\u00e7\u00f5es em instantes<\/em><\/p>\n<\/section><\/div>\n<p><br \/>\n<br \/><a href=\"https:\/\/veja.abril.com.br\/economia\/brasil-cria-mais-de-130-mil-vagas-de-emprego-em-julho\/\">Fonte do Artigo<\/a><br \/>\nTags: <\/p>\n<p><a title=\"IBJE\" href=\"https:\/\/ibge.gov.br\/\">#IBJE<\/a> <a title=\"FGV\" href=\"https:\/\/portal.fgv.br\/\">#FGV<\/a> <a title=\"LOTOFACIL\" href=\"http:\/\/loterias.caixa.gov.br\/wps\/portal\/loterias\/landing\/lotofacil\/\">#LOTOFACIL<\/a> <a title=\"TINDER\" href=\"https:\/\/tinder.com\/?lang=pt-BR\">#TINDER<\/a> <a title=\"GMAILGOOGLE\" href=\"https:\/\/mail.google.com\">#GMAILGOOGLE<\/a> <a title=\"TIKTOK\" href=\"https:\/\/www.tiktok.com\/pt_BR\/\">#TIKTOK<\/a><\/p>\n","protected":false},"excerpt":{"rendered":"<p>Mulher segura carteiras de trabalho em posto da Previd\u00eancia Social no Rio de Janeiro (RJ) &#8211; 19\/02\/2019\u00a0Carl de Souza\/AFP Pela primeira vez desde mar\u00e7o, quando a Covid-19 provocou a necess\u00e1ria paralisa\u00e7\u00e3o das atividades, o Brasil registrou mais admiss\u00f5es do que demiss\u00f5es em um m\u00eas. Em julho, foram abertas 1.043.650 vagas formais de emprego, enquanto 912.640 [&hellip;]<\/p>\n","protected":false},"author":1,"featured_media":57748,"comment_status":"open","ping_status":"open","sticky":false,"template":"","format":"standard","meta":{"footnotes":""},"categories":[7],"tags":[],"class_list":["post-57747","post","type-post","status-publish","format-standard","has-post-thumbnail","hentry","category-economia"],"_links":{"self":[{"href":"https:\/\/wiy.com.br\/noticias\/wp-json\/wp\/v2\/posts\/57747","targetHints":{"allow":["GET"]}}],"collection":[{"href":"https:\/\/wiy.com.br\/noticias\/wp-json\/wp\/v2\/posts"}],"about":[{"href":"https:\/\/wiy.com.br\/noticias\/wp-json\/wp\/v2\/types\/post"}],"author":[{"embeddable":true,"href":"https:\/\/wiy.com.br\/noticias\/wp-json\/wp\/v2\/users\/1"}],"replies":[{"embeddable":true,"href":"https:\/\/wiy.com.br\/noticias\/wp-json\/wp\/v2\/comments?post=57747"}],"version-history":[{"count":0,"href":"https:\/\/wiy.com.br\/noticias\/wp-json\/wp\/v2\/posts\/57747\/revisions"}],"wp:featuredmedia":[{"embeddable":true,"href":"https:\/\/wiy.com.br\/noticias\/wp-json\/wp\/v2\/media\/57748"}],"wp:attachment":[{"href":"https:\/\/wiy.com.br\/noticias\/wp-json\/wp\/v2\/media?parent=57747"}],"wp:term":[{"taxonomy":"category","embeddable":true,"href":"https:\/\/wiy.com.br\/noticias\/wp-json\/wp\/v2\/categories?post=57747"},{"taxonomy":"post_tag","embeddable":true,"href":"https:\/\/wiy.com.br\/noticias\/wp-json\/wp\/v2\/tags?post=57747"}],"curies":[{"name":"wp","href":"https:\/\/api.w.org\/{rel}","templated":true}]}}