{"id":57654,"date":"2023-02-26T15:00:58","date_gmt":"2023-02-26T18:00:58","guid":{"rendered":"https:\/\/wiy.com.br\/noticias\/governo-estuda-prorrogar-reducao-de-jornada-de-trabalho-e-salario\/"},"modified":"2020-08-20T12:02:56","modified_gmt":"2020-08-20T15:02:56","slug":"governo-estuda-prorrogar-reducao-de-jornada-de-trabalho-e-salario","status":"publish","type":"post","link":"https:\/\/wiy.com.br\/noticias\/governo-estuda-prorrogar-reducao-de-jornada-de-trabalho-e-salario\/","title":{"rendered":"Governo estuda prorrogar redu\u00e7\u00e3o de jornada de trabalho e sal\u00e1rio"},"content":{"rendered":"<p> <br \/>\n<\/p>\n<p>O<strong> governo federal<\/strong> estuda ampliar por mais 60 dias o prazo de <strong>redu\u00e7\u00e3o proporcional de jornada, sal\u00e1rio e suspens\u00e3o tempor\u00e1ria do contrato de trabalho<\/strong> em meio \u00e0 pandemia do coronav\u00edrus. As informa\u00e7\u00f5es s\u00e3o do Estad\u00e3o.<\/p>\n<p>De acordo com o jornal, o presidente Jair Bolsonaro deve editar um novo decreto para permitir a prorroga\u00e7\u00e3o. O \u00faltimo foi feito em julho, quando o mandat\u00e1rio estendeu por um m\u00eas a possibilidade das redu\u00e7\u00f5es.<\/p>\n<p>O Minist\u00e9rio da Economia diz que 9,6 milh\u00f5es de trabalhadores formais j\u00e1 tiveram os sal\u00e1rios reduzidos ou contratos suspensos desde abril.<\/p>\n<p>Se confirmada a prorroga\u00e7\u00e3o, os trabalhadores brasileiros poder\u00e3o chegar a seis meses de sal\u00e1rio e jornada reduzidos ou de suspens\u00e3o do contrato de trabalho.<\/p>\n<div class=\"d-lg-flex m-0 justify-content-between\">\n<div class=\"article-author d-flex\">\n<div class=\"author-image-container\">\n<div class=\"author-thumbnail\">\n<div class=\"block related-posts\">\n<ul class=\"block-menu\">\n<li data-tab=\"tab-1\" class=\"active\">Relacionadas<\/li>\n<li data-tab=\"tab-2\">Mais Lidas<\/li>\n<\/ul>\n<div id=\"tab-1\" class=\"block-content active\">\n<div class=\"row\">\n<li class=\"widget-news-item without-thumb with-border\">\n<div class=\"widget-news-info\"><a href=\"http:\/\/vejasp.abril.com.br\/cultura-lazer\">Cultura &amp; Lazer<\/a><span class=\"widget-news-item-title\"><a href=\"https:\/\/vejasp.abril.com.br\/cultura-lazer\/eu-me-apaixonei-pelo-homem-que-me-assaltou\/\">\u201cEu me apaixonei pelo homem que me assaltou\u201d<\/a><\/span><span class=\"widget-news-item-date\">14 ago 2020 &#8211; 06h08<\/span><\/div>\n<\/li>\n<\/div>\n<\/div>\n<div id=\"tab-2\" class=\"block-content\">\n<div class=\"row\">\n<div class=\"col-s-12 col-l-3\"><a href=\"https:\/\/vejasp.abril.com.br\/cidades\/frio-neve-sao-paulo-agosto-previsao-tempo\/\" class=\"card\"><span class=\"category hide-s\">Cidades<\/span><img title = \"[Tags]\"data-src=\"https:\/\/vejasp.abril.com.br\/wp-content\/uploads\/2017\/07\/inverno-2017-sp-02.jpg?quality=70&amp;strip=info&amp;w=294&amp;h=200&amp;crop=1\"alt = \"inverno-2017-sp-02 Governo estuda prorrogar redu\u00e7\u00e3o de jornada de trabalho e sal\u00e1rio\" class=\"lazyload media\" style=\"max-width:100%\"><span class=\"category hide-l\">Cidades<\/span><span class=\"title\"><strong>1<\/strong>Neve em S\u00e3o Paulo: forte frente fria pode provocar fen\u00f4meno no estado<\/span><\/a><\/div>\n<div class=\"col-s-12 col-l-3\"><a href=\"https:\/\/vejasp.abril.com.br\/cultura-lazer\/eu-me-apaixonei-pelo-homem-que-me-assaltou\/\" class=\"card\"><span class=\"category hide-s\">Cultura &amp; Lazer<\/span><img title = \"[Tags]\"data-src=\"https:\/\/vejasp.abril.com.br\/wp-content\/uploads\/2020\/08\/Nosso-Louco-Amor-Lana-e-Emerson.jpg?quality=70&amp;strip=info&amp;w=294&amp;h=200&amp;crop=1\"alt = \"inverno-2017-sp-02 Governo estuda prorrogar redu\u00e7\u00e3o de jornada de trabalho e sal\u00e1rio\" class=\"lazyload media\" style=\"max-width:100%\"><span class=\"category hide-l\">Cultura &amp; Lazer<\/span><span class=\"title\"><strong>2<\/strong>\u201cEu me apaixonei pelo homem que me assaltou\u201d<\/span><\/a><\/div>\n<div class=\"col-s-12 col-l-3\"><a href=\"https:\/\/vejasp.abril.com.br\/cidades\/frente-fria-sao-paulo\/\" class=\"card\"><span class=\"category hide-s\">Cidades<\/span><img title = \"[Tags]\"data-src=\"https:\/\/vejasp.abril.com.br\/wp-content\/uploads\/2020\/02\/chuva-temporal-consolacao-1.jpg?quality=70&amp;strip=info&amp;w=294&amp;h=200&amp;crop=1\"alt = \"inverno-2017-sp-02 Governo estuda prorrogar redu\u00e7\u00e3o de jornada de trabalho e sal\u00e1rio\" class=\"lazyload media\" style=\"max-width:100%\"><span class=\"category hide-l\">Cidades<\/span><span class=\"title\"><strong>3<\/strong>Ap\u00f3s chegada de frente fria, como fica o tempo na semana em S\u00e3o Paulo<\/span><\/a><\/div>\n<div class=\"col-s-12 col-l-3\"><a href=\"https:\/\/vejasp.abril.com.br\/blog\/arnaldo-lorencato\/restaurante-president-do-chef-erick-jacquin-e-interditado\/\" class=\"card\"><span class=\"category hide-s\">Comida &amp; Bebida<\/span><img title = \"[Tags]\"data-src=\"https:\/\/vejasp.abril.com.br\/wp-content\/uploads\/2020\/08\/president-jac.jpg?quality=70&amp;strip=info&amp;w=294&amp;h=200&amp;crop=1\"alt = \"inverno-2017-sp-02 Governo estuda prorrogar redu\u00e7\u00e3o de jornada de trabalho e sal\u00e1rio\" class=\"lazyload media\" style=\"max-width:100%\"><span class=\"category hide-l\">Comida &amp; Bebida<\/span><span class=\"title\"><strong>4<\/strong>Restaurante Pr\u00e9sident, do chef Erick Jacquin, \u00e9 interditado<\/span><\/a><\/div>\n<\/div>\n<\/div>\n<\/div>\n<\/div>\n<\/div>\n<\/div>\n<\/div>\n<p><br \/>\n<br \/><a href=\"https:\/\/vejasp.abril.com.br\/cidades\/reducao-jornada-salario-trabalho-governo\/\">Fonte do Artigo <\/a><br \/>\nTags:<br \/>\n#loterias #loteriascaixa #megasena #resultadoapostas#noticias #noticiario  #noticia #brasil #noticiascolombia #mundo #esporte #colombia #noticiadeld #ltimasnoticias  #noticiario #noticiasregionales #noticiasdepartamentales #noticiashoy #esportes #noticiaahora #elinformantenoticias #noticiasdeboyac  #esporteinterativo #esportivo #diariodosesportes  #noticiero  #jogodefutebol #jogos #loto #apostas<\/p>\n","protected":false},"excerpt":{"rendered":"<p>O governo federal estuda ampliar por mais 60 dias o prazo de redu\u00e7\u00e3o proporcional de jornada, sal\u00e1rio e suspens\u00e3o tempor\u00e1ria do contrato de trabalho em meio \u00e0 pandemia do coronav\u00edrus. As informa\u00e7\u00f5es s\u00e3o do Estad\u00e3o. De acordo com o jornal, o presidente Jair Bolsonaro deve editar um novo decreto para permitir a prorroga\u00e7\u00e3o. O \u00faltimo [&hellip;]<\/p>\n","protected":false},"author":1,"featured_media":56007,"comment_status":"open","ping_status":"open","sticky":false,"template":"","format":"standard","meta":{"footnotes":""},"categories":[1],"tags":[],"class_list":["post-57654","post","type-post","status-publish","format-standard","has-post-thumbnail","hentry","category-curso-de-copy"],"_links":{"self":[{"href":"https:\/\/wiy.com.br\/noticias\/wp-json\/wp\/v2\/posts\/57654","targetHints":{"allow":["GET"]}}],"collection":[{"href":"https:\/\/wiy.com.br\/noticias\/wp-json\/wp\/v2\/posts"}],"about":[{"href":"https:\/\/wiy.com.br\/noticias\/wp-json\/wp\/v2\/types\/post"}],"author":[{"embeddable":true,"href":"https:\/\/wiy.com.br\/noticias\/wp-json\/wp\/v2\/users\/1"}],"replies":[{"embeddable":true,"href":"https:\/\/wiy.com.br\/noticias\/wp-json\/wp\/v2\/comments?post=57654"}],"version-history":[{"count":0,"href":"https:\/\/wiy.com.br\/noticias\/wp-json\/wp\/v2\/posts\/57654\/revisions"}],"wp:featuredmedia":[{"embeddable":true,"href":"https:\/\/wiy.com.br\/noticias\/wp-json\/wp\/v2\/media\/56007"}],"wp:attachment":[{"href":"https:\/\/wiy.com.br\/noticias\/wp-json\/wp\/v2\/media?parent=57654"}],"wp:term":[{"taxonomy":"category","embeddable":true,"href":"https:\/\/wiy.com.br\/noticias\/wp-json\/wp\/v2\/categories?post=57654"},{"taxonomy":"post_tag","embeddable":true,"href":"https:\/\/wiy.com.br\/noticias\/wp-json\/wp\/v2\/tags?post=57654"}],"curies":[{"name":"wp","href":"https:\/\/api.w.org\/{rel}","templated":true}]}}