{"id":57621,"date":"2023-02-26T15:50:06","date_gmt":"2023-02-26T18:50:06","guid":{"rendered":"https:\/\/wiy.com.br\/noticias\/guedes-teto-e-sinal-de-incapacidade-do-pais-de-lidar-com-orcamento\/"},"modified":"2020-08-19T22:22:30","modified_gmt":"2020-08-20T01:22:30","slug":"guedes-teto-e-sinal-de-incapacidade-do-pais-de-lidar-com-orcamento","status":"publish","type":"post","link":"https:\/\/wiy.com.br\/noticias\/guedes-teto-e-sinal-de-incapacidade-do-pais-de-lidar-com-orcamento\/","title":{"rendered":"Guedes: Teto \u00e9 sinal de incapacidade do pa\u00eds de lidar com Or\u00e7amento"},"content":{"rendered":"<p> <br \/>\n<\/p>\n<div id=\"\">\n<p>O teto federal de gastos ser\u00e1 necess\u00e1rio enquanto n\u00e3o forem feitas reformas estruturais na economia brasileira, disse nesta quarta-feira, 19, o ministro da Economia, <strong>Paulo Guedes<\/strong>.<\/p>\n<p>Ele avalia que o mecanismo s\u00f3 existe por causa da incapacidade do pa\u00eds de tomar decis\u00f5es no Or\u00e7amento: \u201cSe n\u00f3s n\u00e3o assumirmos os or\u00e7amentos p\u00fablicos, tem que botar um teto. Mas o teto na verdade \u00e9 uma trava que pressup\u00f5e incapacidade da classe pol\u00edtica de trabalhar seus pr\u00f3prios or\u00e7amentos\u201d disse o ministro, durante cerim\u00f4nia no Pal\u00e1cio do Planalto.<\/p>\n<p>Guedes afirmou que pode ser necess\u00e1rio travar o piso de gastos obrigat\u00f3rios para que o governo possa retomar a capacidade de investimentos.<\/p>\n<p>\u201cO teto sem as paredes, com o piso subindo, \u00e9 uma quest\u00e3o de tempo. Ent\u00e3o vai ter um momento em que n\u00f3s vamos ter que superar isso e travar o piso, recuperando o espa\u00e7o para os investimentos p\u00fablicos e para as decis\u00f5es corretas. Enquanto isso n\u00e3o houver, o teto \u00e9 indispens\u00e1vel. \u00c9 como se fosse uma promessa de seriedade na condu\u00e7\u00e3o dos or\u00e7amentos p\u00fablicos\u201d, declarou o ministro.<\/p>\n<div class=\"ads post-ads\"><span class=\"title\" style=\"display:block\">Continua ap\u00f3s a publicidade<\/span><\/div>\n<section class=\"block newsletter  single-newsletter \">\n<div class=\"container\">\n<div class=\"row\">\n<p>\n        <span class=\"description\">Saiba logo no in\u00edcio da manh\u00e3 as not\u00edcias mais importantes sobre a pandemia do coronavirus e seus desdobramentos. <strong> <span class=\"btn-newsletter-assine\"> Inscreva-se aqui <\/span><\/strong> para receber a nossa newsletter<\/span>\n      <\/p>\n<div class=\"msg-return\">\n<h2>Cadastro efetuado com sucesso!<\/h2>\n<p>Voc\u00ea receber\u00e1 nossas newsletters pela manh\u00e3 de segunda a sexta-feira.<\/p>\n<\/p><\/div>\n<\/p><\/div>\n<\/p><\/div>\n<\/section>\n<p>Para o ministro, o teto e as reformas estruturais s\u00e3o indispens\u00e1veis para que o Brasil alcance uma trajet\u00f3ria de crescimento sustent\u00e1vel a partir de 2021. Segundo ele, as medidas de est\u00edmulo ao cr\u00e9dito, aliadas \u00e0 retomada das exporta\u00e7\u00f5es e \u00e0 recupera\u00e7\u00e3o da constru\u00e7\u00e3o civil podem ser executadas paralelamente ao aprofundamento das reformas.<\/p>\n<h3>Cr\u00edticas ao Senado<\/h3>\n<p>Guedes tamb\u00e9m criticou a decis\u00e3o do Senado de derrubar o veto do presidente Jair Bolsonaro ao reajuste de sal\u00e1rios de servidores durante a pandemia do coronav\u00edrus. Ele disse que o Senado deu \u201cum p\u00e9ssimo sinal\u201d e classificou a decis\u00e3o como \u201cum crime contra o pa\u00eds\u201d.<\/p>\n<p>O tema ainda precisa ser analisado pela C\u00e2mara dos Deputados, em sess\u00e3o adiada para esta quinta-feira (20) porque a base aliada do governo foi surpreendida com a derrubada do veto pelos senadores.<\/p>\n<h3>Confian\u00e7a<\/h3>\n<p>Em seu discurso, o ministro reafirmou a proximidade com o presidente Jair Bolsonaro, indicando a confian\u00e7a m\u00fatua entre os dois. \u201cDesde que eu conheci o presidente, eu confiei. Ele n\u00e3o me faltou a confian\u00e7a nunca, e eu espero tamb\u00e9m n\u00e3o ter faltado em nenhum momento. N\u00f3s estamos juntos\u201d, declarou.<\/p>\n<div class=\"ads post-ads\"><span class=\"title\" style=\"display:block\">Continua ap\u00f3s a publicidade<\/span><\/div>\n<p>Guedes ressaltou que o tempo das reformas corresponde \u00e0 pol\u00edtica e que quem tem os votos \u00e9 o presidente. Disse que medidas como o aux\u00edlio emergencial, o saque emergencial do Fundo de Garantia do Tempo de Servi\u00e7o (FGTS) e o est\u00edmulo ao cr\u00e9dito para empresas de menor porte dar\u00e3o igni\u00e7\u00e3o para que a economia reaja at\u00e9 o fim do ano. A partir de 2021, no entanto, a preocupa\u00e7\u00e3o com as contas p\u00fablicas deve ser retomada.<\/p>\n<p>\u201cTudo isso agora est\u00e1 empurrando a economia neste final de ano, e n\u00f3s esperamos ir aprofundando as reformas. De forma que o Brasil, j\u00e1 olhando para o ano seguinte, est\u00e1 de volta no trilho do desenvolvimento sustent\u00e1vel, que \u00e9 onde est\u00e1vamos antes\u201d, comentou o ministro.<\/p>\n<p><em>Com Ag\u00eancia Brasil<\/em><\/p>\n<\/p><\/div>\n<p><br \/>\n<br \/><a href=\"https:\/\/veja.abril.com.br\/economia\/guedes-teto-e-sinal-de-incapacidade-do-pais-de-lidar-com-orcamento\/\">Fonte do Artigo<\/a><br \/>\nTags: <\/p>\n<p><a title=\"IBJE\" href=\"https:\/\/ibge.gov.br\/\">#IBJE<\/a> <a title=\"FGV\" href=\"https:\/\/portal.fgv.br\/\">#FGV<\/a> <a title=\"LOTOFACIL\" href=\"http:\/\/loterias.caixa.gov.br\/wps\/portal\/loterias\/landing\/lotofacil\/\">#LOTOFACIL<\/a> <a title=\"TINDER\" href=\"https:\/\/tinder.com\/?lang=pt-BR\">#TINDER<\/a> <a title=\"GMAILGOOGLE\" href=\"https:\/\/mail.google.com\">#GMAILGOOGLE<\/a> <a title=\"TIKTOK\" href=\"https:\/\/www.tiktok.com\/pt_BR\/\">#TIKTOK<\/a><\/p>\n","protected":false},"excerpt":{"rendered":"<p>O teto federal de gastos ser\u00e1 necess\u00e1rio enquanto n\u00e3o forem feitas reformas estruturais na economia brasileira, disse nesta quarta-feira, 19, o ministro da Economia, Paulo Guedes. Ele avalia que o mecanismo s\u00f3 existe por causa da incapacidade do pa\u00eds de tomar decis\u00f5es no Or\u00e7amento: \u201cSe n\u00f3s n\u00e3o assumirmos os or\u00e7amentos p\u00fablicos, tem que botar um [&hellip;]<\/p>\n","protected":false},"author":1,"featured_media":52218,"comment_status":"open","ping_status":"open","sticky":false,"template":"","format":"standard","meta":{"footnotes":""},"categories":[7],"tags":[],"class_list":["post-57621","post","type-post","status-publish","format-standard","has-post-thumbnail","hentry","category-economia"],"_links":{"self":[{"href":"https:\/\/wiy.com.br\/noticias\/wp-json\/wp\/v2\/posts\/57621","targetHints":{"allow":["GET"]}}],"collection":[{"href":"https:\/\/wiy.com.br\/noticias\/wp-json\/wp\/v2\/posts"}],"about":[{"href":"https:\/\/wiy.com.br\/noticias\/wp-json\/wp\/v2\/types\/post"}],"author":[{"embeddable":true,"href":"https:\/\/wiy.com.br\/noticias\/wp-json\/wp\/v2\/users\/1"}],"replies":[{"embeddable":true,"href":"https:\/\/wiy.com.br\/noticias\/wp-json\/wp\/v2\/comments?post=57621"}],"version-history":[{"count":0,"href":"https:\/\/wiy.com.br\/noticias\/wp-json\/wp\/v2\/posts\/57621\/revisions"}],"wp:featuredmedia":[{"embeddable":true,"href":"https:\/\/wiy.com.br\/noticias\/wp-json\/wp\/v2\/media\/52218"}],"wp:attachment":[{"href":"https:\/\/wiy.com.br\/noticias\/wp-json\/wp\/v2\/media?parent=57621"}],"wp:term":[{"taxonomy":"category","embeddable":true,"href":"https:\/\/wiy.com.br\/noticias\/wp-json\/wp\/v2\/categories?post=57621"},{"taxonomy":"post_tag","embeddable":true,"href":"https:\/\/wiy.com.br\/noticias\/wp-json\/wp\/v2\/tags?post=57621"}],"curies":[{"name":"wp","href":"https:\/\/api.w.org\/{rel}","templated":true}]}}