{"id":57611,"date":"2023-02-26T15:00:25","date_gmt":"2023-02-26T18:00:25","guid":{"rendered":"https:\/\/wiy.com.br\/noticias\/guedes-e-marinho-fumam-o-cachimbo-da-paz\/"},"modified":"2020-08-19T20:17:44","modified_gmt":"2020-08-19T23:17:44","slug":"guedes-e-marinho-fumam-o-cachimbo-da-paz","status":"publish","type":"post","link":"https:\/\/wiy.com.br\/noticias\/guedes-e-marinho-fumam-o-cachimbo-da-paz\/","title":{"rendered":"Guedes e Marinho fumam o cachimbo da paz"},"content":{"rendered":"<p> <br \/>\n<\/p>\n<div id=\"post-3679278\">\n<figure class=\"featured-media media-open\"><img title = \"[Tags]\"data-src=\"https:\/\/veja.abril.com.br\/wp-content\/uploads\/2020\/08\/WhatsApp-Image-2020-08-19-at-20.01.54.jpeg\" class=\"abril-image optimized lazyload\" abril-data-id=\"3679278\"  data- data-pin-nopin=\"false\"alt = \"WhatsApp-Image-2020-08-19-at-20.01.54 Guedes e Marinho fumam o cachimbo da paz\"\/><figcaption class=\"caption\">Paulo Guedes e Rog\u00e9rio Marinho, veja na foto, se reuniram h\u00e1 pouco para tratar das pautas que os unem no governo. \u00c9 o bom e velho &#8220;cachimbo da paz&#8221;.\u00a0Divulga\u00e7\u00e3o\/Divulga\u00e7\u00e3o<\/figcaption><\/figure>\n<section class=\"content\">\n<p>Paulo Guedes e Rog\u00e9rio Marinho, veja na foto, se reuniram h\u00e1 pouco para tratar das pautas que os unem no governo. \u00c9 o bom e velho \u201ccachimbo da paz\u201d.<\/p>\n<p>Marinho apresentou a Guedes as a\u00e7\u00f5es que est\u00e3o sendo realizadas pela pasta para a capta\u00e7\u00e3o de investimentos internacionais a partir do documento<\/p>\n<p>Tamb\u00e9m foram discutidas as a\u00e7\u00f5es de qualifica\u00e7\u00e3o da carteira de obras da pasta, por meio de um acordo com a <em>CBI \u2013 Climate Bonds Initiative<\/em>, certificadora que estabelecer\u00e1 diretrizes para que as a\u00e7\u00f5es do Desenvolvimento Regional sejam classificadas como \u201cverdes\u201d.<\/p>\n<p>Isso possibilitar\u00e1 que investidores possam emitir t\u00edtulos verdes para a capta\u00e7\u00e3o de recursos no mercado de maneira mais f\u00e1cil.<\/p>\n<figure id=\"attachment_3679286\" class=\"wp-caption alignnone  \"><img loading=\"lazy\" decoding=\"async\" class=\"wp-image-3679286 size-full\" src=\"https:\/\/veja.abril.com.br\/wp-content\/uploads\/2020\/08\/WhatsApp-Image-2020-08-19-at-20.01.55.jpeg?quality=70&amp;strip=info\" border=\"0\"alt = \"WhatsApp-Image-2020-08-19-at-20.01.54 Guedes e Marinho fumam o cachimbo da paz\"title = \"[Tags]\" width=\"1024\" height=\"819\" data-restrict=\"false\" data-portal-copyright=\"Divulga\u00e7\u00e3o\" data-image-caption=\"\" data-image-title=\"\" data-image-source=\"Divulga\u00e7\u00e3o\"\/><figcaption class=\"wp-caption-text\"> O documento \u201cVis\u00e3o Estrat\u00e9gica\u201d, elaborado para apresentar oportunidades de investimentos na carteira do MDR a investidores internacionais, foi entregue por Marinho a Guedes Divulga\u00e7\u00e3o\/Divulga\u00e7\u00e3o<\/figcaption><\/figure>\n<\/section><\/div>\n<p><br \/>\n<br \/><a href=\"https:\/\/veja.abril.com.br\/blog\/radar\/guedes-e-marinho-fumam-o-cachimbo-da-paz\/\">Fonte do Artigo<\/a><br \/>\nTags: <\/p>\n<p><a title=\"IBJE\" href=\"https:\/\/ibge.gov.br\/\">#IBJE<\/a> <a title=\"FGV\" href=\"https:\/\/portal.fgv.br\/\">#FGV<\/a> <a title=\"LOTOFACIL\" href=\"http:\/\/loterias.caixa.gov.br\/wps\/portal\/loterias\/landing\/lotofacil\/\">#LOTOFACIL<\/a> <a title=\"TINDER\" href=\"https:\/\/tinder.com\/?lang=pt-BR\">#TINDER<\/a> <a title=\"GMAILGOOGLE\" href=\"https:\/\/mail.google.com\">#GMAILGOOGLE<\/a> <a title=\"TIKTOK\" href=\"https:\/\/www.tiktok.com\/pt_BR\/\">#TIKTOK<\/a><\/p>\n","protected":false},"excerpt":{"rendered":"<p>Paulo Guedes e Rog\u00e9rio Marinho, veja na foto, se reuniram h\u00e1 pouco para tratar das pautas que os unem no governo. \u00c9 o bom e velho &#8220;cachimbo da paz&#8221;.\u00a0Divulga\u00e7\u00e3o\/Divulga\u00e7\u00e3o Paulo Guedes e Rog\u00e9rio Marinho, veja na foto, se reuniram h\u00e1 pouco para tratar das pautas que os unem no governo. \u00c9 o bom e velho [&hellip;]<\/p>\n","protected":false},"author":1,"featured_media":57612,"comment_status":"open","ping_status":"open","sticky":false,"template":"","format":"standard","meta":{"footnotes":""},"categories":[7],"tags":[],"class_list":["post-57611","post","type-post","status-publish","format-standard","has-post-thumbnail","hentry","category-economia"],"_links":{"self":[{"href":"https:\/\/wiy.com.br\/noticias\/wp-json\/wp\/v2\/posts\/57611","targetHints":{"allow":["GET"]}}],"collection":[{"href":"https:\/\/wiy.com.br\/noticias\/wp-json\/wp\/v2\/posts"}],"about":[{"href":"https:\/\/wiy.com.br\/noticias\/wp-json\/wp\/v2\/types\/post"}],"author":[{"embeddable":true,"href":"https:\/\/wiy.com.br\/noticias\/wp-json\/wp\/v2\/users\/1"}],"replies":[{"embeddable":true,"href":"https:\/\/wiy.com.br\/noticias\/wp-json\/wp\/v2\/comments?post=57611"}],"version-history":[{"count":0,"href":"https:\/\/wiy.com.br\/noticias\/wp-json\/wp\/v2\/posts\/57611\/revisions"}],"wp:featuredmedia":[{"embeddable":true,"href":"https:\/\/wiy.com.br\/noticias\/wp-json\/wp\/v2\/media\/57612"}],"wp:attachment":[{"href":"https:\/\/wiy.com.br\/noticias\/wp-json\/wp\/v2\/media?parent=57611"}],"wp:term":[{"taxonomy":"category","embeddable":true,"href":"https:\/\/wiy.com.br\/noticias\/wp-json\/wp\/v2\/categories?post=57611"},{"taxonomy":"post_tag","embeddable":true,"href":"https:\/\/wiy.com.br\/noticias\/wp-json\/wp\/v2\/tags?post=57611"}],"curies":[{"name":"wp","href":"https:\/\/api.w.org\/{rel}","templated":true}]}}