{"id":57544,"date":"2023-02-26T15:11:52","date_gmt":"2023-02-26T18:11:52","guid":{"rendered":"https:\/\/wiy.com.br\/noticias\/governo-estuda-resgatar-aeroportos-regionais-na-retomada-do-turismo\/"},"modified":"2020-08-18T14:23:47","modified_gmt":"2020-08-18T17:23:47","slug":"governo-estuda-resgatar-aeroportos-regionais-na-retomada-do-turismo","status":"publish","type":"post","link":"https:\/\/wiy.com.br\/noticias\/governo-estuda-resgatar-aeroportos-regionais-na-retomada-do-turismo\/","title":{"rendered":"Governo estuda resgatar aeroportos regionais na retomada do turismo"},"content":{"rendered":"<p> <br \/>\n<\/p>\n<div id=\"post-3678141\">\n<figure class=\"featured-media media-open\"><img title = \"[Tags]\"data-src=\"https:\/\/veja.abril.com.br\/wp-content\/uploads\/2020\/08\/Aeronave-Azul.jpeg\" class=\"abril-image optimized lazyload\" abril-data-id=\"3678141\"  data- data-pin-nopin=\"false\"alt = \"Aeronave-Azul Governo estuda resgatar aeroportos regionais na retomada do turismo\"\/><figcaption class=\"caption\">Avia\u00e7\u00e3o regional pode ter papel importante na retomada do turismo interno\u00a0Diego Gimenes\/VEJA<\/figcaption><\/figure>\n<section class=\"content\">\n<p>Projetos que garantam o melhor aproveitamento dos aeroportos regionais. Essa foi a pauta de uma reuni\u00e3o entre o ministro do Turismo, Marcelo \u00c1lvaro Ant\u00f4nio, e o presidente da Infraero, H\u00e9lio Paes de Barros, recentemente.<\/p>\n<p>Segundo dados da empresa, existem hoje no Brasil cerca de 200 aeroportos \u201cadormecidos\u201d \u2014 esquecidos pelo poder p\u00fablico nos planos de investimentos \u2014 e que poderiam ganhar nova vida com opera\u00e7\u00f5es voltadas para o turismo interno.<\/p>\n<p>Um dos focos da retomada do setor ap\u00f3s a pandemia, segundo o minist\u00e9rio, \u00e9 o turismo regional e a valoriza\u00e7\u00e3o dos destinos dom\u00e9sticos, j\u00e1 que as viagens internacionais estar\u00e3o distantes da maioria dos brasileiros por um bom tempo, seja por restri\u00e7\u00f5es sanit\u00e1rias ou pelo alto custo.<\/p>\n<div class=\"block_assine_posts\">\n<h2 class=\"title-assine\">ASSINE VEJA<\/h2>\n<figure id=\"attachment_3676484\" class=\"wp-caption alignnone  media-assine\"><img loading=\"lazy\" decoding=\"async\" class=\"size-large wp-image-3676484\" src=\"https:\/\/veja.abril.com.br\/wp-content\/uploads\/2020\/08\/VJ-CAPA-2700-V-1.jpg?quality=70&amp;strip=info&amp;w=220\" border=\"0\"alt = \"Aeronave-Azul Governo estuda resgatar aeroportos regionais na retomada do turismo\"title = \"[Tags]\" width=\"220\" height=\"289\" data-restrict=\"false\" data-portal-copyright=\"VEJA\" data-image-caption=\"Na edi\u00e7\u00e3o da semana: os riscos da estrat\u00e9gia de gastar muito para impulsionar a economia. E mais: pesquisa exclusiva revela que o brasileiro \u00e9, sim, racista\" data-image-title=\"\" data-image-source=\"VEJA\"\/><figcaption class=\"wp-caption-text\"><span class=\"title\">A encruzilhada econ\u00f4mica de Bolsonaro<\/span> Na edi\u00e7\u00e3o da semana: os riscos da estrat\u00e9gia de gastar muito para impulsionar a economia. E mais: pesquisa exclusiva revela que o brasileiro \u00e9, sim, racista<\/figcaption><\/figure>\n<p><a href=\"https:\/\/www.assine.abril.com.br\/portal\/paginasEstaticas!showPromocao.action?&amp;codPromocao=sr_ve_land&amp;origem=sr_ve_materia_land&amp;utm_source=sites&amp;utm_medium=sr&amp;utm_campaign=sr_ve_materia_land\" target=\"_blank\" rel=\"noopener noreferrer\">Clique e Assine<\/a><\/div>\n<\/section><\/div>\n<p><br \/>\n<br \/><a href=\"https:\/\/veja.abril.com.br\/blog\/radar\/governo-estuda-resgatar-aeroportos-regionais-na-retomada-do-turismo\/\">Fonte do Artigo<\/a><br \/>\nTags: <\/p>\n<p><a title=\"IBJE\" href=\"https:\/\/ibge.gov.br\/\">#IBJE<\/a> <a title=\"FGV\" href=\"https:\/\/portal.fgv.br\/\">#FGV<\/a> <a title=\"LOTOFACIL\" href=\"http:\/\/loterias.caixa.gov.br\/wps\/portal\/loterias\/landing\/lotofacil\/\">#LOTOFACIL<\/a> <a title=\"TINDER\" href=\"https:\/\/tinder.com\/?lang=pt-BR\">#TINDER<\/a> <a title=\"GMAILGOOGLE\" href=\"https:\/\/mail.google.com\">#GMAILGOOGLE<\/a> <a title=\"TIKTOK\" href=\"https:\/\/www.tiktok.com\/pt_BR\/\">#TIKTOK<\/a><\/p>\n","protected":false},"excerpt":{"rendered":"<p>Avia\u00e7\u00e3o regional pode ter papel importante na retomada do turismo interno\u00a0Diego Gimenes\/VEJA Projetos que garantam o melhor aproveitamento dos aeroportos regionais. Essa foi a pauta de uma reuni\u00e3o entre o ministro do Turismo, Marcelo \u00c1lvaro Ant\u00f4nio, e o presidente da Infraero, H\u00e9lio Paes de Barros, recentemente. Segundo dados da empresa, existem hoje no Brasil cerca [&hellip;]<\/p>\n","protected":false},"author":1,"featured_media":57545,"comment_status":"open","ping_status":"open","sticky":false,"template":"","format":"standard","meta":{"footnotes":""},"categories":[7],"tags":[],"class_list":["post-57544","post","type-post","status-publish","format-standard","has-post-thumbnail","hentry","category-economia"],"_links":{"self":[{"href":"https:\/\/wiy.com.br\/noticias\/wp-json\/wp\/v2\/posts\/57544","targetHints":{"allow":["GET"]}}],"collection":[{"href":"https:\/\/wiy.com.br\/noticias\/wp-json\/wp\/v2\/posts"}],"about":[{"href":"https:\/\/wiy.com.br\/noticias\/wp-json\/wp\/v2\/types\/post"}],"author":[{"embeddable":true,"href":"https:\/\/wiy.com.br\/noticias\/wp-json\/wp\/v2\/users\/1"}],"replies":[{"embeddable":true,"href":"https:\/\/wiy.com.br\/noticias\/wp-json\/wp\/v2\/comments?post=57544"}],"version-history":[{"count":0,"href":"https:\/\/wiy.com.br\/noticias\/wp-json\/wp\/v2\/posts\/57544\/revisions"}],"wp:featuredmedia":[{"embeddable":true,"href":"https:\/\/wiy.com.br\/noticias\/wp-json\/wp\/v2\/media\/57545"}],"wp:attachment":[{"href":"https:\/\/wiy.com.br\/noticias\/wp-json\/wp\/v2\/media?parent=57544"}],"wp:term":[{"taxonomy":"category","embeddable":true,"href":"https:\/\/wiy.com.br\/noticias\/wp-json\/wp\/v2\/categories?post=57544"},{"taxonomy":"post_tag","embeddable":true,"href":"https:\/\/wiy.com.br\/noticias\/wp-json\/wp\/v2\/tags?post=57544"}],"curies":[{"name":"wp","href":"https:\/\/api.w.org\/{rel}","templated":true}]}}