{"id":57539,"date":"2023-02-26T15:51:19","date_gmt":"2023-02-26T18:51:19","guid":{"rendered":"https:\/\/wiy.com.br\/noticias\/tio-suspeito-de-estuprar-e-engravidar-sobrinha-e-preso-nesta-terca-feira\/"},"modified":"2020-08-18T12:56:14","modified_gmt":"2020-08-18T15:56:14","slug":"tio-suspeito-de-estuprar-e-engravidar-sobrinha-e-preso-nesta-terca-feira","status":"publish","type":"post","link":"https:\/\/wiy.com.br\/noticias\/tio-suspeito-de-estuprar-e-engravidar-sobrinha-e-preso-nesta-terca-feira\/","title":{"rendered":"Tio suspeito de estuprar e engravidar sobrinha \u00e9 preso nesta ter\u00e7a-feira"},"content":{"rendered":"<p> <br \/>\n<\/p>\n<div class=\"mc-column content-text active-extra-styles \" data-block-type=\"unstyled\" data-block-weight=\"32\" data-block-id=\"2\">\n<p data-track-category=\"Link no Texto\" data-track-links=\"\">O <strong>homem suspeito de estuprar e engravidar uma crian\u00e7a de 10 anos foi preso<\/strong> na madrugada desta ter\u00e7a-feira (18) em Betim, Minas Gerais. Ele \u00e9 tio da menina. A informa\u00e7\u00e3o foi divulgada pelo governador do Esp\u00edrito Santo, Renato Casagrande (PSB).<\/p>\n<\/div>\n<div class=\"wall protected-content\">\n<div class=\"mc-column content-text active-extra-styles \" data-block-type=\"unstyled\" data-block-weight=\"33\" data-block-id=\"4\">\n<p data-track-category=\"Link no Texto\" data-track-links=\"\">&#8220;Que sirva de li\u00e7\u00e3o para quem insiste em praticar um crime brutal, cruel e inaceit\u00e1vel dessa natureza. Detalhes da opera\u00e7\u00e3o ser\u00e3o repassados pela equipe seguran\u00e7a ainda hoje&#8221;, disse.<\/p>\n<p data-track-category=\"Link no Texto\" data-track-links=\"\">O homem de 33 anos tem passagem na Pol\u00edcia por tr\u00e1fico de drogas. Agora, foi indiciado por estupro de vulner\u00e1vel e amea\u00e7a. Ele ser\u00e1 encaminhado para o Complexo Penitenci\u00e1rio de Xuri, em Vila Velha, na Grande Vit\u00f3ria.<\/p>\n<\/div>\n<div class=\"mc-column content-text active-extra-styles \" data-block-type=\"unstyled\" data-block-weight=\"35\" data-block-id=\"5\">\n<p data-track-category=\"Link no Texto\" data-track-links=\"\">A menina disse que come\u00e7ou a ser estuprada pelo tio quanto tinha seis anos e a gravidez foi descoberta ap\u00f3s ela ir ao hospital com dores abdominais. A crian\u00e7a passou por um procedimento para interromper a gravidez na segunda-feira (17) e passa bem.<\/p>\n<div class=\"ads post-ads\"><span class=\"title\">Continua ap\u00f3s a publicidade<\/span><\/p>\n<div id=\"abrAD_rectangle2\" class=\"abrAD\" data-ad-><\/div>\n<\/div>\n<p data-track-category=\"Link no Texto\" data-track-links=\"\">Grupos de religiosos, incensados pela bolsonarista Sara Winter, que divulgou o nome da crian\u00e7a e o hospital em que ela estava, chegaram a ir at\u00e9 o local protestar contra a interrup\u00e7\u00e3o da gravidez.<\/p>\n<\/div>\n<div class=\"mc-column content-text active-extra-styles \" data-block-type=\"unstyled\" data-block-weight=\"40\" data-block-id=\"8\">\n<div class=\"block related-posts\">\n<ul class=\"block-menu\">\n<li data-tab=\"tab-1\" class=\"active\">Relacionadas<\/li>\n<li data-tab=\"tab-2\">Mais Lidas<\/li>\n<\/ul>\n<div id=\"tab-1\" class=\"block-content active\">\n<div class=\"row\">\n<li class=\"widget-news-item without-thumb with-border\">\n<div class=\"widget-news-info\"><a href=\"http:\/\/vejasp.abril.com.br\/cultura-lazer\">Cultura &amp; Lazer<\/a><span class=\"widget-news-item-title\"><a href=\"https:\/\/vejasp.abril.com.br\/cultura-lazer\/eu-me-apaixonei-pelo-homem-que-me-assaltou\/\">\u201cEu me apaixonei pelo homem que me assaltou\u201d<\/a><\/span><span class=\"widget-news-item-date\">14 ago 2020 &#8211; 06h08<\/span><\/div>\n<\/li>\n<\/div>\n<\/div>\n<div id=\"tab-2\" class=\"block-content\">\n<div class=\"row\">\n<div class=\"col-s-12 col-l-3\"><a href=\"https:\/\/vejasp.abril.com.br\/cidades\/frio-neve-sao-paulo-agosto-previsao-tempo\/\" class=\"card\"><span class=\"category hide-s\">Cidades<\/span><img title = \"[Tags]\"data-src=\"https:\/\/vejasp.abril.com.br\/wp-content\/uploads\/2017\/07\/inverno-2017-sp-02.jpg?quality=70&amp;strip=info&amp;w=294&amp;h=200&amp;crop=1\"alt = \"inverno-2017-sp-02 Tio suspeito de estuprar e engravidar sobrinha \u00e9 preso nesta ter\u00e7a-feira\" class=\"lazyload media\" style=\"max-width:100%\"><span class=\"category hide-l\">Cidades<\/span><span class=\"title\"><strong>1<\/strong>Neve em S\u00e3o Paulo: forte frente fria pode provocar fen\u00f4meno no estado<\/span><\/a><\/div>\n<div class=\"col-s-12 col-l-3\"><a href=\"https:\/\/vejasp.abril.com.br\/cultura-lazer\/eu-me-apaixonei-pelo-homem-que-me-assaltou\/\" class=\"card\"><span class=\"category hide-s\">Cultura &amp; Lazer<\/span><img title = \"[Tags]\"data-src=\"https:\/\/vejasp.abril.com.br\/wp-content\/uploads\/2020\/08\/Nosso-Louco-Amor-Lana-e-Emerson.jpg?quality=70&amp;strip=info&amp;w=294&amp;h=200&amp;crop=1\"alt = \"inverno-2017-sp-02 Tio suspeito de estuprar e engravidar sobrinha \u00e9 preso nesta ter\u00e7a-feira\" class=\"lazyload media\" style=\"max-width:100%\"><span class=\"category hide-l\">Cultura &amp; Lazer<\/span><span class=\"title\"><strong>2<\/strong>\u201cEu me apaixonei pelo homem que me assaltou\u201d<\/span><\/a><\/div>\n<div class=\"col-s-12 col-l-3\"><a href=\"https:\/\/vejasp.abril.com.br\/cidades\/frente-fria-sao-paulo\/\" class=\"card\"><span class=\"category hide-s\">Cidades<\/span><img title = \"[Tags]\"data-src=\"https:\/\/vejasp.abril.com.br\/wp-content\/uploads\/2020\/02\/chuva-temporal-consolacao-1.jpg?quality=70&amp;strip=info&amp;w=294&amp;h=200&amp;crop=1\"alt = \"inverno-2017-sp-02 Tio suspeito de estuprar e engravidar sobrinha \u00e9 preso nesta ter\u00e7a-feira\" class=\"lazyload media\" style=\"max-width:100%\"><span class=\"category hide-l\">Cidades<\/span><span class=\"title\"><strong>3<\/strong>Ap\u00f3s chegada de frente fria, como fica o tempo na semana em S\u00e3o Paulo<\/span><\/a><\/div>\n<div class=\"col-s-12 col-l-3\"><a href=\"https:\/\/vejasp.abril.com.br\/blog\/arnaldo-lorencato\/restaurante-president-do-chef-erick-jacquin-e-interditado\/\" class=\"card\"><span class=\"category hide-s\">Comida &amp; Bebida<\/span><img title = \"[Tags]\"data-src=\"https:\/\/vejasp.abril.com.br\/wp-content\/uploads\/2020\/08\/president-jac.jpg?quality=70&amp;strip=info&amp;w=294&amp;h=200&amp;crop=1\"alt = \"inverno-2017-sp-02 Tio suspeito de estuprar e engravidar sobrinha \u00e9 preso nesta ter\u00e7a-feira\" class=\"lazyload media\" style=\"max-width:100%\"><span class=\"category hide-l\">Comida &amp; Bebida<\/span><span class=\"title\"><strong>4<\/strong>Restaurante Pr\u00e9sident, do chef Erick Jacquin, \u00e9 interditado<\/span><\/a><\/div>\n<\/div>\n<\/div>\n<\/div>\n<\/div>\n<div class=\"mc-column content-media content-video\" data-block-type=\"backstage-video\" data-block-id=\"10\">\n<div class=\"content-media__container\">\n<div class=\"content-video__bigger-player-description-fixer\">\n<article class=\"content-video\">\n<section class=\"content-video__video-container\">\n<div class=\"content-video__video\">\n<div class=\"content-video__placeholder\" data-video-id=\"8782862\"><\/div>\n<\/div>\n<\/section>\n<\/article>\n<\/div>\n<\/div>\n<\/div>\n<\/div>\n<p><br \/>\n<br \/><a href=\"https:\/\/vejasp.abril.com.br\/cidades\/tio-estupro-gravidez-menina\/\">Fonte do Artigo <\/a><br \/>\nTags:<br \/>\n#loterias #loteriascaixa #megasena #resultadoapostas#noticias #noticiario  #noticia #brasil #noticiascolombia #mundo #esporte #colombia #noticiadeld #ltimasnoticias  #noticiario #noticiasregionales #noticiasdepartamentales #noticiashoy #esportes #noticiaahora #elinformantenoticias #noticiasdeboyac  #esporteinterativo #esportivo #diariodosesportes  #noticiero  #jogodefutebol #jogos #loto #apostas<\/p>\n","protected":false},"excerpt":{"rendered":"<p>O homem suspeito de estuprar e engravidar uma crian\u00e7a de 10 anos foi preso na madrugada desta ter\u00e7a-feira (18) em Betim, Minas Gerais. Ele \u00e9 tio da menina. A informa\u00e7\u00e3o foi divulgada pelo governador do Esp\u00edrito Santo, Renato Casagrande (PSB). &#8220;Que sirva de li\u00e7\u00e3o para quem insiste em praticar um crime brutal, cruel e inaceit\u00e1vel [&hellip;]<\/p>\n","protected":false},"author":1,"featured_media":57540,"comment_status":"open","ping_status":"open","sticky":false,"template":"","format":"standard","meta":{"footnotes":""},"categories":[1],"tags":[],"class_list":["post-57539","post","type-post","status-publish","format-standard","has-post-thumbnail","hentry","category-curso-de-copy"],"_links":{"self":[{"href":"https:\/\/wiy.com.br\/noticias\/wp-json\/wp\/v2\/posts\/57539","targetHints":{"allow":["GET"]}}],"collection":[{"href":"https:\/\/wiy.com.br\/noticias\/wp-json\/wp\/v2\/posts"}],"about":[{"href":"https:\/\/wiy.com.br\/noticias\/wp-json\/wp\/v2\/types\/post"}],"author":[{"embeddable":true,"href":"https:\/\/wiy.com.br\/noticias\/wp-json\/wp\/v2\/users\/1"}],"replies":[{"embeddable":true,"href":"https:\/\/wiy.com.br\/noticias\/wp-json\/wp\/v2\/comments?post=57539"}],"version-history":[{"count":0,"href":"https:\/\/wiy.com.br\/noticias\/wp-json\/wp\/v2\/posts\/57539\/revisions"}],"wp:featuredmedia":[{"embeddable":true,"href":"https:\/\/wiy.com.br\/noticias\/wp-json\/wp\/v2\/media\/57540"}],"wp:attachment":[{"href":"https:\/\/wiy.com.br\/noticias\/wp-json\/wp\/v2\/media?parent=57539"}],"wp:term":[{"taxonomy":"category","embeddable":true,"href":"https:\/\/wiy.com.br\/noticias\/wp-json\/wp\/v2\/categories?post=57539"},{"taxonomy":"post_tag","embeddable":true,"href":"https:\/\/wiy.com.br\/noticias\/wp-json\/wp\/v2\/tags?post=57539"}],"curies":[{"name":"wp","href":"https:\/\/api.w.org\/{rel}","templated":true}]}}