{"id":57482,"date":"2023-02-26T15:33:34","date_gmt":"2023-02-26T18:33:34","guid":{"rendered":"https:\/\/wiy.com.br\/noticias\/neve-em-sao-paulo-forte-frente-fria-pode-provocar-fenomeno-no-estado\/"},"modified":"2020-08-17T17:32:39","modified_gmt":"2020-08-17T20:32:39","slug":"neve-em-sao-paulo-forte-frente-fria-pode-provocar-fenomeno-no-estado","status":"publish","type":"post","link":"https:\/\/wiy.com.br\/noticias\/neve-em-sao-paulo-forte-frente-fria-pode-provocar-fenomeno-no-estado\/","title":{"rendered":"Neve em S\u00e3o Paulo: forte frente fria pode provocar fen\u00f4meno no estado"},"content":{"rendered":"<p> <br \/>\n<\/p>\n<p>Os estados do Rio Grande do Sul, Santa Catarina, Paran\u00e1 e <strong>S\u00e3o Paulo<\/strong> devem ter uma diminui\u00e7\u00e3o na temperatura nos pr\u00f3ximos dias. Uma massa de ar polar vinda da Argentina vai atingir n\u00e3o s\u00f3 as unidades da federa\u00e7\u00e3o, mas tamb\u00e9m todo o Brasil a partir de quarta-feira (19).<\/p>\n<p>O Sul e a regi\u00e3o da divisa paulista com o Paran\u00e1, no entanto, poder\u00e3o ter tamb\u00e9m <strong>neve<\/strong> e <strong>chuva congelada.<\/strong> As informa\u00e7\u00f5es s\u00e3o do instituto MetSul, que afirma que a frente fria tem um potencial de ser &#8220;um evento hist\u00f3rico de frio e neve&#8221;. O fen\u00f4meno deve provocar ar gelado, nebulosidade e instabilidade em altas altitudes.<\/p>\n<p>As simula\u00e7\u00f5es apontam diferentes previs\u00f5es para a presen\u00e7a de neve. Algumas mostram o fen\u00f4meno apenas em regi\u00f5es acostumadas com a intemp\u00e9rie, como o Planalto Sul Catarinense, os Aparatos da Serra do Rio Grande do Sul, o Norte Ga\u00facho, pontos do Oeste e Meio-Oeste Catarinense e o Planalto de Palmas no Paran\u00e1.<span><\/span><\/p>\n<p>Mas outras mostram o fen\u00f4meno em locais, segundo o MetSul, &#8220;pouco acostumados a ver neve ou que n\u00e3o testemunham o fen\u00f4meno por d\u00e9cadas&#8221;. Entre eles &#8220;Uruguai, perto da cidade de Buenos Aires e nas prov\u00edncias argentinas de Santa F\u00e9 e Entre Rios, na maior parte do Rio Grande do Sul, Santa Catarina, Paran\u00e1 e at\u00e9 em Curitiba e no sul do estado de S\u00e3o Paulo&#8221;.<\/p>\n<div class=\"ads post-ads\"><span class=\"title\">Continua ap\u00f3s a publicidade<\/span><\/p>\n<div id=\"abrAD_rectangle2\" class=\"abrAD\" data-ad-><\/div>\n<\/div>\n<figure><img title = \"[Tags]\"alt = \"neve Neve em S\u00e3o Paulo: forte frente fria pode provocar fen\u00f4meno no estado\"decoding=\"async\" src=\"https:\/\/vejasp.abril.com.br\/wp-content\/uploads\/2020\/08\/neve.jpeg\" \/><figcaption>Uma das proje\u00e7\u00f5es do MetSul indica neve at\u00e9 o sul de SP<span class=\"copyright\">MetSul\/Divulga\u00e7\u00e3o<\/span><\/figcaption><\/figure>\n<p>O MetSul afirma que &#8220;a probabilidade de neve \u00e9 alt\u00edssima, mas que hoje n\u00e3o se pode fazer proje\u00e7\u00f5es precisas de quantidade e localiza\u00e7\u00e3o do fen\u00f4meno. O que pode e deve ser confirmado \u00e9 que deve nevar. Somente nos pr\u00f3ximos dias se ter\u00e1 um cen\u00e1rio mais claro&#8221;.<\/p>\n<p>Confira tamb\u00e9m a previs\u00e3o do tempo para a capital paulista nos pr\u00f3ximos dias, com dados do instituto Climatempo:<\/p>\n<p><strong>Ter\u00e7a-feira (18)<\/strong><\/p>\n<p>Temperatura m\u00e1xima de 25\u00baC e m\u00ednima de 15\u00baC. Presen\u00e7a de sol com nuvens, chance de chuva pela manh\u00e3 e \u00e0 noite.<\/p>\n<div class=\"ads post-ads\"><span class=\"title\">Continua ap\u00f3s a publicidade<\/span><\/p>\n<div id=\"abrAD_rectangle3\" class=\"abrAD\" data-ad-><\/div>\n<\/div>\n<p><strong>Quarta-feira (19)<\/strong><\/p>\n<p>M\u00e1xima de 28\u00baC e m\u00ednima e 16\u00baC. Pancadas de chuva \u00e0 tarde e \u00e0 noite.<\/p>\n<p><strong>Quinta-feira (20)<\/strong><\/p>\n<p>Previs\u00e3o de chuva durante todo o dia. M\u00e1xima de 18\u00baC e m\u00ednima de 14\u00baC.<\/p>\n<div class=\"ads post-ads\"><span class=\"title\">Continua ap\u00f3s a publicidade<\/span><\/p>\n<div id=\"abrAD_rectangle4\" class=\"abrAD\" data-ad-><\/div>\n<\/div>\n<p><strong>Sexta-feira (21)<\/strong><\/p>\n<p>M\u00e1xima de 14\u00baC e m\u00ednima de 10\u00baC. Chuva durante todo o dia.<\/p>\n<p><strong>S\u00e1bado (22)<\/strong><\/p>\n<p>Chuva durante o dia e \u00e0 noite. Temperatura m\u00e1xima de 15\u00baC e m\u00ednima de 9\u00baC.<\/p>\n<div class=\"ads post-ads\"><span class=\"title\">Continua ap\u00f3s a publicidade<\/span><\/p>\n<div id=\"abrAD_rectangle5\" class=\"abrAD\" data-ad-><\/div>\n<\/div>\n<div class=\"block related-posts\">\n<ul class=\"block-menu\">\n<li data-tab=\"tab-1\" class=\"active\">Relacionadas<\/li>\n<li data-tab=\"tab-2\">Mais Lidas<\/li>\n<\/ul>\n<div id=\"tab-1\" class=\"block-content active\">\n<div class=\"row\">\n<li class=\"widget-news-item without-thumb with-border\">\n<div class=\"widget-news-info\"><a href=\"http:\/\/vejasp.abril.com.br\/cidades\">Cidades<\/a><span class=\"widget-news-item-title\"><a href=\"https:\/\/vejasp.abril.com.br\/cidades\/2034-numero-idosos-sera-igual-jovens\/\">Em 2034 n\u00famero de jovens e de idosos ser\u00e1 igual em S\u00e3o Paulo<\/a><\/span><span class=\"widget-news-item-date\">17 ago 2020 &#8211; 16h08<\/span><\/div>\n<\/li>\n<li class=\"widget-news-item without-thumb with-border\">\n<div class=\"widget-news-info\"><a href=\"http:\/\/vejasp.abril.com.br\/saude\">Sa\u00fade<\/a><span class=\"widget-news-item-title\"><a href=\"https:\/\/vejasp.abril.com.br\/saude\/hospital-campanha-anhembi\/\">Prefeitura vai manter Hospital de Campanha do Anhembi at\u00e9 setembro<\/a><\/span><span class=\"widget-news-item-date\">17 ago 2020 &#8211; 12h08<\/span><\/div>\n<\/li>\n<li class=\"widget-news-item without-thumb with-border\">\n<div class=\"widget-news-info\"><a href=\"http:\/\/vejasp.abril.com.br\/cidades\">Cidades<\/a><span class=\"widget-news-item-title\"><a href=\"https:\/\/vejasp.abril.com.br\/cidades\/morre-deputado-caio-narcio\/\">Ex-deputado Caio N\u00e1rcio morre aos 33 anos com Covid-19<\/a><\/span><span class=\"widget-news-item-date\">17 ago 2020 &#8211; 12h08<\/span><\/div>\n<\/li>\n<li class=\"widget-news-item without-thumb with-border\">\n<div class=\"widget-news-info\"><a href=\"http:\/\/vejasp.abril.com.br\/cidades\">Cidades<\/a><span class=\"widget-news-item-title\"><a href=\"https:\/\/vejasp.abril.com.br\/cidades\/como-sera-primeiro-servico-experimental-de-entrega-por-drones\/\">Como ser\u00e1 primeiro servi\u00e7o experimental de entrega por drones<\/a><\/span><span class=\"widget-news-item-date\">16 ago 2020 &#8211; 14h08<\/span><\/div>\n<\/li>\n<\/div>\n<\/div>\n<div id=\"tab-2\" class=\"block-content\">\n<div class=\"row\">\n<div class=\"col-s-12 col-l-3\"><a href=\"https:\/\/vejasp.abril.com.br\/cultura-lazer\/eu-me-apaixonei-pelo-homem-que-me-assaltou\/\" class=\"card\"><span class=\"category hide-s\">Cultura &amp; Lazer<\/span><img title = \"[Tags]\"data-src=\"https:\/\/vejasp.abril.com.br\/wp-content\/uploads\/2020\/08\/Nosso-Louco-Amor-Lana-e-Emerson.jpg?quality=70&amp;strip=info&amp;w=294&amp;h=200&amp;crop=1\"alt = \"neve Neve em S\u00e3o Paulo: forte frente fria pode provocar fen\u00f4meno no estado\" class=\"lazyload media\" style=\"max-width:100%\"><span class=\"category hide-l\">Cultura &amp; Lazer<\/span><span class=\"title\"><strong>1<\/strong>\u201cEu me apaixonei pelo homem que me assaltou\u201d<\/span><\/a><\/div>\n<div class=\"col-s-12 col-l-3\"><a href=\"https:\/\/vejasp.abril.com.br\/cidades\/frente-fria-sao-paulo\/\" class=\"card\"><span class=\"category hide-s\">Cidades<\/span><img title = \"[Tags]\"data-src=\"https:\/\/vejasp.abril.com.br\/wp-content\/uploads\/2020\/02\/chuva-temporal-consolacao-1.jpg?quality=70&amp;strip=info&amp;w=294&amp;h=200&amp;crop=1\"alt = \"neve Neve em S\u00e3o Paulo: forte frente fria pode provocar fen\u00f4meno no estado\" class=\"lazyload media\" style=\"max-width:100%\"><span class=\"category hide-l\">Cidades<\/span><span class=\"title\"><strong>2<\/strong>Ap\u00f3s chegada de frente fria, como fica o tempo na semana em S\u00e3o Paulo<\/span><\/a><\/div>\n<div class=\"col-s-12 col-l-3\"><a href=\"https:\/\/vejasp.abril.com.br\/blog\/arnaldo-lorencato\/restaurante-president-do-chef-erick-jacquin-e-interditado\/\" class=\"card\"><span class=\"category hide-s\">Comida &amp; Bebida<\/span><img title = \"[Tags]\"data-src=\"https:\/\/vejasp.abril.com.br\/wp-content\/uploads\/2020\/08\/president-jac.jpg?quality=70&amp;strip=info&amp;w=294&amp;h=200&amp;crop=1\"alt = \"neve Neve em S\u00e3o Paulo: forte frente fria pode provocar fen\u00f4meno no estado\" class=\"lazyload media\" style=\"max-width:100%\"><span class=\"category hide-l\">Comida &amp; Bebida<\/span><span class=\"title\"><strong>3<\/strong>Restaurante Pr\u00e9sident, do chef Erick Jacquin, \u00e9 interditado<\/span><\/a><\/div>\n<div class=\"col-s-12 col-l-3\"><a href=\"https:\/\/vejasp.abril.com.br\/blog\/astrologia\/previsoes-para-todos-os-signos-de-20-a-26-de-julho\/\" class=\"card\"><span class=\"category hide-s\">Cultura &amp; Lazer<\/span><img title = \"[Tags]\"data-src=\"https:\/\/vejasp.abril.com.br\/wp-content\/uploads\/2020\/07\/JENNIFERLOPEZ.jpg?quality=70&amp;strip=info&amp;w=294&amp;h=200&amp;crop=1\"alt = \"neve Neve em S\u00e3o Paulo: forte frente fria pode provocar fen\u00f4meno no estado\" class=\"lazyload media\" style=\"max-width:100%\"><span class=\"category hide-l\">Cultura &amp; Lazer<\/span><span class=\"title\"><strong>4<\/strong>Previs\u00f5es para todos os signos: de 20 a 26 de julho<\/span><\/a><\/div>\n<\/div>\n<\/div>\n<\/div>\n<p>&nbsp;<\/p>\n<div class=\"ads post-ads\"><span class=\"title\">Continua ap\u00f3s a publicidade<\/span><\/p>\n<div id=\"abrAD_rectangle6\" class=\"abrAD\" data-ad-><\/div>\n<\/div>\n<p>&nbsp;<\/p>\n<div class=\"ads post-ads\"><span class=\"title\">Continua ap\u00f3s a publicidade<\/span><\/p>\n<div id=\"abrAD_rectangle6\" class=\"abrAD\" data-ad-><\/div>\n<\/div>\n<p>&nbsp;<\/p>\n<div class=\"ads post-ads\"><span class=\"title\">Continua ap\u00f3s a publicidade<\/span><\/p>\n<div id=\"abrAD_rectangle6\" class=\"abrAD\" data-ad-><\/div>\n<\/div>\n<p>&nbsp;<\/p>\n<div class=\"ads post-ads\"><span class=\"title\">Continua ap\u00f3s a publicidade<\/span><\/p>\n<div id=\"abrAD_rectangle6\" class=\"abrAD\" data-ad-><\/div>\n<\/div>\n<p>&nbsp;<\/p>\n<div class=\"ads post-ads\"><span class=\"title\">Continua ap\u00f3s a publicidade<\/span><\/p>\n<div id=\"abrAD_rectangle6\" class=\"abrAD\" data-ad-><\/div>\n<\/div>\n<p><br \/>\n<br \/><a href=\"https:\/\/vejasp.abril.com.br\/cidades\/frio-neve-sao-paulo-agosto-previsao-tempo\/\">Fonte do Artigo <\/a><br \/>\nTags:<br \/>\n#loterias #loteriascaixa #megasena #resultadoapostas#noticias #noticiario  #noticia #brasil #noticiascolombia #mundo #esporte #colombia #noticiadeld #ltimasnoticias  #noticiario #noticiasregionales #noticiasdepartamentales #noticiashoy #esportes #noticiaahora #elinformantenoticias #noticiasdeboyac  #esporteinterativo #esportivo #diariodosesportes  #noticiero  #jogodefutebol #jogos #loto #apostas<\/p>\n","protected":false},"excerpt":{"rendered":"<p>Os estados do Rio Grande do Sul, Santa Catarina, Paran\u00e1 e S\u00e3o Paulo devem ter uma diminui\u00e7\u00e3o na temperatura nos pr\u00f3ximos dias. Uma massa de ar polar vinda da Argentina vai atingir n\u00e3o s\u00f3 as unidades da federa\u00e7\u00e3o, mas tamb\u00e9m todo o Brasil a partir de quarta-feira (19). O Sul e a regi\u00e3o da divisa [&hellip;]<\/p>\n","protected":false},"author":1,"featured_media":57483,"comment_status":"open","ping_status":"open","sticky":false,"template":"","format":"standard","meta":{"footnotes":""},"categories":[1],"tags":[],"class_list":["post-57482","post","type-post","status-publish","format-standard","has-post-thumbnail","hentry","category-curso-de-copy"],"_links":{"self":[{"href":"https:\/\/wiy.com.br\/noticias\/wp-json\/wp\/v2\/posts\/57482","targetHints":{"allow":["GET"]}}],"collection":[{"href":"https:\/\/wiy.com.br\/noticias\/wp-json\/wp\/v2\/posts"}],"about":[{"href":"https:\/\/wiy.com.br\/noticias\/wp-json\/wp\/v2\/types\/post"}],"author":[{"embeddable":true,"href":"https:\/\/wiy.com.br\/noticias\/wp-json\/wp\/v2\/users\/1"}],"replies":[{"embeddable":true,"href":"https:\/\/wiy.com.br\/noticias\/wp-json\/wp\/v2\/comments?post=57482"}],"version-history":[{"count":0,"href":"https:\/\/wiy.com.br\/noticias\/wp-json\/wp\/v2\/posts\/57482\/revisions"}],"wp:featuredmedia":[{"embeddable":true,"href":"https:\/\/wiy.com.br\/noticias\/wp-json\/wp\/v2\/media\/57483"}],"wp:attachment":[{"href":"https:\/\/wiy.com.br\/noticias\/wp-json\/wp\/v2\/media?parent=57482"}],"wp:term":[{"taxonomy":"category","embeddable":true,"href":"https:\/\/wiy.com.br\/noticias\/wp-json\/wp\/v2\/categories?post=57482"},{"taxonomy":"post_tag","embeddable":true,"href":"https:\/\/wiy.com.br\/noticias\/wp-json\/wp\/v2\/tags?post=57482"}],"curies":[{"name":"wp","href":"https:\/\/api.w.org\/{rel}","templated":true}]}}