{"id":57476,"date":"2023-02-26T15:20:27","date_gmt":"2023-02-26T18:20:27","guid":{"rendered":"https:\/\/wiy.com.br\/noticias\/em-2034-numero-de-jovens-e-de-idosos-sera-igual-em-sao-paulo\/"},"modified":"2020-08-17T16:31:25","modified_gmt":"2020-08-17T19:31:25","slug":"em-2034-numero-de-jovens-e-de-idosos-sera-igual-em-sao-paulo","status":"publish","type":"post","link":"https:\/\/wiy.com.br\/noticias\/em-2034-numero-de-jovens-e-de-idosos-sera-igual-em-sao-paulo\/","title":{"rendered":"Em 2034 n\u00famero de jovens e de idosos ser\u00e1 igual em S\u00e3o Paulo"},"content":{"rendered":"<p> <br \/>\n<\/p>\n<p>Uma <strong>pesquisa<\/strong> divulgada nesta segunda-feira (17) pela <strong>Funda\u00e7\u00e3o Seade<\/strong> aponta que em 2034 o n\u00famero de paulistas com menos de 15 anos de idade ser\u00e1 igual ao de maiores de 65 anos. Depois de 2035, a expectativa \u00e9 de que o n\u00famero de pessoas com mais de 65 ultrapasse os jovens.<\/p>\n<p>A proje\u00e7\u00e3o afirma tamb\u00e9m que de 2020 at\u00e9 2050 a popula\u00e7\u00e3o do estado deve aumentar em 6%: passaremos de 44,6 milh\u00f5es de pessoas para 47,2 milh\u00f5es. No mesmo per\u00edodo haver\u00e1 uma tend\u00eancia de redu\u00e7\u00e3o entre os menores de 39 anos em 20%. Por outro lado, teremos mais cidad\u00e3os entre 40 e 59 anos, com crescimento de 5%.<\/p>\n<p>Entre os mais velhos, a alta dever\u00e1 ser ainda maior. O grupo de 60 a 79 anos dobrar\u00e1 em compara\u00e7\u00e3o com 2020; o de maiores de 80 anos, triplicar\u00e1. Neste ano, segundo o estudo, a maior parte da popula\u00e7\u00e3o tem entre 20 e 39 anos e entre 2030 e 2050, esse pico deve estar no grupo dos 40 a 59 anos.<\/p>\n<p>Atualmente a idade m\u00e9dia da popula\u00e7\u00e3o paulista \u00e9 de 36 anos. Ela j\u00e1 foi de 30 anos em 2000. Em 2050, esse valor deve chegar a 44 anos de idade. &#8220;Em 2050, os mais velhos responder\u00e3o pela parcela que os mais jovens detinham entre 2005 e 2010&#8221;, afirma a Funda\u00e7\u00e3o.<\/p>\n<div class=\"block related-posts\">\n<ul class=\"block-menu\">\n<li data-tab=\"tab-1\" class=\"active\">Relacionadas<\/li>\n<li data-tab=\"tab-2\">Mais Lidas<\/li>\n<\/ul>\n<div id=\"tab-1\" class=\"block-content active\">\n<div class=\"row\">\n<li class=\"widget-news-item without-thumb with-border\">\n<div class=\"widget-news-info\"><a href=\"http:\/\/vejasp.abril.com.br\/saude\">Sa\u00fade<\/a><span class=\"widget-news-item-title\"><a href=\"https:\/\/vejasp.abril.com.br\/saude\/hospital-campanha-anhembi\/\">Prefeitura vai manter Hospital de Campanha do Anhembi at\u00e9 setembro<\/a><\/span><span class=\"widget-news-item-date\">17 ago 2020 &#8211; 12h08<\/span><\/div>\n<\/li>\n<li class=\"widget-news-item without-thumb with-border\">\n<div class=\"widget-news-info\"><a href=\"http:\/\/vejasp.abril.com.br\/cidades\">Cidades<\/a><span class=\"widget-news-item-title\"><a href=\"https:\/\/vejasp.abril.com.br\/cidades\/governo-sp-bolsa-330-reais\/\">Governo paulista anuncia 10 000 vagas para bolsa mensal de 330 reais<\/a><\/span><span class=\"widget-news-item-date\">17 ago 2020 &#8211; 15h08<\/span><\/div>\n<\/li>\n<li class=\"widget-news-item without-thumb with-border\">\n<div class=\"widget-news-info\"><a href=\"http:\/\/vejasp.abril.com.br\/cidades\">Cidades<\/a><span class=\"widget-news-item-title\"><a href=\"https:\/\/vejasp.abril.com.br\/cidades\/kauan-silva-linchado-guaruja\/\">Rapaz de 17 anos morre ao ser linchado por pescadores em Guaruj\u00e1<\/a><\/span><span class=\"widget-news-item-date\">17 ago 2020 &#8211; 09h08<\/span><\/div>\n<\/li>\n<li class=\"widget-news-item without-thumb with-border\">\n<div class=\"widget-news-info\"><a href=\"http:\/\/vejasp.abril.com.br\/cidades\">Cidades<\/a><span class=\"widget-news-item-title\"><a href=\"https:\/\/vejasp.abril.com.br\/cidades\/como-sera-primeiro-servico-experimental-de-entrega-por-drones\/\">Como ser\u00e1 primeiro servi\u00e7o experimental de entrega por drones<\/a><\/span><span class=\"widget-news-item-date\">16 ago 2020 &#8211; 14h08<\/span><\/div>\n<\/li>\n<\/div>\n<\/div>\n<div id=\"tab-2\" class=\"block-content\">\n<div class=\"row\">\n<div class=\"col-s-12 col-l-3\"><a href=\"https:\/\/vejasp.abril.com.br\/cultura-lazer\/eu-me-apaixonei-pelo-homem-que-me-assaltou\/\" class=\"card\"><span class=\"category hide-s\">Cultura &amp; Lazer<\/span><img title = \"[Tags]\"data-src=\"https:\/\/vejasp.abril.com.br\/wp-content\/uploads\/2020\/08\/Nosso-Louco-Amor-Lana-e-Emerson.jpg?quality=70&amp;strip=info&amp;w=294&amp;h=200&amp;crop=1\"alt = \"Nosso-Louco-Amor-Lana-e-Emerson Em 2034 n\u00famero de jovens e de idosos ser\u00e1 igual em S\u00e3o Paulo\" class=\"lazyload media\" style=\"max-width:100%\"><span class=\"category hide-l\">Cultura &amp; Lazer<\/span><span class=\"title\"><strong>1<\/strong>\u201cEu me apaixonei pelo homem que me assaltou\u201d<\/span><\/a><\/div>\n<div class=\"col-s-12 col-l-3\"><a href=\"https:\/\/vejasp.abril.com.br\/cidades\/frente-fria-sao-paulo\/\" class=\"card\"><span class=\"category hide-s\">Cidades<\/span><img title = \"[Tags]\"data-src=\"https:\/\/vejasp.abril.com.br\/wp-content\/uploads\/2020\/02\/chuva-temporal-consolacao-1.jpg?quality=70&amp;strip=info&amp;w=294&amp;h=200&amp;crop=1\"alt = \"Nosso-Louco-Amor-Lana-e-Emerson Em 2034 n\u00famero de jovens e de idosos ser\u00e1 igual em S\u00e3o Paulo\" class=\"lazyload media\" style=\"max-width:100%\"><span class=\"category hide-l\">Cidades<\/span><span class=\"title\"><strong>2<\/strong>Ap\u00f3s chegada de frente fria, como fica o tempo na semana em S\u00e3o Paulo<\/span><\/a><\/div>\n<div class=\"col-s-12 col-l-3\"><a href=\"https:\/\/vejasp.abril.com.br\/blog\/arnaldo-lorencato\/restaurante-president-do-chef-erick-jacquin-e-interditado\/\" class=\"card\"><span class=\"category hide-s\">Comida &amp; Bebida<\/span><img title = \"[Tags]\"data-src=\"https:\/\/vejasp.abril.com.br\/wp-content\/uploads\/2020\/08\/president-jac.jpg?quality=70&amp;strip=info&amp;w=294&amp;h=200&amp;crop=1\"alt = \"Nosso-Louco-Amor-Lana-e-Emerson Em 2034 n\u00famero de jovens e de idosos ser\u00e1 igual em S\u00e3o Paulo\" class=\"lazyload media\" style=\"max-width:100%\"><span class=\"category hide-l\">Comida &amp; Bebida<\/span><span class=\"title\"><strong>3<\/strong>Restaurante Pr\u00e9sident, do chef Erick Jacquin, \u00e9 interditado<\/span><\/a><\/div>\n<div class=\"col-s-12 col-l-3\"><a href=\"https:\/\/vejasp.abril.com.br\/blog\/astrologia\/previsoes-para-todos-os-signos-de-20-a-26-de-julho\/\" class=\"card\"><span class=\"category hide-s\">Cultura &amp; Lazer<\/span><img title = \"[Tags]\"data-src=\"https:\/\/vejasp.abril.com.br\/wp-content\/uploads\/2020\/07\/JENNIFERLOPEZ.jpg?quality=70&amp;strip=info&amp;w=294&amp;h=200&amp;crop=1\"alt = \"Nosso-Louco-Amor-Lana-e-Emerson Em 2034 n\u00famero de jovens e de idosos ser\u00e1 igual em S\u00e3o Paulo\" class=\"lazyload media\" style=\"max-width:100%\"><span class=\"category hide-l\">Cultura &amp; Lazer<\/span><span class=\"title\"><strong>4<\/strong>Previs\u00f5es para todos os signos: de 20 a 26 de julho<\/span><\/a><\/div>\n<\/div>\n<\/div>\n<\/div>\n<p><br \/>\n<br \/><a href=\"https:\/\/vejasp.abril.com.br\/cidades\/2034-numero-idosos-sera-igual-jovens\/\">Fonte do Artigo <\/a><br \/>\nTags:<br \/>\n#loterias #loteriascaixa #megasena #resultadoapostas#noticias #noticiario  #noticia #brasil #noticiascolombia #mundo #esporte #colombia #noticiadeld #ltimasnoticias  #noticiario #noticiasregionales #noticiasdepartamentales #noticiashoy #esportes #noticiaahora #elinformantenoticias #noticiasdeboyac  #esporteinterativo #esportivo #diariodosesportes  #noticiero  #jogodefutebol #jogos #loto #apostas<\/p>\n","protected":false},"excerpt":{"rendered":"<p>Uma pesquisa divulgada nesta segunda-feira (17) pela Funda\u00e7\u00e3o Seade aponta que em 2034 o n\u00famero de paulistas com menos de 15 anos de idade ser\u00e1 igual ao de maiores de 65 anos. Depois de 2035, a expectativa \u00e9 de que o n\u00famero de pessoas com mais de 65 ultrapasse os jovens. A proje\u00e7\u00e3o afirma tamb\u00e9m [&hellip;]<\/p>\n","protected":false},"author":1,"featured_media":57477,"comment_status":"open","ping_status":"open","sticky":false,"template":"","format":"standard","meta":{"footnotes":""},"categories":[1],"tags":[],"class_list":["post-57476","post","type-post","status-publish","format-standard","has-post-thumbnail","hentry","category-curso-de-copy"],"_links":{"self":[{"href":"https:\/\/wiy.com.br\/noticias\/wp-json\/wp\/v2\/posts\/57476","targetHints":{"allow":["GET"]}}],"collection":[{"href":"https:\/\/wiy.com.br\/noticias\/wp-json\/wp\/v2\/posts"}],"about":[{"href":"https:\/\/wiy.com.br\/noticias\/wp-json\/wp\/v2\/types\/post"}],"author":[{"embeddable":true,"href":"https:\/\/wiy.com.br\/noticias\/wp-json\/wp\/v2\/users\/1"}],"replies":[{"embeddable":true,"href":"https:\/\/wiy.com.br\/noticias\/wp-json\/wp\/v2\/comments?post=57476"}],"version-history":[{"count":0,"href":"https:\/\/wiy.com.br\/noticias\/wp-json\/wp\/v2\/posts\/57476\/revisions"}],"wp:featuredmedia":[{"embeddable":true,"href":"https:\/\/wiy.com.br\/noticias\/wp-json\/wp\/v2\/media\/57477"}],"wp:attachment":[{"href":"https:\/\/wiy.com.br\/noticias\/wp-json\/wp\/v2\/media?parent=57476"}],"wp:term":[{"taxonomy":"category","embeddable":true,"href":"https:\/\/wiy.com.br\/noticias\/wp-json\/wp\/v2\/categories?post=57476"},{"taxonomy":"post_tag","embeddable":true,"href":"https:\/\/wiy.com.br\/noticias\/wp-json\/wp\/v2\/tags?post=57476"}],"curies":[{"name":"wp","href":"https:\/\/api.w.org\/{rel}","templated":true}]}}