{"id":57181,"date":"2023-02-26T15:11:39","date_gmt":"2023-02-26T18:11:39","guid":{"rendered":"https:\/\/wiy.com.br\/noticias\/joao-doria-testa-positivo-para-a-covid-19\/"},"modified":"2020-08-12T13:42:12","modified_gmt":"2020-08-12T16:42:12","slug":"joao-doria-testa-positivo-para-a-covid-19","status":"publish","type":"post","link":"https:\/\/wiy.com.br\/noticias\/joao-doria-testa-positivo-para-a-covid-19\/","title":{"rendered":"Jo\u00e3o Doria testa positivo para a Covid-19"},"content":{"rendered":"<p> <br \/>\n<\/p>\n<p>O governador <strong>Jo\u00e3o Doria<\/strong> (PSDB) testou positivo para o novo coronav\u00edrus nesta quarta-feira (12). Por esse motivo, ele n\u00e3o ir\u00e1 participar da coletiva de imprensa sobre a situa\u00e7\u00e3o da pandemia no estado.<\/p>\n<p>Em an\u00fancio nas redes sociais, Doria disse que n\u00e3o tem sintomas da doen\u00e7a e que seguir\u00e1 as recomenda\u00e7\u00f5es de isolamento.<\/p>\n<div class=\"mc-column content-text active-extra-styles \" data-block-type=\"unstyled\" data-block-weight=\"48\" data-block-id=\"3\">\n<p data-track-category=\"Link no Texto\" data-track-links=\"\">&#8220;Seguindo o princ\u00edpio da total transpar\u00eancia com que temos lidado com a pandemia, informo que fui diagnosticado com Covid-19. Estou bem, sem sintomas. Seguirei trabalhando de casa, cumprindo as recomenda\u00e7\u00f5es m\u00e9dicas de isolamento. Tenho f\u00e9 em Deus que vou superar a doen\u00e7a&#8221;, afirmou o governador pelo Twitter.<\/p>\n<blockquote class=\"twitter-tweet\" data-width=\"500\" data-dnt=\"true\">\n<p lang=\"pt\" dir=\"ltr\">Seguindo o princ\u00edpio da total transpar\u00eancia com que temos lidado com a pandemia, informo que fui diagnosticado com Covid-19. Estou bem, sem sintomas. Seguirei trabalhando de casa, cumprindo as recomenda\u00e7\u00f5es m\u00e9dicas de  isolamento. Tenho f\u00e9 em Deus que vou superar a doen\u00e7a. <img title = \"[Tags]\"decoding=\"async\" src=\"https:\/\/s.w.org\/images\/core\/emoji\/12.0.0-1\/72x72\/1f64f.png\"alt = \"1f64f Jo\u00e3o Doria testa positivo para a Covid-19\" class=\"wp-smiley\" \/> <a href=\"https:\/\/t.co\/AjTtIBeBrN\">pic.twitter.com\/AjTtIBeBrN<\/a><\/p>\n<div class=\"ads post-ads\"><span class=\"title\">Continua ap\u00f3s a publicidade<\/span><\/p>\n<div id=\"abrAD_rectangle2\" class=\"abrAD\" data-ad-><\/div>\n<\/div>\n<p>&mdash; Jo\u00e3o Doria (@jdoriajr) <a href=\"https:\/\/twitter.com\/jdoriajr\/status\/1293574155653337090?ref_src=twsrc%5Etfw\">August 12, 2020<\/a><\/p>\n<\/blockquote>\n<\/div>\n<p>&nbsp;<\/p>\n<p><script async src=\"http:\/\/platform.twitter.com\/widgets.js\" charset=\"utf-8\"><\/script><br \/>\n<br \/><br \/>\n<br \/><a href=\"https:\/\/vejasp.abril.com.br\/cidades\/joao-doria-positivo-covid-19\/\">Fonte do Artigo <\/a><br \/>\nTags:<br \/>\n#loterias #loteriascaixa #megasena #resultadoapostas#noticias #noticiario  #noticia #brasil #noticiascolombia #mundo #esporte #colombia #noticiadeld #ltimasnoticias  #noticiario #noticiasregionales #noticiasdepartamentales #noticiashoy #esportes #noticiaahora #elinformantenoticias #noticiasdeboyac  #esporteinterativo #esportivo #diariodosesportes  #noticiero  #jogodefutebol #jogos #loto #apostas<\/p>\n","protected":false},"excerpt":{"rendered":"<p>O governador Jo\u00e3o Doria (PSDB) testou positivo para o novo coronav\u00edrus nesta quarta-feira (12). Por esse motivo, ele n\u00e3o ir\u00e1 participar da coletiva de imprensa sobre a situa\u00e7\u00e3o da pandemia no estado. Em an\u00fancio nas redes sociais, Doria disse que n\u00e3o tem sintomas da doen\u00e7a e que seguir\u00e1 as recomenda\u00e7\u00f5es de isolamento. &#8220;Seguindo o princ\u00edpio [&hellip;]<\/p>\n","protected":false},"author":1,"featured_media":51016,"comment_status":"open","ping_status":"open","sticky":false,"template":"","format":"standard","meta":{"footnotes":""},"categories":[1],"tags":[],"class_list":["post-57181","post","type-post","status-publish","format-standard","has-post-thumbnail","hentry","category-curso-de-copy"],"_links":{"self":[{"href":"https:\/\/wiy.com.br\/noticias\/wp-json\/wp\/v2\/posts\/57181","targetHints":{"allow":["GET"]}}],"collection":[{"href":"https:\/\/wiy.com.br\/noticias\/wp-json\/wp\/v2\/posts"}],"about":[{"href":"https:\/\/wiy.com.br\/noticias\/wp-json\/wp\/v2\/types\/post"}],"author":[{"embeddable":true,"href":"https:\/\/wiy.com.br\/noticias\/wp-json\/wp\/v2\/users\/1"}],"replies":[{"embeddable":true,"href":"https:\/\/wiy.com.br\/noticias\/wp-json\/wp\/v2\/comments?post=57181"}],"version-history":[{"count":0,"href":"https:\/\/wiy.com.br\/noticias\/wp-json\/wp\/v2\/posts\/57181\/revisions"}],"wp:featuredmedia":[{"embeddable":true,"href":"https:\/\/wiy.com.br\/noticias\/wp-json\/wp\/v2\/media\/51016"}],"wp:attachment":[{"href":"https:\/\/wiy.com.br\/noticias\/wp-json\/wp\/v2\/media?parent=57181"}],"wp:term":[{"taxonomy":"category","embeddable":true,"href":"https:\/\/wiy.com.br\/noticias\/wp-json\/wp\/v2\/categories?post=57181"},{"taxonomy":"post_tag","embeddable":true,"href":"https:\/\/wiy.com.br\/noticias\/wp-json\/wp\/v2\/tags?post=57181"}],"curies":[{"name":"wp","href":"https:\/\/api.w.org\/{rel}","templated":true}]}}