{"id":5709,"date":"2023-02-26T15:21:34","date_gmt":"2023-02-26T18:21:34","guid":{"rendered":"https:\/\/wiy.com.br\/noticias\/dezesseis-estados-contestam-na-justica-uso-de-estado-de-emergencia-por-trump-para-construir-muro\/"},"modified":"2019-02-18T22:07:37","modified_gmt":"2019-02-19T01:07:37","slug":"dezesseis-estados-contestam-na-justica-uso-de-estado-de-emergencia-por-trump-para-construir-muro","status":"publish","type":"post","link":"https:\/\/wiy.com.br\/noticias\/dezesseis-estados-contestam-na-justica-uso-de-estado-de-emergencia-por-trump-para-construir-muro\/","title":{"rendered":"Dezesseis estados contestam na Justi\u00e7a uso de estado de emerg\u00eancia por Trump para construir muro"},"content":{"rendered":"<p> <br \/>\n<br \/>WASHINGTON \u2014 Uma coaliz\u00e3o de 16 estados democratas, da Calif\u00f3nia a Nova York, entrou com uma a\u00e7\u00e3o na Justi\u00e7a americana nesta segunda-feira contra a decis\u00e3o do presidente Donald Trump de usar poderes especiais conferidos pelo estado de emerg\u00eancia&#8230;<br \/>\n<br \/><br \/>\n<br \/><a href=\"https:\/\/oglobo.globo.com\/mundo\/dezesseis-estados-contestam-na-justica-uso-de-estado-de-emergencia-por-trump-para-construir-muro-23462724\">Source link <\/a><\/p>\n","protected":false},"excerpt":{"rendered":"<p>WASHINGTON \u2014 Uma coaliz\u00e3o de 16 estados democratas, da Calif\u00f3nia a Nova York, entrou com uma a\u00e7\u00e3o na Justi\u00e7a americana nesta segunda-feira contra a decis\u00e3o do presidente Donald Trump de usar poderes especiais conferidos pelo estado de emerg\u00eancia&#8230; Source link<\/p>\n","protected":false},"author":1,"featured_media":0,"comment_status":"open","ping_status":"open","sticky":false,"template":"","format":"standard","meta":{"footnotes":""},"categories":[337],"tags":[],"class_list":["post-5709","post","type-post","status-publish","format-standard","hentry","category-noticias"],"_links":{"self":[{"href":"https:\/\/wiy.com.br\/noticias\/wp-json\/wp\/v2\/posts\/5709","targetHints":{"allow":["GET"]}}],"collection":[{"href":"https:\/\/wiy.com.br\/noticias\/wp-json\/wp\/v2\/posts"}],"about":[{"href":"https:\/\/wiy.com.br\/noticias\/wp-json\/wp\/v2\/types\/post"}],"author":[{"embeddable":true,"href":"https:\/\/wiy.com.br\/noticias\/wp-json\/wp\/v2\/users\/1"}],"replies":[{"embeddable":true,"href":"https:\/\/wiy.com.br\/noticias\/wp-json\/wp\/v2\/comments?post=5709"}],"version-history":[{"count":0,"href":"https:\/\/wiy.com.br\/noticias\/wp-json\/wp\/v2\/posts\/5709\/revisions"}],"wp:attachment":[{"href":"https:\/\/wiy.com.br\/noticias\/wp-json\/wp\/v2\/media?parent=5709"}],"wp:term":[{"taxonomy":"category","embeddable":true,"href":"https:\/\/wiy.com.br\/noticias\/wp-json\/wp\/v2\/categories?post=5709"},{"taxonomy":"post_tag","embeddable":true,"href":"https:\/\/wiy.com.br\/noticias\/wp-json\/wp\/v2\/tags?post=5709"}],"curies":[{"name":"wp","href":"https:\/\/api.w.org\/{rel}","templated":true}]}}