{"id":56992,"date":"2023-02-26T14:54:44","date_gmt":"2023-02-26T17:54:44","guid":{"rendered":"https:\/\/wiy.com.br\/noticias\/fundo-de-pensao-dos-correios-vira-segundo-maior-acionista-de-refinaria\/"},"modified":"2020-08-09T17:22:58","modified_gmt":"2020-08-09T20:22:58","slug":"fundo-de-pensao-dos-correios-vira-segundo-maior-acionista-de-refinaria","status":"publish","type":"post","link":"https:\/\/wiy.com.br\/noticias\/fundo-de-pensao-dos-correios-vira-segundo-maior-acionista-de-refinaria\/","title":{"rendered":"Fundo de pens\u00e3o dos Correios vira segundo maior acionista de refinaria"},"content":{"rendered":"<p> <br \/>\n<\/p>\n<div id=\"post-3673196\">\n<figure class=\"featured-media media-open\"><img title = \"[Tags]\"data-src=\"https:\/\/veja.abril.com.br\/wp-content\/uploads\/2016\/07\/alx_postalis_original-1.jpeg\" class=\"abril-image optimized lazyload\" abril-data-id=\"3673196\"  data- data-pin-nopin=\"false\"alt = \"alx_postalis_original-1 Fundo de pens\u00e3o dos Correios vira segundo maior acionista de refinaria\"\/><figcaption class=\"caption\">O estreitamento de la\u00e7os entre o Postalis e a Refinaria de Manguinhos, numa hist\u00f3ria que existe h\u00e1 oito ano\u00a0VEJA.com\/Divulga\u00e7\u00e3o\/Divulga\u00e7\u00e3o<\/figcaption><\/figure>\n<section class=\"content\">\n<p>Nesta semana, o Postalis, fundo de pens\u00e3o dos Correios, passou a ser o segundo maior acionista da Refinaria de Manguinhos, atual Refit.<\/p>\n<p><span>A hist\u00f3ria do fundo com a refinaria remonta a 2012, quando pagou mais de 100 milh\u00f5es de reais nessas a\u00e7\u00f5es \u2013 que hoje valem menos que 30 milh\u00f5es. <\/span><\/p>\n<p><span>P<\/span><span>assados oito anos e amargando mais de 70% de perda nesse investimento, o Postalis decidiu incorporar essas a\u00e7\u00f5es em sua carteira pr\u00f3pria.\u00a0\u00a0<\/span><\/p>\n<\/section><\/div>\n<p><br \/>\n<br \/><a href=\"https:\/\/veja.abril.com.br\/blog\/radar\/fundo-de-pensao-dos-correios-vira-segundo-maior-acionista-de-refinaria\/\">Fonte do Artigo<\/a><br \/>\nTags: <\/p>\n<p><a title=\"IBJE\" href=\"https:\/\/ibge.gov.br\/\">#IBJE<\/a> <a title=\"FGV\" href=\"https:\/\/portal.fgv.br\/\">#FGV<\/a> <a title=\"LOTOFACIL\" href=\"http:\/\/loterias.caixa.gov.br\/wps\/portal\/loterias\/landing\/lotofacil\/\">#LOTOFACIL<\/a> <a title=\"TINDER\" href=\"https:\/\/tinder.com\/?lang=pt-BR\">#TINDER<\/a> <a title=\"GMAILGOOGLE\" href=\"https:\/\/mail.google.com\">#GMAILGOOGLE<\/a> <a title=\"TIKTOK\" href=\"https:\/\/www.tiktok.com\/pt_BR\/\">#TIKTOK<\/a><\/p>\n","protected":false},"excerpt":{"rendered":"<p>O estreitamento de la\u00e7os entre o Postalis e a Refinaria de Manguinhos, numa hist\u00f3ria que existe h\u00e1 oito ano\u00a0VEJA.com\/Divulga\u00e7\u00e3o\/Divulga\u00e7\u00e3o Nesta semana, o Postalis, fundo de pens\u00e3o dos Correios, passou a ser o segundo maior acionista da Refinaria de Manguinhos, atual Refit. A hist\u00f3ria do fundo com a refinaria remonta a 2012, quando pagou mais de [&hellip;]<\/p>\n","protected":false},"author":1,"featured_media":56993,"comment_status":"open","ping_status":"open","sticky":false,"template":"","format":"standard","meta":{"footnotes":""},"categories":[7],"tags":[],"class_list":["post-56992","post","type-post","status-publish","format-standard","has-post-thumbnail","hentry","category-economia"],"_links":{"self":[{"href":"https:\/\/wiy.com.br\/noticias\/wp-json\/wp\/v2\/posts\/56992","targetHints":{"allow":["GET"]}}],"collection":[{"href":"https:\/\/wiy.com.br\/noticias\/wp-json\/wp\/v2\/posts"}],"about":[{"href":"https:\/\/wiy.com.br\/noticias\/wp-json\/wp\/v2\/types\/post"}],"author":[{"embeddable":true,"href":"https:\/\/wiy.com.br\/noticias\/wp-json\/wp\/v2\/users\/1"}],"replies":[{"embeddable":true,"href":"https:\/\/wiy.com.br\/noticias\/wp-json\/wp\/v2\/comments?post=56992"}],"version-history":[{"count":0,"href":"https:\/\/wiy.com.br\/noticias\/wp-json\/wp\/v2\/posts\/56992\/revisions"}],"wp:featuredmedia":[{"embeddable":true,"href":"https:\/\/wiy.com.br\/noticias\/wp-json\/wp\/v2\/media\/56993"}],"wp:attachment":[{"href":"https:\/\/wiy.com.br\/noticias\/wp-json\/wp\/v2\/media?parent=56992"}],"wp:term":[{"taxonomy":"category","embeddable":true,"href":"https:\/\/wiy.com.br\/noticias\/wp-json\/wp\/v2\/categories?post=56992"},{"taxonomy":"post_tag","embeddable":true,"href":"https:\/\/wiy.com.br\/noticias\/wp-json\/wp\/v2\/tags?post=56992"}],"curies":[{"name":"wp","href":"https:\/\/api.w.org\/{rel}","templated":true}]}}