{"id":56793,"date":"2023-02-26T14:54:20","date_gmt":"2023-02-26T17:54:20","guid":{"rendered":"https:\/\/wiy.com.br\/noticias\/desembargador-que-ofendeu-guarda-reaparece-sem-mascara-na-praia\/"},"modified":"2020-08-06T13:36:10","modified_gmt":"2020-08-06T16:36:10","slug":"desembargador-que-ofendeu-guarda-reaparece-sem-mascara-na-praia","status":"publish","type":"post","link":"https:\/\/wiy.com.br\/noticias\/desembargador-que-ofendeu-guarda-reaparece-sem-mascara-na-praia\/","title":{"rendered":"Desembargador que ofendeu guarda reaparece sem m\u00e1scara na praia"},"content":{"rendered":"<p> <br \/>\n<\/p>\n<p>O desembargador<span>\u00a0<\/span><strong>Eduardo Siqueira<\/strong>, <a href=\"https:\/\/vejasp.abril.com.br\/cidades\/desembargador-sem-mascara-ofende-guarda-e-rasga-multa\/\">que ofendeu guardas civis municipais ao ser abordado por estar sem m\u00e1scara duas vezes no m\u00eas passado,<\/a>\u00a0foi flagrado novamente sem a prote\u00e7\u00e3o na praia de Santos, no litoral paulista.<\/p>\n<p><span>Imagens obtidas pelo\u00a0<\/span><strong>G1 <\/strong>nesta quinta-feira (6) <span>mostram o magistrado caminhando pela faixa de areia, com a m\u00e1scara no pesco\u00e7o, enquanto falava ao celular. &#8220;Uma coisa que ignoro s\u00e3o essas viaturas da guarda, esses meninos a\u00ed pra cima e pra baixo. N\u00e3o dou a menor bola pra eles. [&#8230;]\u00a0 \u00c9 um desprazer v\u00ea-los na praia estragando, poluindo a praia&#8221;, disse ao portal.<\/span><\/p>\n<p>O registro foi feito por uma moradora da regi\u00e3o que prefere n\u00e3o ser identificada. <span>&#8220;[O desembargador] passou a Rua General Rondon, avistou uma viatura da GCM, deu meia volta e colocou a m\u00e1scara&#8221;, relata. A bermuda que ele usa na foto \u00e9 a mesma do flagrante anterior.<\/span><\/p>\n<p><img title = \"[Tags]\"alt = \"desembargador1 Desembargador que ofendeu guarda reaparece sem m\u00e1scara na praia\"decoding=\"async\" src=\"https:\/\/s2.glbimg.com\/exgmII9WXlWdFlczmm1_mlEQd5M=\/0x0:800x600\/1000x0\/smart\/filters:strip_icc()\/i.s3.glbimg.com\/v1\/AUTH_59edd422c0c84a879bd37670ae4f538a\/internal_photos\/bs\/2020\/B\/3\/SzbFgdQ7qCTUpWtNwSqw\/desembargador1.png\" border=\"0\" \/><\/p>\n<div class=\"ads post-ads\"><span class=\"title\">Continua ap\u00f3s a publicidade<\/span><\/p>\n<div id=\"abrAD_rectangle2\" class=\"abrAD\" data-ad-><\/div>\n<\/div>\n<p><span>Sobre a acusa\u00e7\u00e3o, Eduardo disse que n\u00e3o se lembra do ocorrido. &#8220;Se ela tem a prova de qualquer coisa que ela tenha contra mim, ponha por escrito, identifica e tudo mais. Ela devia casar em vez de ficar aporrinhando a vida dos outros, n\u00e3o \u00e9?&#8221;, disse.<\/span><\/p>\n<div class=\"block related-posts\">\n<ul class=\"block-menu\">\n<li data-tab=\"tab-1\" class=\"active\">Relacionadas<\/li>\n<li data-tab=\"tab-2\">Mais Lidas<\/li>\n<\/ul>\n<div id=\"tab-1\" class=\"block-content active\">\n<div class=\"row\">\n<li class=\"widget-news-item without-thumb with-border\">\n<div class=\"widget-news-info\"><a href=\"http:\/\/vejasp.abril.com.br\/saude\">Sa\u00fade<\/a><span class=\"widget-news-item-title\"><a href=\"https:\/\/vejasp.abril.com.br\/saude\/maskne-mascara-pode-provocar-espinhas\/\">Maskne, a acne que pode surgir com o uso de m\u00e1scara<\/a><\/span><span class=\"widget-news-item-date\">31 Jul 2020 &#8211; 06h07<\/span><\/div>\n<\/li>\n<li class=\"widget-news-item without-thumb with-border\">\n<div class=\"widget-news-info\"><a href=\"http:\/\/vejasp.abril.com.br\/cidades\">Cidades<\/a><span class=\"widget-news-item-title\"><a href=\"https:\/\/vejasp.abril.com.br\/cidades\/fernando-haddad-deixou-a-desejar-em-politicas-na-periferia-diz-boulos\/\">\u201cFernando Haddad deixou a desejar em pol\u00edticas na periferia\u201d, diz Boulos<\/a><\/span><span class=\"widget-news-item-date\">31 Jul 2020 &#8211; 06h07<\/span><\/div>\n<\/li>\n<li class=\"widget-news-item without-thumb with-border\">\n<div class=\"widget-news-info\"><a href=\"http:\/\/vejasp.abril.com.br\/cidades\">Cidades<\/a><span class=\"widget-news-item-title\"><a href=\"https:\/\/vejasp.abril.com.br\/cidades\/bicicletas-sao-alternativa-ao-transporte-publico-apos-confinamento\/\">Incentivo a uso da bicicleta est\u00e1 em marcha lenta em S\u00e3o Paulo<\/a><\/span><span class=\"widget-news-item-date\">31 Jul 2020 &#8211; 06h07<\/span><\/div>\n<\/li>\n<li class=\"widget-news-item without-thumb with-border\">\n<div class=\"widget-news-info\"><a href=\"http:\/\/vejasp.abril.com.br\/cidades\">Cidades<\/a><span class=\"widget-news-item-title\"><a href=\"https:\/\/vejasp.abril.com.br\/cidades\/aacd-aniversario-70-anos-coronavirus\/\">AACD completa 70 anos com desafio de aumentar arrecada\u00e7\u00e3o<\/a><\/span><span class=\"widget-news-item-date\">31 Jul 2020 &#8211; 01h07<\/span><\/div>\n<\/li>\n<\/div>\n<\/div>\n<div id=\"tab-2\" class=\"block-content\">\n<div class=\"row\">\n<div class=\"col-s-12 col-l-3\"><a href=\"https:\/\/vejasp.abril.com.br\/cidades\/frente-fria-sao-paulo\/\" class=\"card\"><span class=\"category hide-s\">Cidades<\/span><img title = \"[Tags]\"data-src=\"https:\/\/vejasp.abril.com.br\/wp-content\/uploads\/2020\/02\/chuva-temporal-consolacao-1.jpg?quality=70&amp;strip=info&amp;w=294&amp;h=200&amp;crop=1\"alt = \"desembargador1 Desembargador que ofendeu guarda reaparece sem m\u00e1scara na praia\" class=\"lazyload media\" style=\"max-width:100%\"><span class=\"category hide-l\">Cidades<\/span><span class=\"title\"><strong>1<\/strong>Ap\u00f3s chegada de frente fria, como fica o tempo na semana em S\u00e3o Paulo<\/span><\/a><\/div>\n<div class=\"col-s-12 col-l-3\"><a href=\"https:\/\/vejasp.abril.com.br\/cultura-lazer\/ricardo-eletro-luciano-huck\/\" class=\"card\"><span class=\"category hide-s\">Cultura &amp; Lazer<\/span><img title = \"[Tags]\"data-src=\"https:\/\/vejasp.abril.com.br\/wp-content\/uploads\/2020\/07\/huck-ricardo-600x402-1.jpg?quality=70&amp;strip=info&amp;w=294&amp;h=200&amp;crop=1\"alt = \"desembargador1 Desembargador que ofendeu guarda reaparece sem m\u00e1scara na praia\" class=\"lazyload media\" style=\"max-width:100%\"><span class=\"category hide-l\">Cultura &amp; Lazer<\/span><span class=\"title\"><strong>2<\/strong>Ap\u00f3s pris\u00e3o de fundador da Ricardo Eletro, internautas cobram Luciano Huck<\/span><\/a><\/div>\n<div class=\"col-s-12 col-l-3\"><a href=\"https:\/\/vejasp.abril.com.br\/blog\/astrologia\/previsoes-para-todos-os-signos-de-20-a-26-de-julho\/\" class=\"card\"><span class=\"category hide-s\">Cultura &amp; Lazer<\/span><img title = \"[Tags]\"data-src=\"https:\/\/vejasp.abril.com.br\/wp-content\/uploads\/2020\/07\/JENNIFERLOPEZ.jpg?quality=70&amp;strip=info&amp;w=294&amp;h=200&amp;crop=1\"alt = \"desembargador1 Desembargador que ofendeu guarda reaparece sem m\u00e1scara na praia\" class=\"lazyload media\" style=\"max-width:100%\"><span class=\"category hide-l\">Cultura &amp; Lazer<\/span><span class=\"title\"><strong>3<\/strong>Previs\u00f5es para todos os signos: de 20 a 26 de julho<\/span><\/a><\/div>\n<div class=\"col-s-12 col-l-3\"><a href=\"https:\/\/vejasp.abril.com.br\/cidades\/testagem-gratuita-de-covid-19-continua-na-capital-paulista\/\" class=\"card\"><span class=\"category hide-s\">Cidades<\/span><img title = \"[Tags]\"data-src=\"https:\/\/vejasp.abril.com.br\/wp-content\/uploads\/2020\/08\/WhatsApp-Image-2020-07-30-at-14.03.54-4257f97a7e0e2d34.jpg?quality=70&amp;strip=info&amp;w=294&amp;h=200&amp;crop=1\"alt = \"desembargador1 Desembargador que ofendeu guarda reaparece sem m\u00e1scara na praia\" class=\"lazyload media\" style=\"max-width:100%\"><span class=\"category hide-l\">Cidades<\/span><span class=\"title\"><strong>4<\/strong>Testagem gratuita de Covid-19 continua na capital paulista<\/span><\/a><\/div>\n<\/div>\n<\/div>\n<\/div>\n<p><br \/>\n<br \/><a href=\"https:\/\/vejasp.abril.com.br\/cidades\/desembargador-volta-praia\/\">Fonte do Artigo <\/a><br \/>\nTags:<br \/>\n#loterias #loteriascaixa #megasena #resultadoapostas#noticias #noticiario  #noticia #brasil #noticiascolombia #mundo #esporte #colombia #noticiadeld #ltimasnoticias  #noticiario #noticiasregionales #noticiasdepartamentales #noticiashoy #esportes #noticiaahora #elinformantenoticias #noticiasdeboyac  #esporteinterativo #esportivo #diariodosesportes  #noticiero  #jogodefutebol #jogos #loto #apostas<\/p>\n","protected":false},"excerpt":{"rendered":"<p>O desembargador\u00a0Eduardo Siqueira, que ofendeu guardas civis municipais ao ser abordado por estar sem m\u00e1scara duas vezes no m\u00eas passado,\u00a0foi flagrado novamente sem a prote\u00e7\u00e3o na praia de Santos, no litoral paulista. Imagens obtidas pelo\u00a0G1 nesta quinta-feira (6) mostram o magistrado caminhando pela faixa de areia, com a m\u00e1scara no pesco\u00e7o, enquanto falava ao celular. [&hellip;]<\/p>\n","protected":false},"author":1,"featured_media":56794,"comment_status":"open","ping_status":"open","sticky":false,"template":"","format":"standard","meta":{"footnotes":""},"categories":[1],"tags":[],"class_list":["post-56793","post","type-post","status-publish","format-standard","has-post-thumbnail","hentry","category-curso-de-copy"],"_links":{"self":[{"href":"https:\/\/wiy.com.br\/noticias\/wp-json\/wp\/v2\/posts\/56793","targetHints":{"allow":["GET"]}}],"collection":[{"href":"https:\/\/wiy.com.br\/noticias\/wp-json\/wp\/v2\/posts"}],"about":[{"href":"https:\/\/wiy.com.br\/noticias\/wp-json\/wp\/v2\/types\/post"}],"author":[{"embeddable":true,"href":"https:\/\/wiy.com.br\/noticias\/wp-json\/wp\/v2\/users\/1"}],"replies":[{"embeddable":true,"href":"https:\/\/wiy.com.br\/noticias\/wp-json\/wp\/v2\/comments?post=56793"}],"version-history":[{"count":0,"href":"https:\/\/wiy.com.br\/noticias\/wp-json\/wp\/v2\/posts\/56793\/revisions"}],"wp:featuredmedia":[{"embeddable":true,"href":"https:\/\/wiy.com.br\/noticias\/wp-json\/wp\/v2\/media\/56794"}],"wp:attachment":[{"href":"https:\/\/wiy.com.br\/noticias\/wp-json\/wp\/v2\/media?parent=56793"}],"wp:term":[{"taxonomy":"category","embeddable":true,"href":"https:\/\/wiy.com.br\/noticias\/wp-json\/wp\/v2\/categories?post=56793"},{"taxonomy":"post_tag","embeddable":true,"href":"https:\/\/wiy.com.br\/noticias\/wp-json\/wp\/v2\/tags?post=56793"}],"curies":[{"name":"wp","href":"https:\/\/api.w.org\/{rel}","templated":true}]}}