{"id":56728,"date":"2023-02-26T14:54:44","date_gmt":"2023-02-26T17:54:44","guid":{"rendered":"https:\/\/wiy.com.br\/noticias\/o-imposto-medieval-de-guedes-na-comissao-da-reforma-tributaria\/"},"modified":"2020-08-05T14:27:12","modified_gmt":"2020-08-05T17:27:12","slug":"o-imposto-medieval-de-guedes-na-comissao-da-reforma-tributaria","status":"publish","type":"post","link":"https:\/\/wiy.com.br\/noticias\/o-imposto-medieval-de-guedes-na-comissao-da-reforma-tributaria\/","title":{"rendered":"O \u2018imposto medieval\u2019 de Guedes na comiss\u00e3o da reforma tribut\u00e1ria"},"content":{"rendered":"<p> <br \/>\n<\/p>\n<div id=\"\">\n<p>Entre os s\u00e9culos XV e XVIII, um dos impostos mais rent\u00e1veis cobrados pela monarquia francesa era a talha. <span>Institu\u00eddo por Carlos VII<\/span><span>\u00a0durante a Guerra dos Cem Anos, o tributo era cobrado de parte das produ\u00e7\u00f5es. Em uma transmiss\u00e3o ao vivo realizada pelo jornal <em>Valor Econ\u00f4mico <\/em>na segunda-feira, o\u00a0 relator da <a href=\"http:\/\/veja.com\/noticias-sobre\/reforma-tributaria\"><strong>reforma tribut\u00e1ria<\/strong><\/a>, o deputado <strong>Aguinaldo Ribeiro (PP-PB)<\/strong>, tratou o imposto sobre movimenta\u00e7\u00f5es financeiras gestado pelo Minist\u00e9rio da Economia como uma \u201ctenta\u00e7\u00e3o medieval\u201d. A resposta do ministro <a href=\"http:\/\/veja.com\/noticias-sobre\/paulo-guedes\"><strong>Paulo Guedes<\/strong><\/a> veio nesta quarta, 5, durante a participa\u00e7\u00e3o do chefe da Economia na Comiss\u00e3o Mista que discute a reforma tribut\u00e1ria no Congresso, com direito a alfinetada. \u201cAt\u00e9 o deputado Aguinaldo cometeu um certo excesso, porque ele sugeriu que a Netflix e o Google j\u00e1 existiam na Idade M\u00e9dia, porque ele falou que imposto sobre o digital \u00e9 um imposto medieval. Ent\u00e3o parece que j\u00e1 existia tudo isso na Idade M\u00e9dia. Os bispos e os padres, nas catedrais g\u00f3ticas, j\u00e1 usavam Netflix, Google, Waze. Foi um exagero que ele cometeu\u201d, ironizou o ministro, defendendo seu \u201cimposto digital\u201d. <\/span>\u201cN\u00e3o queremos onerar mais o povo brasileiro. A economia \u00e9 cada vez mais digital. Temos bel\u00edssimas interven\u00e7\u00f5es tecnol\u00f3gicas, sim, e estamos estudando como tributar\u201d, afirmou o ministro. Incomodado, Guedes tenta afastar do tributo a pecha do antigo imposto do cheque. \u201cAlgumas pessoas, por maldade ou ignor\u00e2ncia, falam que \u00e9 a nova CPMF\u201d, disse o ministro.<\/p>\n<div class=\"block_assine_posts\">\n<h2 class=\"title-assine\">ASSINE VEJA<\/h2>\n<figure id=\"attachment_3609914\" class=\"wp-caption alignnone  media-assine\"><img loading=\"lazy\" decoding=\"async\" class=\"size-large wp-image-3609914\" src=\"https:\/\/veja.abril.com.br\/wp-content\/uploads\/2020\/07\/VJ-CAPA-2698-V-2.jpg?quality=70&amp;strip=info&amp;w=220\" border=\"0\"alt = \"VJ-CAPA-2698-V-2 O \u2018imposto medieval\u2019 de Guedes na comiss\u00e3o da reforma tribut\u00e1ria\"title = \"[Tags]\" width=\"220\" height=\"289\" data-restrict=\"false\" data-portal-copyright=\"VEJA\" data-image-caption=\"Leia em VEJA: Levantamento exclusivo revela os campe\u00f5es da destrui\u00e7\u00e3o. Mais: as mudan\u00e7as do cotidiano na vida p\u00f3s-pandemia\" data-image-title=\"\" data-image-source=\"VEJA\"\/><figcaption class=\"wp-caption-text\"><span class=\"title\">Os 10 fazendeiros que mais desmatam a Amaz\u00f4nia<\/span> Leia em VEJA: Levantamento exclusivo revela os campe\u00f5es da destrui\u00e7\u00e3o. Mais: as mudan\u00e7as do cotidiano na vida p\u00f3s-pandemia<\/figcaption><\/figure>\n<p><a href=\"https:\/\/www.assine.abril.com.br\/portal\/paginasEstaticas!showPromocao.action?&amp;codPromocao=sr_ve_land&amp;origem=sr_ve_materia_land&amp;utm_source=sites&amp;utm_medium=sr&amp;utm_campaign=sr_ve_materia_land\" target=\"_blank\" rel=\"noopener noreferrer\">Clique e Assine<\/a><\/div>\n<p>A reedi\u00e7\u00e3o de um imposto sobre movimenta\u00e7\u00f5es financeiras n\u00e3o estava na pauta da convoca\u00e7\u00e3o \u00e0s explica\u00e7\u00f5es de Paulo Guedes sobre o projeto do governo para alterar o sistema tribut\u00e1rio brasileiro, j\u00e1 que o convite era para que o ministro tratasse da CBS, o novo imposto sobre consumo que ir\u00e1 substituir o PIS e a Cofins <span>\u2014 mas o tema, claro, ganhou protagonismo entre os questionamentos dos parlamentares. <\/span><span>\u201cO senhor, por favor, receba nosso apelo antes de insistir numa tecla como essa\u201d, disse o deputado Jo\u00e3o Roma (Republicanos-BA). \u201cN\u00f3s precisamos, sim, impulsionar o desenvolvimento do Brasil\u201d, disse ele. \u201cPrecisamos ter clareza de uma reforma ampla, que entenda a vontade do povo brasileiro como impulsionadora para a economia brasileira\u201d, completou. \u201cPassar batom na CPMF n\u00e3o vai torn\u00e1-la um imposto novo\u201d, disse a senadora Simone Tebet (MDB-MS). \u201cN\u00e3o podemos ter o absolutismo de que o ministro proponha um imposto que ningu\u00e9m queira, nem que os deputados interditem o debate\u201d, respondeu o ministro, em r\u00e9plica \u00e0 refer\u00eancia monarquista feita pelo deputado.\u00a0<\/span><\/p>\n<p>A principal cr\u00edtica vinda dos congressistas era a aus\u00eancia de um projeto amplo de reforma tribut\u00e1ria, j\u00e1 que o governo se comprometeu em enviar a reforma em partes, dadas as d\u00favidas quanto aos pr\u00f3ximos passos da proposta para o sistema de impostos do pa\u00eds. \u201cN\u00e3o vai ser poss\u00edvel discutir a proposta fatiada, apontando o aumento de al\u00edquotas, esperando quando o senhor enviar outra proposta\u201d, provocou o senador Major Ol\u00edmpio (PSL-SP). <span>\u201cN\u00e3o d\u00e1 para vir esquartejada a proposta de reforma tribut\u00e1ria do governo, se precisamos das simula\u00e7\u00f5es oficiais de vossas excel\u00eancias\u201d, disse o senador. <\/span>\u201d \u201c<span>N\u00e3o vamos aumentar a carga tribut\u00e1ria. Temos um programa de simplifica\u00e7\u00e3o e redu\u00e7\u00e3o de tributos. Vamos agora substituir dez, 15, 20, impostos por um. Recentemente, mandamos a proposta de substituir dois por um e vamos seguir fazendo isso\u201d, defendeu o ministro. \u201cO brasileiro paga imposto demais\u201d, afirmou Guedes. A m\u00e1xima n\u00e3o convenceu os parlamentares.\u00a0<\/span><\/p>\n<section class=\"block newsletter  single-newsletter \">\n<div class=\"container\">\n<div class=\"row\">\n<p>\n        <span class=\"description\">Receba as novidades e principais acontecimentos, bastidores e an\u00e1lises do cen\u00e1rio pol\u00edtico brasileiro. <strong> <span class=\"btn-newsletter-assine\"> Inscreva-se aqui <\/span><\/strong> para receber a nossa newsletter<\/span>\n      <\/p>\n<div class=\"msg-return\">\n<h2>Cadastro efetuado com sucesso!<\/h2>\n<p>Voc\u00ea receber\u00e1 nossas newsletters pela manh\u00e3 de segunda a sexta-feira.<\/p>\n<\/p><\/div>\n<\/p><\/div>\n<\/p><\/div>\n<\/section>\n<p>E com raz\u00e3o. Como ainda n\u00e3o enviou o resto da proposta, \u00e9 uma inc\u00f3gnita como, de fato, ser\u00e3o atingidos os setores da economia pelo projeto j\u00e1 em discuss\u00e3o pelo Congresso Nacional. Guedes afirmou que o texto que prev\u00ea a cria\u00e7\u00e3o da CBS, j\u00e1 encaminhado \u00e0 comiss\u00e3o, \u00e9 \u201ccompletamente acopl\u00e1vel\u201d aos projetos que tramitam em est\u00e1gio mais avan\u00e7ado, como as Propostas de Emenda Constitucional 45 e 110.\u00a0 <span>A aus\u00eancia de uma alternativa ao aumento m\u00e9dio de al\u00edquota para os setores de servi\u00e7os, de 3,5% para 12%, \u00e9 a pedra no sapato da equipe econ\u00f4mica, j\u00e1 que ainda n\u00e3o se apresentou o respiro prometido ao setor. \u201cN\u00f3s poder\u00edamos estar falando mais, mas estamos trabalhando muito\u201d, fez um <em>mea-culpa<\/em> o ministro sobre a demora nos envios das outras partes da proposta, reiterando que o Minist\u00e9rio da Economia foi obrigado a debru\u00e7ar-se sobre as medidas emergenciais gra\u00e7as \u00e0 pandemia da Covid-19.\u00a0 <\/span><\/p>\n<div class=\"ads post-ads\"><span class=\"title\" style=\"display:block\">Continua ap\u00f3s a publicidade<\/span><\/div>\n<p>\u201cSe os nossos c\u00e1lculos de 12% aumentarem a al\u00edquota, vamos ter que reduzir\u201d, disse o ministro sobre o setor de servi\u00e7os, mas fez uma pondera\u00e7\u00e3o sobre o real impacto do CBS para o setor. Segundo ele, 85% das empresas est\u00e3o no sistema simplificado de impostos, o Simples, e que as cr\u00edticas v\u00eam, majoritariamente, das 15% maiores empresas do setor que seriam atingidas de forma frontal pela proposta. No Minist\u00e9rio da Economia, trabalha-se com o envio das altera\u00e7\u00f5es no Imposto de Renda e o novo imposto sobre movimenta\u00e7\u00f5es financeiras at\u00e9 o dia 15 de agosto.<\/p>\n<p>Apesar da provoca\u00e7\u00e3o, o ministro mostrou-se mais ambientado ao ambiente pol\u00edtico. Desta vez, Guedes n\u00e3o foi provocado de forma acintosa em \u00e2mbito pessoal, \u00e9 verdade. N\u00e3o foi chamado de \u2018tchutchuca\u2019 por deputado algum, como ocorreu em um dos debates da reforma da Previd\u00eancia na C\u00e2mara dos deputados. A discuss\u00e3o, como deve ser, ficou no campo formal e das propostas. Classificado corretamente pelo ministro como um \u201cmanic\u00f4mio\u201d, o sistema tribut\u00e1rio necessita urgentemente ver suas altera\u00e7\u00f5es caminhando de vento em popa no Legislativo. \u201cQuem d\u00e1 o <em>timing <\/em>\u00e9 a pol\u00edtica\u201d, afirmou o ministro, ao dizer que o coronav\u00edrus atrasou o tr\u00e2mite das reformas estruturais e a guinada aos trabalhos para mitigar os efeitos da pandemia.<\/p>\n<p>\u00c9 necess\u00e1rio, por\u00e9m, que o governo envie o mais r\u00e1pido poss\u00edvel o resto de sua proposta para que os congressistas consigam debru\u00e7ar-se sobre propostas s\u00f3lidas. E, buscando a moderniza\u00e7\u00e3o da sopa de letrinhas que formam os impostos brasileiros, o pa\u00eds comece a deixar os tempos medievais.<\/p>\n<\/p><\/div>\n<p><br \/>\n<br \/><a href=\"https:\/\/veja.abril.com.br\/economia\/o-imposto-medieval-de-guedes-na-comissao-da-reforma-tributaria\/\">Fonte do Artigo<\/a><br \/>\nTags: <\/p>\n<p><a title=\"IBJE\" href=\"https:\/\/ibge.gov.br\/\">#IBJE<\/a> <a title=\"FGV\" href=\"https:\/\/portal.fgv.br\/\">#FGV<\/a> <a title=\"LOTOFACIL\" href=\"http:\/\/loterias.caixa.gov.br\/wps\/portal\/loterias\/landing\/lotofacil\/\">#LOTOFACIL<\/a> <a title=\"TINDER\" href=\"https:\/\/tinder.com\/?lang=pt-BR\">#TINDER<\/a> <a title=\"GMAILGOOGLE\" href=\"https:\/\/mail.google.com\">#GMAILGOOGLE<\/a> <a title=\"TIKTOK\" href=\"https:\/\/www.tiktok.com\/pt_BR\/\">#TIKTOK<\/a><\/p>\n","protected":false},"excerpt":{"rendered":"<p>Entre os s\u00e9culos XV e XVIII, um dos impostos mais rent\u00e1veis cobrados pela monarquia francesa era a talha. Institu\u00eddo por Carlos VII\u00a0durante a Guerra dos Cem Anos, o tributo era cobrado de parte das produ\u00e7\u00f5es. Em uma transmiss\u00e3o ao vivo realizada pelo jornal Valor Econ\u00f4mico na segunda-feira, o\u00a0 relator da reforma tribut\u00e1ria, o deputado Aguinaldo [&hellip;]<\/p>\n","protected":false},"author":1,"featured_media":56729,"comment_status":"open","ping_status":"open","sticky":false,"template":"","format":"standard","meta":{"footnotes":""},"categories":[7],"tags":[],"class_list":["post-56728","post","type-post","status-publish","format-standard","has-post-thumbnail","hentry","category-economia"],"_links":{"self":[{"href":"https:\/\/wiy.com.br\/noticias\/wp-json\/wp\/v2\/posts\/56728","targetHints":{"allow":["GET"]}}],"collection":[{"href":"https:\/\/wiy.com.br\/noticias\/wp-json\/wp\/v2\/posts"}],"about":[{"href":"https:\/\/wiy.com.br\/noticias\/wp-json\/wp\/v2\/types\/post"}],"author":[{"embeddable":true,"href":"https:\/\/wiy.com.br\/noticias\/wp-json\/wp\/v2\/users\/1"}],"replies":[{"embeddable":true,"href":"https:\/\/wiy.com.br\/noticias\/wp-json\/wp\/v2\/comments?post=56728"}],"version-history":[{"count":0,"href":"https:\/\/wiy.com.br\/noticias\/wp-json\/wp\/v2\/posts\/56728\/revisions"}],"wp:featuredmedia":[{"embeddable":true,"href":"https:\/\/wiy.com.br\/noticias\/wp-json\/wp\/v2\/media\/56729"}],"wp:attachment":[{"href":"https:\/\/wiy.com.br\/noticias\/wp-json\/wp\/v2\/media?parent=56728"}],"wp:term":[{"taxonomy":"category","embeddable":true,"href":"https:\/\/wiy.com.br\/noticias\/wp-json\/wp\/v2\/categories?post=56728"},{"taxonomy":"post_tag","embeddable":true,"href":"https:\/\/wiy.com.br\/noticias\/wp-json\/wp\/v2\/tags?post=56728"}],"curies":[{"name":"wp","href":"https:\/\/api.w.org\/{rel}","templated":true}]}}