{"id":56616,"date":"2023-02-26T15:32:32","date_gmt":"2023-02-26T18:32:32","guid":{"rendered":"https:\/\/wiy.com.br\/noticias\/nao-vejo-ambiente-para-cpmf-diz-relator-da-reforma-tributaria\/"},"modified":"2020-08-03T20:36:22","modified_gmt":"2020-08-03T23:36:22","slug":"nao-vejo-ambiente-para-cpmf-diz-relator-da-reforma-tributaria","status":"publish","type":"post","link":"https:\/\/wiy.com.br\/noticias\/nao-vejo-ambiente-para-cpmf-diz-relator-da-reforma-tributaria\/","title":{"rendered":"\u201cN\u00e3o vejo ambiente para CPMF\u201d, diz relator da reforma tribut\u00e1ria"},"content":{"rendered":"<p> <br \/>\n<\/p>\n<div id=\"\">\n<p>O ministro da Economia, <a href=\"http:\/\/veja.com\/noticias-sobre\/paulo-guedes\"><strong>Paulo Guedes<\/strong><\/a>, tem trabalhado com o prazo de setembro para a aprova\u00e7\u00e3o da <a href=\"http:\/\/veja.com\/noticias-sobre\/reforma-tributaria\"><strong>reforma tribut\u00e1ria<\/strong><\/a>. O Congresso \u00e9 um pouco mais flex\u00edvel. Enquanto o ministro embarca em reuni\u00f5es a fio com os l\u00edderes do Centr\u00e3o, os deputados <strong>Arthur Lira (PP-AL)<\/strong> e <strong>Wellington Roberto (PP-PB)<\/strong>, a comiss\u00e3o mista que discute a pauta voltou a trabalhar de vento em popa. Na \u00faltima quarta-feira 29, o ministro encontrou-se com o relator do texto, o deputado <strong>Aguinaldo Ribeiro (PP-PB)<\/strong>. Ele dissertou sobre o projeto enviado ao Legislativo, que unifica os tributos PIS e Cofins, mas n\u00e3o deu um pio sobre o novo tributo sobre movimenta\u00e7\u00f5es financeiras, um simulacro da extinta <a href=\"http:\/\/veja.com\/noticias-sobre\/cpmf\"><strong>CPMF<\/strong><\/a>. E vai encontrar resist\u00eancia. \u201cN\u00e3o vejo ambiente para isso. Tenho que trabalhar sobre o projeto que existe\u201d, diz Ribeiro a VEJA.\u00a0O deputado \u00e9 candidat\u00edssimo \u00e0 presid\u00eancia da C\u00e2mara e costura alian\u00e7as em torno da empreitada. Por isso, defende que o texto seja aprovado at\u00e9 as elei\u00e7\u00f5es para os comandos da C\u00e2mara e do Senado, em novembro. O governo, por sua vez, desenha os detalhes do resto do projeto, propondo a instala\u00e7\u00e3o do novo imposto, a desonera\u00e7\u00e3o da folha de pagamentos e a consolida\u00e7\u00e3o do chamado Imposto de Renda negativo.<\/p>\n<p>\u201cAcho que a proposta que o governo mandou \u00e9 completamente acopl\u00e1vel \u00e0s PECs 110 e 45, que j\u00e1 tramitam na comiss\u00e3o. Ele n\u00e3o tratou sobre a quest\u00e3o de imposto sobre transa\u00e7\u00f5es, discutimos a quest\u00e3o de forma ampla\u201d, diz o deputado. \u201cEssa constru\u00e7\u00e3o de calend\u00e1rio se d\u00e1 em fun\u00e7\u00e3o do que est\u00e1 construindo, para podermos apresentar um texto o mais r\u00e1pido poss\u00edvel, com converg\u00eancia entre os setores da economia, o governo e o Congresso\u201d, defende o relator.\u00a0 \u201cSempre haver\u00e1 diverg\u00eancia, mas precisamos conquistar a maioria\u201d, diz ele.<\/p>\n<section class=\"block newsletter  single-newsletter \">\n<div class=\"container\">\n<div class=\"row\">\n<p>\n        <span class=\"description\">Receba as novidades e principais acontecimentos, bastidores e an\u00e1lises do cen\u00e1rio pol\u00edtico brasileiro. <strong> <span class=\"btn-newsletter-assine\"> Inscreva-se aqui <\/span><\/strong> para receber a nossa newsletter<\/span>\n      <\/p>\n<div class=\"msg-return\">\n<h2>Cadastro efetuado com sucesso!<\/h2>\n<p>Voc\u00ea receber\u00e1 nossas newsletters pela manh\u00e3 de segunda a sexta-feira.<\/p>\n<\/p><\/div>\n<\/p><\/div>\n<\/p><\/div>\n<\/section>\n<p>Na pr\u00f3xima quarta-feira, 5, o ministro Guedes \u00e9 esperado pelos deputados e senadores para participar das discuss\u00f5es na comiss\u00e3o\u00a0<span>\u2014 e o ambiente promete ser belicoso. Membros do Minist\u00e9rio da Economia argumentam que o ministro se prepara para questionamentos em torno da nova CPMF, que inspira ojeriza do presidente da C\u00e2mara, <a href=\"http:\/\/veja.com\/noticias-sobre\/rodrigo-maia\"><strong>Rodrigo Maia (DEM-RJ)<\/strong><\/a>, mesmo que o tributo n\u00e3o esteja entre os pontos do texto enviado pelo governo. O assunto ganhou corpo depois de, no domingo 2, o presidente <a href=\"http:\/\/veja.com\/noticias-sobre\/jair-bolsonaro\"><strong>Jair Bolsonaro<\/strong><\/a> confirmar que autorizou Guedes a discutir o assunto, mas com o p\u00e9 atr\u00e1s. \u201cSe o povo acha que n\u00e3o deve mexer, deixa como est\u00e1\u201d, disse ele. Apesar da repulsa manifesta pelo tributo, o presidente da C\u00e2mara j\u00e1 admite nos bastidores que a pauta seja discutida no Congresso Nacional. O presidente do Senado, <a href=\"http:\/\/veja.com\/noticias-sobre\/davi-alcolumbre\"><strong>Davi Alcolumbre (DEM-AP)<\/strong><\/a>, por sua vez, empurrar\u00e1 a pauta \u201ccom a barriga\u201d, vendo se o governo tem sucesso na articula\u00e7\u00e3o.<\/span><\/p>\n<p>Nas m\u00e3os do Congresso, as altera\u00e7\u00f5es tribut\u00e1rias propostas pelo governo enfrentar\u00e3o resist\u00eancia j\u00e1 na largada. <span>Apesar de propor algo extremamente simples, a unifica\u00e7\u00e3o dos dois tributos, a CBS vai ter impacto direto sobre o setor de servi\u00e7os, que j\u00e1 manifestou sua insatisfa\u00e7\u00e3o com a proposta. Numa reuni\u00e3o com representantes do setor na semana passada, Guedes reconheceu que o aumento de imposto para servi\u00e7os como educa\u00e7\u00e3o, sa\u00fade, transportes, advocacia, telecomunica\u00e7\u00f5es, entre outros, de 3,5% para 12% \u00e9 extremamente nocivo para in\u00fameras empresas, e prometeu o envio do imposto sobre transa\u00e7\u00f5es financeiras para aplainar as diferen\u00e7as entre as cobran\u00e7as. Guedes embrenhou-se em um mon\u00f3logo sobre o momento pol\u00edtico para se enviar a proposta. O ministro trabalha com a data de 15 de agosto para o envio da proposta. Se deseja encampar seu projeto, o ministro ter\u00e1 que arrega\u00e7ar as mangas.\u00a0<\/span><\/p>\n<\/p><\/div>\n<p><br \/>\n<br \/><a href=\"https:\/\/veja.abril.com.br\/economia\/nao-vejo-ambiente-para-cpmf-diz-relator-da-reforma-tributaria\/\">Fonte do Artigo<\/a><br \/>\nTags: <\/p>\n<p><a title=\"IBJE\" href=\"https:\/\/ibge.gov.br\/\">#IBJE<\/a> <a title=\"FGV\" href=\"https:\/\/portal.fgv.br\/\">#FGV<\/a> <a title=\"LOTOFACIL\" href=\"http:\/\/loterias.caixa.gov.br\/wps\/portal\/loterias\/landing\/lotofacil\/\">#LOTOFACIL<\/a> <a title=\"TINDER\" href=\"https:\/\/tinder.com\/?lang=pt-BR\">#TINDER<\/a> <a title=\"GMAILGOOGLE\" href=\"https:\/\/mail.google.com\">#GMAILGOOGLE<\/a> <a title=\"TIKTOK\" href=\"https:\/\/www.tiktok.com\/pt_BR\/\">#TIKTOK<\/a><\/p>\n","protected":false},"excerpt":{"rendered":"<p>O ministro da Economia, Paulo Guedes, tem trabalhado com o prazo de setembro para a aprova\u00e7\u00e3o da reforma tribut\u00e1ria. O Congresso \u00e9 um pouco mais flex\u00edvel. Enquanto o ministro embarca em reuni\u00f5es a fio com os l\u00edderes do Centr\u00e3o, os deputados Arthur Lira (PP-AL) e Wellington Roberto (PP-PB), a comiss\u00e3o mista que discute a pauta [&hellip;]<\/p>\n","protected":false},"author":1,"featured_media":56617,"comment_status":"open","ping_status":"open","sticky":false,"template":"","format":"standard","meta":{"footnotes":""},"categories":[7],"tags":[],"class_list":["post-56616","post","type-post","status-publish","format-standard","has-post-thumbnail","hentry","category-economia"],"_links":{"self":[{"href":"https:\/\/wiy.com.br\/noticias\/wp-json\/wp\/v2\/posts\/56616","targetHints":{"allow":["GET"]}}],"collection":[{"href":"https:\/\/wiy.com.br\/noticias\/wp-json\/wp\/v2\/posts"}],"about":[{"href":"https:\/\/wiy.com.br\/noticias\/wp-json\/wp\/v2\/types\/post"}],"author":[{"embeddable":true,"href":"https:\/\/wiy.com.br\/noticias\/wp-json\/wp\/v2\/users\/1"}],"replies":[{"embeddable":true,"href":"https:\/\/wiy.com.br\/noticias\/wp-json\/wp\/v2\/comments?post=56616"}],"version-history":[{"count":0,"href":"https:\/\/wiy.com.br\/noticias\/wp-json\/wp\/v2\/posts\/56616\/revisions"}],"wp:featuredmedia":[{"embeddable":true,"href":"https:\/\/wiy.com.br\/noticias\/wp-json\/wp\/v2\/media\/56617"}],"wp:attachment":[{"href":"https:\/\/wiy.com.br\/noticias\/wp-json\/wp\/v2\/media?parent=56616"}],"wp:term":[{"taxonomy":"category","embeddable":true,"href":"https:\/\/wiy.com.br\/noticias\/wp-json\/wp\/v2\/categories?post=56616"},{"taxonomy":"post_tag","embeddable":true,"href":"https:\/\/wiy.com.br\/noticias\/wp-json\/wp\/v2\/tags?post=56616"}],"curies":[{"name":"wp","href":"https:\/\/api.w.org\/{rel}","templated":true}]}}