{"id":56506,"date":"2023-02-26T15:41:32","date_gmt":"2023-02-26T18:41:32","guid":{"rendered":"https:\/\/wiy.com.br\/noticias\/policiais-militares-da-capital-comecam-a-usar-cameras-em-uniformes\/"},"modified":"2020-08-01T18:01:15","modified_gmt":"2020-08-01T21:01:15","slug":"policiais-militares-da-capital-comecam-a-usar-cameras-em-uniformes","status":"publish","type":"post","link":"https:\/\/wiy.com.br\/noticias\/policiais-militares-da-capital-comecam-a-usar-cameras-em-uniformes\/","title":{"rendered":"Policiais militares da capital come\u00e7am a usar c\u00e2meras em uniformes"},"content":{"rendered":"<p> <br \/>\n<\/p>\n<p>A <strong>Pol\u00edcia Militar<\/strong> de S\u00e3o Paulo vai come\u00e7ar neste s\u00e1bado (1) a usar c\u00e2meras acopladas a uniformes de agentes. Neste primeiro momento, ser\u00e3o 585 equipamentos, doados pela iniciativa privada.<\/p>\n<p>A medida faz parte do programa &#8220;<strong>Olho Vivo<\/strong>&#8220;, apresentado pelo governador <strong>Jo\u00e3o Doria<\/strong>, na semana passada, em resposta \u00e0 s\u00e9rie de casos de <strong>viol\u00eancia policial<\/strong> em abordagens no estado. A ideia \u00e9 implantar 3 000 c\u00e2meras at\u00e9 o fim do ano. O montante restante, or\u00e7ado em 7 milh\u00f5es de reais, ser\u00e1 comprado por meio de licita\u00e7\u00e3o.<\/p>\n<p>\u201cA utiliza\u00e7\u00e3o dos equipamentos tem como objetivo evitar eventuais abusos e registrar tamb\u00e9m desacatos e atos de viol\u00eancia cometidos contra policiais\u201d, declarou o tucano quando do lan\u00e7amento do projeto. \u201cA iniciativa vai, sim, reduzir muito o n\u00edvel de viol\u00eancia de poucos policiais que cometem excessos. N\u00f3s vamos preservar a maioria expressiva da PM, que cumpre seu dever e sua obriga\u00e7\u00e3o de forma exemplar\u201d.<\/p>\n<div class=\"block related-posts\">\n<ul class=\"block-menu\">\n<li data-tab=\"tab-1\" class=\"active\">Relacionadas<\/li>\n<li data-tab=\"tab-2\">Mais Lidas<\/li>\n<\/ul>\n<div id=\"tab-1\" class=\"block-content active\">\n<div class=\"row\">\n<li class=\"widget-news-item without-thumb with-border\">\n<div class=\"widget-news-info\"><a href=\"http:\/\/vejasp.abril.com.br\/cidades\">Cidades<\/a><span class=\"widget-news-item-title\"><a href=\"https:\/\/vejasp.abril.com.br\/cidades\/policia-apreende-12-toneladas-de-produtos-pirateados-no-centro\/\">Pol\u00edcia apreende 12 toneladas de produtos pirateados no centro<\/a><\/span><span class=\"widget-news-item-date\">1 Aug 2020 &#8211; 14h08<\/span><\/div>\n<\/li>\n<\/div>\n<\/div>\n<div id=\"tab-2\" class=\"block-content\">\n<div class=\"row\">\n<div class=\"col-s-12 col-l-3\"><a href=\"https:\/\/vejasp.abril.com.br\/cidades\/frente-fria-sao-paulo\/\" class=\"card\"><span class=\"category hide-s\">Cidades<\/span><img title = \"[Tags]\"data-src=\"https:\/\/vejasp.abril.com.br\/wp-content\/uploads\/2020\/02\/chuva-temporal-consolacao-1.jpg?quality=70&amp;strip=info&amp;w=294&amp;h=200&amp;crop=1\"alt = \"chuva-temporal-consolacao-1 Policiais militares da capital come\u00e7am a usar c\u00e2meras em uniformes\" class=\"lazyload media\" style=\"max-width:100%\"><span class=\"category hide-l\">Cidades<\/span><span class=\"title\"><strong>1<\/strong>Ap\u00f3s chegada de frente fria, como fica o tempo na semana em S\u00e3o Paulo<\/span><\/a><\/div>\n<div class=\"col-s-12 col-l-3\"><a href=\"https:\/\/vejasp.abril.com.br\/cultura-lazer\/ricardo-eletro-luciano-huck\/\" class=\"card\"><span class=\"category hide-s\">Cultura &amp; Lazer<\/span><img title = \"[Tags]\"data-src=\"https:\/\/vejasp.abril.com.br\/wp-content\/uploads\/2020\/07\/huck-ricardo-600x402-1.jpg?quality=70&amp;strip=info&amp;w=294&amp;h=200&amp;crop=1\"alt = \"chuva-temporal-consolacao-1 Policiais militares da capital come\u00e7am a usar c\u00e2meras em uniformes\" class=\"lazyload media\" style=\"max-width:100%\"><span class=\"category hide-l\">Cultura &amp; Lazer<\/span><span class=\"title\"><strong>2<\/strong>Ap\u00f3s pris\u00e3o de fundador da Ricardo Eletro, internautas cobram Luciano Huck<\/span><\/a><\/div>\n<div class=\"col-s-12 col-l-3\"><a href=\"https:\/\/vejasp.abril.com.br\/blog\/astrologia\/previsoes-para-todos-os-signos-de-20-a-26-de-julho\/\" class=\"card\"><span class=\"category hide-s\">Cultura &amp; Lazer<\/span><img title = \"[Tags]\"data-src=\"https:\/\/vejasp.abril.com.br\/wp-content\/uploads\/2020\/07\/JENNIFERLOPEZ.jpg?quality=70&amp;strip=info&amp;w=294&amp;h=200&amp;crop=1\"alt = \"chuva-temporal-consolacao-1 Policiais militares da capital come\u00e7am a usar c\u00e2meras em uniformes\" class=\"lazyload media\" style=\"max-width:100%\"><span class=\"category hide-l\">Cultura &amp; Lazer<\/span><span class=\"title\"><strong>3<\/strong>Previs\u00f5es para todos os signos: de 20 a 26 de julho<\/span><\/a><\/div>\n<div class=\"col-s-12 col-l-3\"><a href=\"https:\/\/vejasp.abril.com.br\/blog\/arnaldo-lorencato\/marcel-fim-restaurante-frances-bistro\/\" class=\"card\"><span class=\"category hide-s\">Comida &amp; Bebida<\/span><img title = \"[Tags]\"data-src=\"https:\/\/vejasp.abril.com.br\/wp-content\/uploads\/2020\/07\/sufle-marcel.png?w=294&amp;h=200&amp;crop=1\"alt = \"chuva-temporal-consolacao-1 Policiais militares da capital come\u00e7am a usar c\u00e2meras em uniformes\" class=\"lazyload media\" style=\"max-width:100%\"><span class=\"category hide-l\">Comida &amp; Bebida<\/span><span class=\"title\"><strong>4<\/strong>Marcel: o ponto final na hist\u00f3ria de um dos restaurantes franceses mais tradicionais de SP<\/span><\/a><\/div>\n<\/div>\n<\/div>\n<\/div>\n<p>&nbsp;<\/p>\n<p><br \/>\n<br \/><a href=\"https:\/\/vejasp.abril.com.br\/cidades\/policiais-militares-da-capital-comecam-a-usar-cameras-em-uniformes\/\">Fonte do Artigo <\/a><br \/>\nTags:<br \/>\n#loterias #loteriascaixa #megasena #resultadoapostas#noticias #noticiario  #noticia #brasil #noticiascolombia #mundo #esporte #colombia #noticiadeld #ltimasnoticias  #noticiario #noticiasregionales #noticiasdepartamentales #noticiashoy #esportes #noticiaahora #elinformantenoticias #noticiasdeboyac  #esporteinterativo #esportivo #diariodosesportes  #noticiero  #jogodefutebol #jogos #loto #apostas<\/p>\n","protected":false},"excerpt":{"rendered":"<p>A Pol\u00edcia Militar de S\u00e3o Paulo vai come\u00e7ar neste s\u00e1bado (1) a usar c\u00e2meras acopladas a uniformes de agentes. Neste primeiro momento, ser\u00e3o 585 equipamentos, doados pela iniciativa privada. A medida faz parte do programa &#8220;Olho Vivo&#8220;, apresentado pelo governador Jo\u00e3o Doria, na semana passada, em resposta \u00e0 s\u00e9rie de casos de viol\u00eancia policial em [&hellip;]<\/p>\n","protected":false},"author":1,"featured_media":56507,"comment_status":"open","ping_status":"open","sticky":false,"template":"","format":"standard","meta":{"footnotes":""},"categories":[1],"tags":[],"class_list":["post-56506","post","type-post","status-publish","format-standard","has-post-thumbnail","hentry","category-curso-de-copy"],"_links":{"self":[{"href":"https:\/\/wiy.com.br\/noticias\/wp-json\/wp\/v2\/posts\/56506","targetHints":{"allow":["GET"]}}],"collection":[{"href":"https:\/\/wiy.com.br\/noticias\/wp-json\/wp\/v2\/posts"}],"about":[{"href":"https:\/\/wiy.com.br\/noticias\/wp-json\/wp\/v2\/types\/post"}],"author":[{"embeddable":true,"href":"https:\/\/wiy.com.br\/noticias\/wp-json\/wp\/v2\/users\/1"}],"replies":[{"embeddable":true,"href":"https:\/\/wiy.com.br\/noticias\/wp-json\/wp\/v2\/comments?post=56506"}],"version-history":[{"count":0,"href":"https:\/\/wiy.com.br\/noticias\/wp-json\/wp\/v2\/posts\/56506\/revisions"}],"wp:featuredmedia":[{"embeddable":true,"href":"https:\/\/wiy.com.br\/noticias\/wp-json\/wp\/v2\/media\/56507"}],"wp:attachment":[{"href":"https:\/\/wiy.com.br\/noticias\/wp-json\/wp\/v2\/media?parent=56506"}],"wp:term":[{"taxonomy":"category","embeddable":true,"href":"https:\/\/wiy.com.br\/noticias\/wp-json\/wp\/v2\/categories?post=56506"},{"taxonomy":"post_tag","embeddable":true,"href":"https:\/\/wiy.com.br\/noticias\/wp-json\/wp\/v2\/tags?post=56506"}],"curies":[{"name":"wp","href":"https:\/\/api.w.org\/{rel}","templated":true}]}}