{"id":56403,"date":"2023-02-26T15:43:56","date_gmt":"2023-02-26T18:43:56","guid":{"rendered":"https:\/\/wiy.com.br\/noticias\/fernando-haddad-deixou-a-desejar-em-politicas-na-periferia-diz-boulos\/"},"modified":"2020-07-31T07:23:37","modified_gmt":"2020-07-31T10:23:37","slug":"fernando-haddad-deixou-a-desejar-em-politicas-na-periferia-diz-boulos","status":"publish","type":"post","link":"https:\/\/wiy.com.br\/noticias\/fernando-haddad-deixou-a-desejar-em-politicas-na-periferia-diz-boulos\/","title":{"rendered":"\u201cFernando Haddad deixou a desejar em pol\u00edticas na periferia\u201d, diz Boulos"},"content":{"rendered":"<p> <br \/>\n<\/p>\n<p><strong>Qual avalia\u00e7\u00e3o o senhor faz da administra\u00e7\u00e3o atual da cidade? <\/strong><\/p>\n<p>A gest\u00e3o do Doria foi um dos maiores desastres da hist\u00f3ria da cidade. Ele usou a capital como trampolim para se tornar governador. Gosto do Bruno (Covas) como pessoa, sou solid\u00e1rio \u00e0 doen\u00e7a dele, mas enquanto prefeito ficou na sombra do Doria. S\u00e3o Paulo est\u00e1 sem rumo, sem projeto.<\/p>\n<p><strong>E quanto \u00e0s a\u00e7\u00f5es do atual prefeito contra o coronav\u00edrus? <\/strong><\/p>\n<p>Quando se op\u00f4s \u00e0 pol\u00edtica genocida do Bolsonaro, o Bruno foi bem. Mas, para um gestor, n\u00e3o basta falar para a popula\u00e7\u00e3o ficar em casa. Ele n\u00e3o \u00e9 consultor de autoajuda e fracassou.<\/p>\n<p><strong>O que o senhor teria feito de diferente? <\/strong><\/p>\n<p>S\u00e3o Paulo tem 1.400 escolas municipais e elas poderiam ter virado moradias provis\u00f3rias. V\u00e1rias cidades do mundo destinaram hot\u00e9is para a popula\u00e7\u00e3o em situa\u00e7\u00e3o de rua. Paris, Nova York e Londres fizeram isso. Entramos com uma a\u00e7\u00e3o no Minist\u00e9rio P\u00fablico, que determinou a cria\u00e7\u00e3o de 8.000 vagas, mas a gest\u00e3o n\u00e3o criou nem 100.<\/p>\n<p><strong>Por que a periferia, reduto hist\u00f3rico do petismo, virou as costas para Fernando Haddad nas elei\u00e7\u00f5es de 2016? <\/strong><\/p>\n<div class=\"ads post-ads\"><span class=\"title\">Continua ap\u00f3s a publicidade<\/span><\/p>\n<div id=\"abrAD_rectangle2\" class=\"abrAD\" data-ad-><\/div>\n<\/div>\n<p>Haddad deixou a desejar em algumas pol\u00edticas p\u00fablicas na periferia. O investimento em sa\u00fade, muito a cargo das organiza\u00e7\u00f5es sociais (OS), sem fazer a gest\u00e3o direta, foi um dos fatores. O outro foram as pol\u00edticas de moradia popular, que dependiam do Minha Casa Minha Vida. Por outro lado, houve avan\u00e7os importantes, como a abertura da Avenida Paulista e as ciclovias.<\/p>\n<p><strong>Caso o senhor seja eleito, qual ser\u00e1 sua pol\u00edtica para as ciclovias? <\/strong><\/p>\n<p>Vamos fortalecer as ciclovias. Para deslocamentos enormes, elas s\u00e3o muito mais dif\u00edceis. Mas para deslocamentos locais, de casa at\u00e9 o metr\u00f4, precisam funcionar. A forma de a prefeitura estimular esse meio de transporte \u00e9 ampliando as ciclovias.<\/p>\n<p><strong>+<a href=\"https:\/\/abr.ai\/assine-vejasp\" target=\"_blank\" data-saferedirecturl=\"https:\/\/www.google.com\/url?q=https:\/\/abr.ai\/assine-vejasp&amp;source=gmail&amp;ust=1596227041031000&amp;usg=AFQjCNEuIoDJZPJtDE1uZZYIkSwBVu6E2Q\" rel=\"noopener noreferrer\">Assine a Vejinha a partir de 6,90<\/a><\/strong><\/p>\n<p><strong>Tem meta? <\/strong><\/p>\n<p>Fui indicado pr\u00e9-candidato a prefeito h\u00e1 apenas uma semana (em 19 de julho). Quero fazer esse debate com a sociedade. N\u00e3o quero meta arbitr\u00e1ria. Vamos debater com estudiosos, professores, com a popula\u00e7\u00e3o.<\/p>\n<p><strong>Como os aplicativos de transporte e entrega ser\u00e3o tratados pelo senhor? <\/strong><\/p>\n<div class=\"ads post-ads\"><span class=\"title\">Continua ap\u00f3s a publicidade<\/span><\/p>\n<div id=\"abrAD_rectangle3\" class=\"abrAD\" data-ad-><\/div>\n<\/div>\n<p>Vou assumir a responsabilidade que S\u00e3o Paulo n\u00e3o assumiu. Aqui n\u00e3o pode ser o quintal de empresas de aplicativo. Elas botam um jovem da periferia para trabalhar doze horas por dia e ganhar 800 reais por m\u00eas. Governo tem de ser para defender pessoas, n\u00e3o o lucro.<\/p>\n<p><strong>Mas h\u00e1 muito motorista de aplicativo que ganha mais do que se trabalhasse com carteira assinada. <\/strong><\/p>\n<p>Espero que continuem ganhando. O problema \u00e9 que vendem uma farsa, dizem que ele n\u00e3o \u00e9 trabalhador, \u00e9 empreendedor. Isso \u00e9 uma canalhice. Trata-se de uma explora\u00e7\u00e3o do s\u00e9culo XIX mascarada pela tecnologia do s\u00e9culo XXI. Vamos botar um teto. Se as empresas levam 15%, 20% (de taxa), vamos botar um teto de 10%.<\/p>\n<p><strong>Qual rumo o senhor daria ao atual programa de desestatiza\u00e7\u00e3o? <\/strong><\/p>\n<p>N\u00f3s vamos reverter tudo o que for poss\u00edvel e assumir a responsabilidade da prefeitura em administrar o patrim\u00f4nio. Essa ideia de que a privatiza\u00e7\u00e3o torna a gest\u00e3o mais eficiente \u00e9 ilus\u00f3ria. Os paulistanos conhecem bem os ped\u00e1gios do Sistema Anchieta-Imigrantes, cuja concession\u00e1ria admitiu ter formado cartel e pago propina ao PSDB desde 1998. Gest\u00e3o p\u00fablica n\u00e3o \u00e9 para dar lucro.<\/p>\n<p><strong>Como ser\u00e1 seu plano de tarifa zero no transporte p\u00fablico? \u00c9 vi\u00e1vel? <\/strong><\/p>\n<p>Nossa proposta \u00e9 primeiro propor aos desempregados e construir aos poucos a tarifa zero para todos. As grandes empresas fizeram do transporte uma verdadeira m\u00e1fia, um neg\u00f3cio de amigos. S\u00e3o tr\u00eas ou quatro empresas que h\u00e1 d\u00e9cadas controlam o transporte, d\u00e3o as cartas das licita\u00e7\u00f5es. Queremos municipalizar o transporte.<\/p>\n<div class=\"ads post-ads\"><span class=\"title\">Continua ap\u00f3s a publicidade<\/span><\/p>\n<div id=\"abrAD_rectangle4\" class=\"abrAD\" data-ad-><\/div>\n<\/div>\n<p><strong>A ideia \u00e9 recriar a antiga CMTC? <\/strong><\/p>\n<p>Se eu falar isso, v\u00e3o achar que estamos querendo um modelo de transporte que a cidade j\u00e1 superou. Se o formato for uma companhia municipal ou outras formas, queremos debater.<\/p>\n<blockquote class=\"quote-box  with-author\">\n<p>\u201cO MTST nunca invadiu a casa de ningu\u00e9m. Ao contr\u00e1rio, d\u00e1 casa. \u00c9 inaceit\u00e1vel que S\u00e3o Paulo tenha 25 000 pessoas morando na rua e 40 000 im\u00f3veis vazios no centro\u201d<\/p>\n<p>      <strong class=\"author\">Guilherme Boulos<\/strong><\/p>\n<div class=\"item-share-list\">\n        <a href=\"\/\/vejasp.abril.com.br\/cidades\/fernando-haddad-deixou-a-desejar-em-politicas-na-periferia-diz-boulos\/ via VEJA S\u00c3O PAULO\" data-action=\"share\/whatsapp\/share\" class=\"item-share-list-link item-whatsapp hidden-md hidden-lg\"><i class=\"icon-whatsapp\"><\/i><\/a><br \/>\n        <a href=\"https:\/\/facebook.com\/sharer\/sharer.php?u=https:\/\/vejasp.abril.com.br\/cidades\/fernando-haddad-deixou-a-desejar-em-politicas-na-periferia-diz-boulos\/\" target=\"_blank\" class=\"item-share-list-link item-facebook\" rel=\"noopener noreferrer\"><i class=\"icon-facebook\"><\/i><\/a><br \/>\n        <a href=\"https:\/\/twitter.com\/intent\/tweet?url=https:\/\/vejasp.abril.com.br\/cidades\/fernando-haddad-deixou-a-desejar-em-politicas-na-periferia-diz-boulos\/&amp;text=%E2%80%9CO%20MTST%20nunca%20invadiu%20a%20casa%20de%20ningu%C3%A9m.%20Ao%20contr%C3%A1rio%2C%20d%C3%A1%20casa.%20%C3%89%20inaceit%C3%A1vel%20que%20S%C3%A3o%20Paulo%20tenha%2025%20000%20pessoas%20morando%20na%20rua%20e%2040%20000%20im%C3%B3veis%20vazios%20no%20centro%E2%80%9D&amp;via=http:\/\/VejaSP\" target=\"_blank\" class=\"item-share-list-link item-twitter\" rel=\"noopener noreferrer\"><i class=\"icon-twitter\"><\/i><\/a><br \/>\n        <a href=\"mailto:?subject=%E2%80%9CO%20MTST%20nunca%20invadiu%20a%20casa%20de%20ningu%C3%A9m.%20Ao%20contr%C3%A1rio%2C%20d%C3%A1%20casa.%20%C3%89%20inaceit%C3%A1vel%20que%20S%C3%A3o%20Paulo%20tenha%2025%20000%20pessoas%20morando%20na%20rua%20e%2040%20000%20im%C3%B3veis%20vazios%20no%20centro%E2%80%9D&amp;body=%25E2%2580%259CO%2520MTST%2520nunca%2520invadiu%2520a%2520casa%2520de%2520ningu%25C3%25A9m.%2520Ao%2520contr%25C3%25A1rio%252C%2520d%25C3%25A1%2520casa.%2520%25C3%2589%2520inaceit%25C3%25A1vel%2520que%2520S%25C3%25A3o%2520Paulo%2520tenha%252025%2520000%2520pessoas%2520morando%2520na%2520rua%2520e%252040%2520000%2520im%25C3%25B3veis%2520vazios%2520no%2520centro%25E2%2580%259D%20https%3A%2F%2Fvejasp.abril.com.br%2Fcidades%2Ffernando-haddad-deixou-a-desejar-em-politicas-na-periferia-diz-boulos%2F%20via%20VEJA%20S%C3%83O%20PAULO\" class=\"item-share-list-link item-email hidden-xs hidden-sm\"><i class=\"icon-envelope-o\"><\/i><\/a>\n      <\/div>\n<\/blockquote>\n<p><strong>Outra proposta sua \u00e9 cobrar mais IPTU em \u00e1reas mais nobres. Isso j\u00e1 n\u00e3o ocorre? <\/strong><\/p>\n<p>S\u00e3o Paulo j\u00e1 tem o IPTU progressivo, e eu quero aprimor\u00e1-lo. H\u00e1 regi\u00f5es muito pobres que precisam de isen\u00e7\u00e3o. Vamos cruzar os im\u00f3veis com a renda de seus propriet\u00e1rios. O c\u00e1lculo do IPTU tem de levar em conta n\u00e3o s\u00f3 o bairro, mas os dados da Receita Federal, de patrim\u00f4nios.<\/p>\n<p><strong>Tanto o IPTU progressivo quanto a tarifa zero foram tentados pela ex- prefeita Luiza Erundina, vice na sua chapa, mas naufragaram na C\u00e2mara. Por que daria certo com o senhor? <\/strong><\/p>\n<p>A Erundina foi a melhor prefeita que S\u00e3o Paulo j\u00e1 teve. Ela governou quatro anos sem ter maioria um \u00fanico dia na C\u00e2mara. Teve derrotas, mas conseguiu fazer muita coisa.<\/p>\n<p><strong>E se o senhor n\u00e3o obtiver maioria dos votos na C\u00e2mara, como vai ser? <\/strong><\/p>\n<div class=\"ads post-ads\"><span class=\"title\">Continua ap\u00f3s a publicidade<\/span><\/p>\n<div id=\"abrAD_rectangle5\" class=\"abrAD\" data-ad-><\/div>\n<\/div>\n<p>A gente precisa mudar a C\u00e2mara, que hoje tem as portas abertas para interesses imobili\u00e1rios. Quero ajudar a mudar esse perfil. Politica se faz com di\u00e1logo. Quero dialogar com a C\u00e2mara e com a sociedade.<\/p>\n<p><strong>Como as invas\u00f5es de pr\u00e9dios por movimentos sociais ser\u00e3o tratadas em sua gest\u00e3o? <\/strong><\/p>\n<p>O MTST nunca invadiu a casa de ningu\u00e9m. Ao contr\u00e1rio, d\u00e1 casa. O que o movimento social faz \u00e9 denunciar uma situa\u00e7\u00e3o ilegal. \u00c9 inaceit\u00e1vel que uma cidade como S\u00e3o Paulo tenha 25.000 pessoas morando na rua e 40.000 im\u00f3veis vazios no centro. Os movimentos que lutam por moradias ser\u00e3o tratados como parceiros.<\/p>\n<p><strong>O terreno conhecido como Copa do Povo, em Itaquera, foi cedido ao MTST e deveria ter virado um conjunto habitacional. O que houve? <\/strong><\/p>\n<p>Aquilo \u00e9 um verdadeiro absurdo. Quem comprou foi o governo federal. Um projeto aprovado no munic\u00edpio, com alvar\u00e1, para 2.600 moradias, mas simplesmente o governo n\u00e3o liberou o dinheiro para a obra.<\/p>\n<p><strong>Quem ser\u00e3o seus advers\u00e1rios: bolsonarismo, Covas, Fran\u00e7a, Tatto? <\/strong><\/p>\n<p>Tenho dois grandes objetivos: derrotar o bolsonarismo e a hegemonia dos tucanos. Os tucanos t\u00eam dois candidatos, o Bruno e o M\u00e1rcio Fran\u00e7a, que foi vice do Alckmin e apoiou o Doria em 2016. Ele \u00e9, portanto, correspons\u00e1vel pela atual gest\u00e3o.<\/p>\n<div class=\"ads post-ads\"><span class=\"title\">Continua ap\u00f3s a publicidade<\/span><\/p>\n<div id=\"abrAD_rectangle6\" class=\"abrAD\" data-ad-><\/div>\n<\/div>\n<p><strong>Dizem que Fran\u00e7a e Doria se odeiam. <\/strong><\/p>\n<p>Em briga de compadre sempre tem verdade. Eles podem ter se desentendido, mas fizeram parte do mesmo projeto. Al\u00e9m disso, M\u00e1rcio Fran\u00e7a n\u00e3o \u00e9 da cidade. Se perguntarem onde fica Perus, ele vai achar que \u00e9 o nome de uma feira na Vila Madalena.<\/p>\n<p><b><span>Publicado<\/span>\u00a0em\u00a0<span>VEJA<\/span> S\u00c3O PAULO de 05 de agosto de 2020, edi\u00e7\u00e3o n\u00ba 2698.<\/b><span>\u00a0\u00a0<\/span><\/p>\n<div class=\"block related-posts\">\n<ul class=\"block-menu\">\n<li data-tab=\"tab-1\" class=\"active\">Relacionadas<\/li>\n<li data-tab=\"tab-2\">Mais Lidas<\/li>\n<\/ul>\n<div id=\"tab-1\" class=\"block-content active\">\n<div class=\"row\">\n<li class=\"widget-news-item without-thumb with-border\">\n<div class=\"widget-news-info\"><a href=\"http:\/\/vejasp.abril.com.br\/cidades\">Cidades<\/a><span class=\"widget-news-item-title\"><a href=\"https:\/\/vejasp.abril.com.br\/cidades\/papo-vejinha-por-mim-nem-teria-eleicao-diz-datena\/\">Papo Vejinha: \u201cPor mim, nem teria elei\u00e7\u00e3o\u201d, opina Datena<\/a><\/span><span class=\"widget-news-item-date\">24 Apr 2020 &#8211; 06h04<\/span><\/div>\n<\/li>\n<li class=\"widget-news-item without-thumb with-border\">\n<div class=\"widget-news-info\"><a href=\"http:\/\/vejasp.abril.com.br\/cidades\">Cidades<\/a><span class=\"widget-news-item-title\"><a href=\"https:\/\/vejasp.abril.com.br\/cidades\/bolsonaro-se-saiu-melhor-que-o-doria-na-pandemia-afirma-filipe-sabara\/\">\u201cBolsonaro se saiu melhor que o Doria na pandemia\u201d, afirma Filipe Sabar\u00e1<\/a><\/span><span class=\"widget-news-item-date\">17 Jul 2020 &#8211; 06h07<\/span><\/div>\n<\/li>\n<li class=\"widget-news-item without-thumb with-border\">\n<div class=\"widget-news-info\"><a href=\"http:\/\/vejasp.abril.com.br\/cidades\">Cidades<\/a><span class=\"widget-news-item-title\"><a href=\"https:\/\/vejasp.abril.com.br\/cidades\/se-eu-fosse-o-prefeito-ja-teria-decretado-lockdown-diz-jilmar-tatto\/\">Se eu fosse o prefeito, j\u00e1 teria decretado lockdown, diz Jilmar Tatto<\/a><\/span><span class=\"widget-news-item-date\">29 May 2020 &#8211; 06h05<\/span><\/div>\n<\/li>\n<\/div>\n<\/div>\n<div id=\"tab-2\" class=\"block-content\">\n<div class=\"row\">\n<div class=\"col-s-12 col-l-3\"><a href=\"https:\/\/vejasp.abril.com.br\/cidades\/frente-fria-sao-paulo\/\" class=\"card\"><span class=\"category hide-s\">Cidades<\/span><img title = \"[Tags]\"data-src=\"https:\/\/vejasp.abril.com.br\/wp-content\/uploads\/2020\/02\/chuva-temporal-consolacao-1.jpg?quality=70&amp;strip=info&amp;w=294&amp;h=200&amp;crop=1\"alt = \"chuva-temporal-consolacao-1 \u201cFernando Haddad deixou a desejar em pol\u00edticas na periferia\u201d, diz Boulos\" class=\"lazyload media\" style=\"max-width:100%\"><span class=\"category hide-l\">Cidades<\/span><span class=\"title\"><strong>1<\/strong>Ap\u00f3s chegada de frente fria, como fica o tempo na semana em S\u00e3o Paulo<\/span><\/a><\/div>\n<div class=\"col-s-12 col-l-3\"><a href=\"https:\/\/vejasp.abril.com.br\/cultura-lazer\/ricardo-eletro-luciano-huck\/\" class=\"card\"><span class=\"category hide-s\">Cultura &amp; Lazer<\/span><img title = \"[Tags]\"data-src=\"https:\/\/vejasp.abril.com.br\/wp-content\/uploads\/2020\/07\/huck-ricardo-600x402-1.jpg?quality=70&amp;strip=info&amp;w=294&amp;h=200&amp;crop=1\"alt = \"chuva-temporal-consolacao-1 \u201cFernando Haddad deixou a desejar em pol\u00edticas na periferia\u201d, diz Boulos\" class=\"lazyload media\" style=\"max-width:100%\"><span class=\"category hide-l\">Cultura &amp; Lazer<\/span><span class=\"title\"><strong>2<\/strong>Ap\u00f3s pris\u00e3o de fundador da Ricardo Eletro, internautas cobram Luciano Huck<\/span><\/a><\/div>\n<div class=\"col-s-12 col-l-3\"><a href=\"https:\/\/vejasp.abril.com.br\/blog\/astrologia\/previsoes-para-todos-os-signos-de-20-a-26-de-julho\/\" class=\"card\"><span class=\"category hide-s\">Cultura &amp; Lazer<\/span><img title = \"[Tags]\"data-src=\"https:\/\/vejasp.abril.com.br\/wp-content\/uploads\/2020\/07\/JENNIFERLOPEZ.jpg?quality=70&amp;strip=info&amp;w=294&amp;h=200&amp;crop=1\"alt = \"chuva-temporal-consolacao-1 \u201cFernando Haddad deixou a desejar em pol\u00edticas na periferia\u201d, diz Boulos\" class=\"lazyload media\" style=\"max-width:100%\"><span class=\"category hide-l\">Cultura &amp; Lazer<\/span><span class=\"title\"><strong>3<\/strong>Previs\u00f5es para todos os signos: de 20 a 26 de julho<\/span><\/a><\/div>\n<div class=\"col-s-12 col-l-3\"><a href=\"https:\/\/vejasp.abril.com.br\/blog\/arnaldo-lorencato\/marcel-fim-restaurante-frances-bistro\/\" class=\"card\"><span class=\"category hide-s\">Comida &amp; Bebida<\/span><img title = \"[Tags]\"data-src=\"https:\/\/vejasp.abril.com.br\/wp-content\/uploads\/2020\/07\/sufle-marcel.png?w=294&amp;h=200&amp;crop=1\"alt = \"chuva-temporal-consolacao-1 \u201cFernando Haddad deixou a desejar em pol\u00edticas na periferia\u201d, diz Boulos\" class=\"lazyload media\" style=\"max-width:100%\"><span class=\"category hide-l\">Comida &amp; Bebida<\/span><span class=\"title\"><strong>4<\/strong>Marcel: o ponto final na hist\u00f3ria de um dos restaurantes franceses mais tradicionais de SP<\/span><\/a><\/div>\n<\/div>\n<\/div>\n<\/div>\n<p><strong>+ OU\u00c7A O PODCAST #SPSONHA<\/strong><\/p>\n<\/p>\n<p><script async src=\"http:\/\/platform.twitter.com\/widgets.js\" charset=\"utf-8\"><\/script><br \/>\n<br \/><br \/>\n<br \/><a href=\"https:\/\/vejasp.abril.com.br\/cidades\/fernando-haddad-deixou-a-desejar-em-politicas-na-periferia-diz-boulos\/\">Fonte do Artigo <\/a><br \/>\nTags:<br \/>\n#loterias #loteriascaixa #megasena #resultadoapostas#noticias #noticiario  #noticia #brasil #noticiascolombia #mundo #esporte #colombia #noticiadeld #ltimasnoticias  #noticiario #noticiasregionales #noticiasdepartamentales #noticiashoy #esportes #noticiaahora #elinformantenoticias #noticiasdeboyac  #esporteinterativo #esportivo #diariodosesportes  #noticiero  #jogodefutebol #jogos #loto #apostas<\/p>\n","protected":false},"excerpt":{"rendered":"<p>Qual avalia\u00e7\u00e3o o senhor faz da administra\u00e7\u00e3o atual da cidade? A gest\u00e3o do Doria foi um dos maiores desastres da hist\u00f3ria da cidade. Ele usou a capital como trampolim para se tornar governador. Gosto do Bruno (Covas) como pessoa, sou solid\u00e1rio \u00e0 doen\u00e7a dele, mas enquanto prefeito ficou na sombra do Doria. S\u00e3o Paulo est\u00e1 [&hellip;]<\/p>\n","protected":false},"author":1,"featured_media":56404,"comment_status":"open","ping_status":"open","sticky":false,"template":"","format":"standard","meta":{"footnotes":""},"categories":[1],"tags":[],"class_list":["post-56403","post","type-post","status-publish","format-standard","has-post-thumbnail","hentry","category-curso-de-copy"],"_links":{"self":[{"href":"https:\/\/wiy.com.br\/noticias\/wp-json\/wp\/v2\/posts\/56403","targetHints":{"allow":["GET"]}}],"collection":[{"href":"https:\/\/wiy.com.br\/noticias\/wp-json\/wp\/v2\/posts"}],"about":[{"href":"https:\/\/wiy.com.br\/noticias\/wp-json\/wp\/v2\/types\/post"}],"author":[{"embeddable":true,"href":"https:\/\/wiy.com.br\/noticias\/wp-json\/wp\/v2\/users\/1"}],"replies":[{"embeddable":true,"href":"https:\/\/wiy.com.br\/noticias\/wp-json\/wp\/v2\/comments?post=56403"}],"version-history":[{"count":0,"href":"https:\/\/wiy.com.br\/noticias\/wp-json\/wp\/v2\/posts\/56403\/revisions"}],"wp:featuredmedia":[{"embeddable":true,"href":"https:\/\/wiy.com.br\/noticias\/wp-json\/wp\/v2\/media\/56404"}],"wp:attachment":[{"href":"https:\/\/wiy.com.br\/noticias\/wp-json\/wp\/v2\/media?parent=56403"}],"wp:term":[{"taxonomy":"category","embeddable":true,"href":"https:\/\/wiy.com.br\/noticias\/wp-json\/wp\/v2\/categories?post=56403"},{"taxonomy":"post_tag","embeddable":true,"href":"https:\/\/wiy.com.br\/noticias\/wp-json\/wp\/v2\/tags?post=56403"}],"curies":[{"name":"wp","href":"https:\/\/api.w.org\/{rel}","templated":true}]}}