{"id":56360,"date":"2023-02-26T15:12:34","date_gmt":"2023-02-26T18:12:34","guid":{"rendered":"https:\/\/wiy.com.br\/noticias\/bolsas-despencam-com-quedas-de-economias-no-2o-trimestre\/"},"modified":"2020-07-30T15:36:24","modified_gmt":"2020-07-30T18:36:24","slug":"bolsas-despencam-com-quedas-de-economias-no-2o-trimestre","status":"publish","type":"post","link":"https:\/\/wiy.com.br\/noticias\/bolsas-despencam-com-quedas-de-economias-no-2o-trimestre\/","title":{"rendered":"Bolsas despencam com quedas de economias no 2\u00ba trimestre"},"content":{"rendered":"<p> <br \/>\n<\/p>\n<div id=\"\">\n<p>A quinta-feira, 30, do mercado financeiro come\u00e7ou pessimista com a divulga\u00e7\u00e3o de dados das principais economias mundiais, que indicam o tamanho do buraco causado pela pandemia no segundo trimestre do ano, mostrando que h\u00e1 um longo caminho para a recupera\u00e7\u00e3o. O <a href=\"https:\/\/veja.abril.com.br\/noticias-sobre\/pib\/\"><strong>PIB<\/strong><\/a> da Alemanha do per\u00edodo teve retra\u00e7\u00e3o de 10,1%, diferente da expectativa do mercado, que esperava uma queda de 9%. Al\u00e9m disso, os Estados Unidos divulgaram uma retra\u00e7\u00e3o hist\u00f3rica de seu PIB, de 32,9% no 2\u00ba trimestre de 2020. Apesar de esse n\u00famero ser melhor que o esperado pelo mercado, que projetava uma queda de 34%, ele \u00e9 o mais baixo da s\u00e9rie hist\u00f3rica, computado desde 1947, ou seja, desde a 2\u00aa Guerra Mundial. Com os dados negativos, as principais bolsas do mundo responderam com queda acentuada. As bolsas americanas operavam em baixa acima de 1% nos \u00edndices futuros, antes de o mercado \u00e0 vista abrir. O Dow Jones, por exemplo, apresentava queda de 1,19%, o S&amp;P 500, retra\u00e7\u00e3o de 1,17%, e o Nasdaq -1,2%, prenunciando a tend\u00eancia de queda das principais pra\u00e7as financeiras do mundo. Por aqui, o Ibovespa recuava 1,26% por volta das 11h30. O Dax, principal \u00edndice da Alemanha, tombava 3,9%.<\/p>\n<div class=\"block_assine_posts\">\n<h2 class=\"title-assine\">ASSINE VEJA<\/h2>\n<figure id=\"attachment_3532107\" class=\"wp-caption alignnone  media-assine\"><img loading=\"lazy\" decoding=\"async\" class=\"size-large wp-image-3532107\" src=\"https:\/\/veja.abril.com.br\/wp-content\/uploads\/2020\/07\/VJ-CAPA-veja-2697-V-1.jpg?quality=70&amp;strip=info&amp;w=220\" border=\"0\"alt = \"VJ-CAPA-veja-2697-V-1 Bolsas despencam com quedas de economias no 2\u00ba trimestre\"title = \"[Tags]\" width=\"220\" height=\"289\" data-restrict=\"false\" data-portal-copyright=\"VEJA\" data-image-caption=\"Leia nesta edi\u00e7\u00e3o: os perigos do tribunal virtual. E mais: nova pesquisa sobre as elei\u00e7\u00f5es presidenciais de 2022\" data-image-title=\"\" data-image-source=\"VEJA\"\/><figcaption class=\"wp-caption-text\"><span class=\"title\">Os \u2018cancelados\u2019 nas redes sociais<\/span> Leia nesta edi\u00e7\u00e3o: os perigos do tribunal virtual. E mais: nova pesquisa sobre as elei\u00e7\u00f5es presidenciais de 2022<\/figcaption><\/figure>\n<p><a href=\"https:\/\/www.assine.abril.com.br\/portal\/paginasEstaticas!showPromocao.action?&amp;codPromocao=sr_ve_land&amp;origem=sr_ve_materia_land&amp;utm_source=sites&amp;utm_medium=sr&amp;utm_campaign=sr_ve_materia_land\" target=\"_blank\" rel=\"noopener noreferrer\">Clique e Assine<\/a><\/div>\n<p>Al\u00e9m dos dados que mostram a economia do 2\u00ba tri, o indicador de seguro desemprego nos EUA, que mostra a situa\u00e7\u00e3o do mercado de trabalho da maior economia do mundo quase que em tempo real, trouxeram aumento em 12 mil pedidos na semana que se encerrou do dia 25 de julho, totalizando 1.43 milh\u00e3o de pessoas dependentes do aux\u00edlio. Esse n\u00famero \u00e9 particularmente importante porque mostra que o ritmo de consumo est\u00e1 lento, o que reflete no n\u00famero de contrata\u00e7\u00f5es. \u201cIsso confirma o que o presidente do Fed, Jerome Powell, falou ontem, de que ainda h\u00e1 um longo caminho de recupera\u00e7\u00e3o e que \u00e9 preciso combater o v\u00edrus\u201d, diz Victor Beyruti, analista da Guide Investimentos.<\/p>\n<p>\u201cEssa piora do bom-humor reflete o aumento dos casos da Covid-19 em regi\u00f5es que estavam est\u00e1veis. Apesar de o PIB americano vir melhor que o esperado pelos analistas, a eleva\u00e7\u00e3o do seguro-desemprego, indica que a retomada pode ser mais lenta que o esperado\u201d, diz Lucas Carvalho, analista da Toro Investimentos<\/p>\n<p>A volatilidade das bolsas de valores \u00e9 uma tend\u00eancia que vem ocorrendo desde o in\u00edcio da pandemia, em rela\u00e7\u00e3o aos \u00edndices de todo o mundo, como Estados Unidos, China, Alemanha e Brasil. As bolsas sobem acentuadamente quando uma informa\u00e7\u00e3o como ind\u00fastria, varejo, PIB ou desemprego de algum pa\u00eds \u00e9 positivo, assim como avan\u00e7os nas pesquisas da <a href=\"https:\/\/veja.abril.com.br\/noticias-sobre\/vacina\/\">vacina<\/a> contra a Covid-19. O inverso ocorre quando esses dados s\u00e3o negativos e abaixo do esperado. Essa montanha-russa n\u00e3o \u00e9 t\u00e3o recorrente no mercado financeiro e agora ocorre porque a pandemia do novo coronav\u00edrus \u00e9 um fen\u00f4meno sem precedentes, cujos impactos econ\u00f4micos ainda s\u00e3o desconhecidos. \u201cO mercado tem avers\u00e3o ao inesperado. Os dados durante a pandemia ainda s\u00e3o muito novos e \u00e9 muito dif\u00edcil precificar. S\u00f3 conhecemos os indicadores quando eles s\u00e3o divulgados\u201d, diz Carvalho, da Toro.<\/p>\n<div class=\"ads post-ads\"><span class=\"title\" style=\"display:block\">Continua ap\u00f3s a publicidade<\/span><\/div>\n<p>A cota\u00e7\u00e3o em real do d\u00f3lar comercial, por sua vez, est\u00e1 no zero a zero. De um lado da balan\u00e7a, h\u00e1 a expectativa sobre a aprova\u00e7\u00e3o das reformas fiscais do pa\u00eds e o an\u00fancio de ontem de Jerome Powell de que o Federal Reserve continuar\u00e1 injetando d\u00f3lares na economia. Do outro, por\u00e9m, est\u00e3o os dados pessimistas sobre a lenta recupera\u00e7\u00e3o da economia mundial e o risco de novas ondas. Na manh\u00e3 de hoje, o <a href=\"https:\/\/veja.abril.com.br\/noticias-sobre\/dolar\/\">d\u00f3lar<\/a> comercial estava praticamente est\u00e1vel, em leve queda de 0,04%.<\/p>\n<\/p><\/div>\n<p><br \/>\n<br \/><a href=\"https:\/\/veja.abril.com.br\/economia\/bolsas-despencam-com-quedas-de-economias-no-2o-trimestre\/\">Fonte do Artigo<\/a><br \/>\nTags: <\/p>\n<p><a title=\"IBJE\" href=\"https:\/\/ibge.gov.br\/\">#IBJE<\/a> <a title=\"FGV\" href=\"https:\/\/portal.fgv.br\/\">#FGV<\/a> <a title=\"LOTOFACIL\" href=\"http:\/\/loterias.caixa.gov.br\/wps\/portal\/loterias\/landing\/lotofacil\/\">#LOTOFACIL<\/a> <a title=\"TINDER\" href=\"https:\/\/tinder.com\/?lang=pt-BR\">#TINDER<\/a> <a title=\"GMAILGOOGLE\" href=\"https:\/\/mail.google.com\">#GMAILGOOGLE<\/a> <a title=\"TIKTOK\" href=\"https:\/\/www.tiktok.com\/pt_BR\/\">#TIKTOK<\/a><\/p>\n","protected":false},"excerpt":{"rendered":"<p>A quinta-feira, 30, do mercado financeiro come\u00e7ou pessimista com a divulga\u00e7\u00e3o de dados das principais economias mundiais, que indicam o tamanho do buraco causado pela pandemia no segundo trimestre do ano, mostrando que h\u00e1 um longo caminho para a recupera\u00e7\u00e3o. O PIB da Alemanha do per\u00edodo teve retra\u00e7\u00e3o de 10,1%, diferente da expectativa do mercado, [&hellip;]<\/p>\n","protected":false},"author":1,"featured_media":56361,"comment_status":"open","ping_status":"open","sticky":false,"template":"","format":"standard","meta":{"footnotes":""},"categories":[7],"tags":[],"class_list":["post-56360","post","type-post","status-publish","format-standard","has-post-thumbnail","hentry","category-economia"],"_links":{"self":[{"href":"https:\/\/wiy.com.br\/noticias\/wp-json\/wp\/v2\/posts\/56360","targetHints":{"allow":["GET"]}}],"collection":[{"href":"https:\/\/wiy.com.br\/noticias\/wp-json\/wp\/v2\/posts"}],"about":[{"href":"https:\/\/wiy.com.br\/noticias\/wp-json\/wp\/v2\/types\/post"}],"author":[{"embeddable":true,"href":"https:\/\/wiy.com.br\/noticias\/wp-json\/wp\/v2\/users\/1"}],"replies":[{"embeddable":true,"href":"https:\/\/wiy.com.br\/noticias\/wp-json\/wp\/v2\/comments?post=56360"}],"version-history":[{"count":0,"href":"https:\/\/wiy.com.br\/noticias\/wp-json\/wp\/v2\/posts\/56360\/revisions"}],"wp:featuredmedia":[{"embeddable":true,"href":"https:\/\/wiy.com.br\/noticias\/wp-json\/wp\/v2\/media\/56361"}],"wp:attachment":[{"href":"https:\/\/wiy.com.br\/noticias\/wp-json\/wp\/v2\/media?parent=56360"}],"wp:term":[{"taxonomy":"category","embeddable":true,"href":"https:\/\/wiy.com.br\/noticias\/wp-json\/wp\/v2\/categories?post=56360"},{"taxonomy":"post_tag","embeddable":true,"href":"https:\/\/wiy.com.br\/noticias\/wp-json\/wp\/v2\/tags?post=56360"}],"curies":[{"name":"wp","href":"https:\/\/api.w.org\/{rel}","templated":true}]}}