{"id":56274,"date":"2023-02-26T15:15:19","date_gmt":"2023-02-26T18:15:19","guid":{"rendered":"https:\/\/wiy.com.br\/noticias\/suspeito-alugou-terreno-no-mesmo-ano-que-madeleine-desapareceu\/"},"modified":"2020-07-29T14:40:11","modified_gmt":"2020-07-29T17:40:11","slug":"suspeito-alugou-terreno-no-mesmo-ano-que-madeleine-desapareceu","status":"publish","type":"post","link":"https:\/\/wiy.com.br\/noticias\/suspeito-alugou-terreno-no-mesmo-ano-que-madeleine-desapareceu\/","title":{"rendered":"Suspeito alugou terreno no mesmo ano que Madeleine desapareceu"},"content":{"rendered":"<p> <br \/>\n<\/p>\n<p>Os investigadores do caso <strong>Madeleine<\/strong> <strong>MacCann<\/strong>, <a href=\"https:\/\/vejasp.abril.com.br\/cidades\/caso-madeleine-provas-alemanha\/\">a menina brit\u00e2nica que desapareceu em Portugal durante f\u00e9rias em 2007<\/a>, encontraram um <strong>por\u00e3o<\/strong> <strong>escondido<\/strong> no terreno onde o principal suspeito do sequestro teria vivido no mesmo per\u00edodo. As informa\u00e7\u00f5es s\u00e3o do <em>Daily Mail.<\/em><\/p>\n<p>A pol\u00edcia alem\u00e3 escavou o quintal de uma propriedade na cidade de Seelze, Alemanha. O principal suspeito \u00e9 chamado pela imprensa de Christian Bruckner (a pol\u00edcia n\u00e3o revelou o nome do homem). Ele est\u00e1 preso no norte da Alemanha condenado por contato sexual com menores. Desde segunda-feira (28) os agentes procuravam novas evid\u00eancias no terreno onde o homem teria vivido em 2007, ap\u00f3s supostamente sequestrar Madeleine.<\/p>\n<p>Um vizinho afirmou que Christian alugou a propriedade e disse para ele que queria fazer um &#8220;isolamento t\u00e9rmico&#8221; em uma cabana que ficava sobre uma base de concreto que tinha um por\u00e3o embaixo. O homem saiu de f\u00e9rias em julho daquele ano e quando voltou, a cabana tinha sido destru\u00edda.<\/p>\n<p>Os agentes utilizaram c\u00e3es farejadores para identificar corpos que poderiam ser encontrados no local. A busca continua no endere\u00e7o at\u00e9 o final desta ter\u00e7a e a pol\u00edcia n\u00e3o revelou se encontrou outras evid\u00eancias no endere\u00e7o.<\/p>\n<div class=\"ads post-ads\"><span class=\"title\">Continua ap\u00f3s a publicidade<\/span><\/p>\n<div id=\"abrAD_rectangle2\" class=\"abrAD\" data-ad-><\/div>\n<\/div>\n<p>A pol\u00edcia afirma que Christian morou regularmente na regi\u00e3o onde Madeleine desapareceu em Algarve, sul de Portugal, entre 1995 e 2007. Ele teria trabalhado em restaurantes da regi\u00e3o.<\/p>\n<div class=\"block related-posts\">\n<ul class=\"block-menu\">\n<li data-tab=\"tab-1\" class=\"active\">Relacionadas<\/li>\n<li data-tab=\"tab-2\">Mais Lidas<\/li>\n<\/ul>\n<div id=\"tab-1\" class=\"block-content active\">\n<div class=\"row\">\n<li class=\"widget-news-item without-thumb with-border\">\n<div class=\"widget-news-info\"><a href=\"http:\/\/vejasp.abril.com.br\/cidades\">Cidades<\/a><span class=\"widget-news-item-title\"><a href=\"https:\/\/vejasp.abril.com.br\/cidades\/carreata-professores-sao-paulo\/\">Professores fazem carreata em S\u00e3o Paulo contra volta \u00e0s aulas presenciais<\/a><\/span><span class=\"widget-news-item-date\">29 Jul 2020 &#8211; 13h07<\/span><\/div>\n<\/li>\n<li class=\"widget-news-item without-thumb with-border\">\n<div class=\"widget-news-info\"><a href=\"http:\/\/vejasp.abril.com.br\/cidades\">Cidades<\/a><span class=\"widget-news-item-title\"><a href=\"https:\/\/vejasp.abril.com.br\/cidades\/estudante-picado-por-naja-e-preso\/\">Estudante de 22 anos picado por naja \u00e9 preso<\/a><\/span><span class=\"widget-news-item-date\">29 Jul 2020 &#8211; 10h07<\/span><\/div>\n<\/li>\n<li class=\"widget-news-item without-thumb with-border\">\n<div class=\"widget-news-info\"><a href=\"http:\/\/vejasp.abril.com.br\/saude\">Sa\u00fade<\/a><span class=\"widget-news-item-title\"><a href=\"https:\/\/vejasp.abril.com.br\/saude\/trombose-pequenos-vasos-covid-19\/\">Trombose em pequenos vasos \u00e9 caracter\u00edstica de Covid-19, diz estudo<\/a><\/span><span class=\"widget-news-item-date\">29 Jul 2020 &#8211; 09h07<\/span><\/div>\n<\/li>\n<li class=\"widget-news-item without-thumb with-border\">\n<div class=\"widget-news-info\"><a href=\"http:\/\/vejasp.abril.com.br\/cidades\">Cidades<\/a><span class=\"widget-news-item-title\"><a href=\"https:\/\/vejasp.abril.com.br\/cidades\/estrutura-cientifica-campinas-coronavirus\/\">Sirius, maior estrutura cient\u00edfica do pa\u00eds, entra em a\u00e7\u00e3o contra Covid<\/a><\/span><span class=\"widget-news-item-date\">24 Jul 2020 &#8211; 03h07<\/span><\/div>\n<\/li>\n<\/div>\n<\/div>\n<div id=\"tab-2\" class=\"block-content\">\n<div class=\"row\">\n<div class=\"col-s-12 col-l-3\"><a href=\"https:\/\/vejasp.abril.com.br\/cidades\/frente-fria-sao-paulo\/\" class=\"card\"><span class=\"category hide-s\">Cidades<\/span><img title = \"[Tags]\"data-src=\"https:\/\/vejasp.abril.com.br\/wp-content\/uploads\/2020\/02\/chuva-temporal-consolacao-1.jpg?quality=70&amp;strip=info&amp;w=294&amp;h=200&amp;crop=1\"alt = \"chuva-temporal-consolacao-1 Suspeito alugou terreno no mesmo ano que Madeleine desapareceu\" class=\"lazyload media\" style=\"max-width:100%\"><span class=\"category hide-l\">Cidades<\/span><span class=\"title\"><strong>1<\/strong>Ap\u00f3s chegada de frente fria, como fica o tempo na semana em S\u00e3o Paulo<\/span><\/a><\/div>\n<div class=\"col-s-12 col-l-3\"><a href=\"https:\/\/vejasp.abril.com.br\/cultura-lazer\/ricardo-eletro-luciano-huck\/\" class=\"card\"><span class=\"category hide-s\">Cultura &amp; Lazer<\/span><img title = \"[Tags]\"data-src=\"https:\/\/vejasp.abril.com.br\/wp-content\/uploads\/2020\/07\/huck-ricardo-600x402-1.jpg?quality=70&amp;strip=info&amp;w=294&amp;h=200&amp;crop=1\"alt = \"chuva-temporal-consolacao-1 Suspeito alugou terreno no mesmo ano que Madeleine desapareceu\" class=\"lazyload media\" style=\"max-width:100%\"><span class=\"category hide-l\">Cultura &amp; Lazer<\/span><span class=\"title\"><strong>2<\/strong>Ap\u00f3s pris\u00e3o de fundador da Ricardo Eletro, internautas cobram Luciano Huck<\/span><\/a><\/div>\n<div class=\"col-s-12 col-l-3\"><a href=\"https:\/\/vejasp.abril.com.br\/blog\/astrologia\/previsoes-para-todos-os-signos-de-20-a-26-de-julho\/\" class=\"card\"><span class=\"category hide-s\">Cultura &amp; Lazer<\/span><img title = \"[Tags]\"data-src=\"https:\/\/vejasp.abril.com.br\/wp-content\/uploads\/2020\/07\/JENNIFERLOPEZ.jpg?quality=70&amp;strip=info&amp;w=294&amp;h=200&amp;crop=1\"alt = \"chuva-temporal-consolacao-1 Suspeito alugou terreno no mesmo ano que Madeleine desapareceu\" class=\"lazyload media\" style=\"max-width:100%\"><span class=\"category hide-l\">Cultura &amp; Lazer<\/span><span class=\"title\"><strong>3<\/strong>Previs\u00f5es para todos os signos: de 20 a 26 de julho<\/span><\/a><\/div>\n<div class=\"col-s-12 col-l-3\"><a href=\"https:\/\/vejasp.abril.com.br\/blog\/arnaldo-lorencato\/marcel-fim-restaurante-frances-bistro\/\" class=\"card\"><span class=\"category hide-s\">Comida &amp; Bebida<\/span><img title = \"[Tags]\"data-src=\"https:\/\/vejasp.abril.com.br\/wp-content\/uploads\/2020\/07\/sufle-marcel.png?w=294&amp;h=200&amp;crop=1\"alt = \"chuva-temporal-consolacao-1 Suspeito alugou terreno no mesmo ano que Madeleine desapareceu\" class=\"lazyload media\" style=\"max-width:100%\"><span class=\"category hide-l\">Comida &amp; Bebida<\/span><span class=\"title\"><strong>4<\/strong>Marcel: o ponto final na hist\u00f3ria de um dos restaurantes franceses mais tradicionais de SP<\/span><\/a><\/div>\n<\/div>\n<\/div>\n<\/div>\n<p>&nbsp;<\/p>\n<p><br \/>\n<br \/><a href=\"https:\/\/vejasp.abril.com.br\/cidades\/madeleine-maccann-porao-alemanha\/\">Fonte do Artigo <\/a><br \/>\nTags:<br \/>\n#loterias #loteriascaixa #megasena #resultadoapostas#noticias #noticiario  #noticia #brasil #noticiascolombia #mundo #esporte #colombia #noticiadeld #ltimasnoticias  #noticiario #noticiasregionales #noticiasdepartamentales #noticiashoy #esportes #noticiaahora #elinformantenoticias #noticiasdeboyac  #esporteinterativo #esportivo #diariodosesportes  #noticiero  #jogodefutebol #jogos #loto #apostas<\/p>\n","protected":false},"excerpt":{"rendered":"<p>Os investigadores do caso Madeleine MacCann, a menina brit\u00e2nica que desapareceu em Portugal durante f\u00e9rias em 2007, encontraram um por\u00e3o escondido no terreno onde o principal suspeito do sequestro teria vivido no mesmo per\u00edodo. As informa\u00e7\u00f5es s\u00e3o do Daily Mail. A pol\u00edcia alem\u00e3 escavou o quintal de uma propriedade na cidade de Seelze, Alemanha. O [&hellip;]<\/p>\n","protected":false},"author":1,"featured_media":56275,"comment_status":"open","ping_status":"open","sticky":false,"template":"","format":"standard","meta":{"footnotes":""},"categories":[1],"tags":[],"class_list":["post-56274","post","type-post","status-publish","format-standard","has-post-thumbnail","hentry","category-curso-de-copy"],"_links":{"self":[{"href":"https:\/\/wiy.com.br\/noticias\/wp-json\/wp\/v2\/posts\/56274","targetHints":{"allow":["GET"]}}],"collection":[{"href":"https:\/\/wiy.com.br\/noticias\/wp-json\/wp\/v2\/posts"}],"about":[{"href":"https:\/\/wiy.com.br\/noticias\/wp-json\/wp\/v2\/types\/post"}],"author":[{"embeddable":true,"href":"https:\/\/wiy.com.br\/noticias\/wp-json\/wp\/v2\/users\/1"}],"replies":[{"embeddable":true,"href":"https:\/\/wiy.com.br\/noticias\/wp-json\/wp\/v2\/comments?post=56274"}],"version-history":[{"count":0,"href":"https:\/\/wiy.com.br\/noticias\/wp-json\/wp\/v2\/posts\/56274\/revisions"}],"wp:featuredmedia":[{"embeddable":true,"href":"https:\/\/wiy.com.br\/noticias\/wp-json\/wp\/v2\/media\/56275"}],"wp:attachment":[{"href":"https:\/\/wiy.com.br\/noticias\/wp-json\/wp\/v2\/media?parent=56274"}],"wp:term":[{"taxonomy":"category","embeddable":true,"href":"https:\/\/wiy.com.br\/noticias\/wp-json\/wp\/v2\/categories?post=56274"},{"taxonomy":"post_tag","embeddable":true,"href":"https:\/\/wiy.com.br\/noticias\/wp-json\/wp\/v2\/tags?post=56274"}],"curies":[{"name":"wp","href":"https:\/\/api.w.org\/{rel}","templated":true}]}}