{"id":5622,"date":"2023-02-26T15:17:02","date_gmt":"2023-02-26T18:17:02","guid":{"rendered":"https:\/\/wiy.com.br\/noticias\/bolsonaro-avalia-ir-pessoalmente-ao-congresso-entregar-proposta-de-reforma-da-previdencia\/"},"modified":"2019-02-18T12:50:23","modified_gmt":"2019-02-18T15:50:23","slug":"bolsonaro-avalia-ir-pessoalmente-ao-congresso-entregar-proposta-de-reforma-da-previdencia","status":"publish","type":"post","link":"https:\/\/wiy.com.br\/noticias\/bolsonaro-avalia-ir-pessoalmente-ao-congresso-entregar-proposta-de-reforma-da-previdencia\/","title":{"rendered":"Bolsonaro avalia ir pessoalmente ao Congresso entregar proposta de reforma da Previd\u00eancia"},"content":{"rendered":"<p> <br \/>\n<br \/>BRAS\u00cdLIA &#8211; O presidente Jair Bolsonaro pode ir pessoalmente ao Congresso na pr\u00f3xima quarta-feira para entregar aos parlamentares o texto final da proposta do governo para a reforma da Previd\u00eancia. A Secretaria de Imprensa (SIP) do Pal\u00e1cio do&#8230;<br \/>\n<br \/><br \/>\n<br \/><a href=\"https:\/\/oglobo.globo.com\/economia\/bolsonaro-avalia-ir-pessoalmente-ao-congresso-entregar-proposta-de-reforma-da-previdencia-23461234\">Source link <\/a><\/p>\n","protected":false},"excerpt":{"rendered":"<p>BRAS\u00cdLIA &#8211; O presidente Jair Bolsonaro pode ir pessoalmente ao Congresso na pr\u00f3xima quarta-feira para entregar aos parlamentares o texto final da proposta do governo para a reforma da Previd\u00eancia. A Secretaria de Imprensa (SIP) do Pal\u00e1cio do&#8230; Source link<\/p>\n","protected":false},"author":1,"featured_media":0,"comment_status":"open","ping_status":"open","sticky":false,"template":"","format":"standard","meta":{"footnotes":""},"categories":[339],"tags":[],"class_list":["post-5622","post","type-post","status-publish","format-standard","hentry","category-negocios"],"_links":{"self":[{"href":"https:\/\/wiy.com.br\/noticias\/wp-json\/wp\/v2\/posts\/5622","targetHints":{"allow":["GET"]}}],"collection":[{"href":"https:\/\/wiy.com.br\/noticias\/wp-json\/wp\/v2\/posts"}],"about":[{"href":"https:\/\/wiy.com.br\/noticias\/wp-json\/wp\/v2\/types\/post"}],"author":[{"embeddable":true,"href":"https:\/\/wiy.com.br\/noticias\/wp-json\/wp\/v2\/users\/1"}],"replies":[{"embeddable":true,"href":"https:\/\/wiy.com.br\/noticias\/wp-json\/wp\/v2\/comments?post=5622"}],"version-history":[{"count":0,"href":"https:\/\/wiy.com.br\/noticias\/wp-json\/wp\/v2\/posts\/5622\/revisions"}],"wp:attachment":[{"href":"https:\/\/wiy.com.br\/noticias\/wp-json\/wp\/v2\/media?parent=5622"}],"wp:term":[{"taxonomy":"category","embeddable":true,"href":"https:\/\/wiy.com.br\/noticias\/wp-json\/wp\/v2\/categories?post=5622"},{"taxonomy":"post_tag","embeddable":true,"href":"https:\/\/wiy.com.br\/noticias\/wp-json\/wp\/v2\/tags?post=5622"}],"curies":[{"name":"wp","href":"https:\/\/api.w.org\/{rel}","templated":true}]}}