{"id":56147,"date":"2023-02-26T15:05:28","date_gmt":"2023-02-26T18:05:28","guid":{"rendered":"https:\/\/wiy.com.br\/noticias\/novo-anhangabau-nao-parece-promissor-mas-arvore-e-o-de-menos\/"},"modified":"2020-07-27T17:49:11","modified_gmt":"2020-07-27T20:49:11","slug":"novo-anhangabau-nao-parece-promissor-mas-arvore-e-o-de-menos","status":"publish","type":"post","link":"https:\/\/wiy.com.br\/noticias\/novo-anhangabau-nao-parece-promissor-mas-arvore-e-o-de-menos\/","title":{"rendered":"Novo Anhangaba\u00fa n\u00e3o parece promissor, mas \u00e1rvore \u00e9 o de menos"},"content":{"rendered":"<p> <br \/>\n<\/p>\n<p>As fotos da obra, ainda n\u00e3o terminada, do <strong><a href=\"https:\/\/vejasp.abril.com.br\/cultura-lazer\/passado-e-futuro-do-anhangabau\/\">novo Anhangaba\u00fa<\/a><\/strong>, provocou gritaria nas redes. Cad\u00ea as \u00e1rvores? \u00c9 uma pista de skate plana com furinhos para os futuros chafarizes? Mesmo com o projeto do escrit\u00f3rio de arquitetura Biselli + Katchborian ainda em andamento, \u00e9 preciso lembrar algumas coisas: a esplanada anterior era cheia de defeitos, e muitos saudosistas hoje gritando nas redes n\u00e3o pisavam h\u00e1 anos naquele lugar ermo, cheio de degraus, com banheiros abandonados e sem nada para ver ou fazer; o Anhangaba\u00fa era melhor para se ver ao longe do que de perto. Lugar de passagem, n\u00e3o de contempla\u00e7\u00e3o ou passeio.<\/p>\n<p>O que igualmente falta ao atual projeto: digamos que o piso fosse bom e que algumas \u00e1rvores fossem plantadas, o que mudaria? Se a exist\u00eancia de \u00e1rvores fosse muito valorizada pelos paulistanos, o Trianon e o Parque Dom Pedro seriam concorridos, e o domingo na Paulista, onde n\u00e3o h\u00e1 uma sombra, seria um fracasso. Gente gosta de gente, e \u00e9 nessa \u00e1rea que prefeitura, urbanistas e tuiteiros em geral mais trope\u00e7am. Sem mesinhas, lugares para se ficar, papear, sentar e ver gente, atividades, vitrines, lanchonetes ou quiosques, ou seja, sem fachadas ativas nos Correios, na Pra\u00e7a das Artes, nos pr\u00e9dios de escrit\u00f3rios, na Galeria Prestes Maia, o Anhangaba\u00fa continuar\u00e1 a ser vazio. A muito arborizada Pra\u00e7a da Rep\u00fablica, ali perto, sofre da mesma escassez de usu\u00e1rios que n\u00e3o sejam apenas passantes. Um quiosque de pamonha, sorvete ou caldo de cana j\u00e1 levaria algum movimento para ali, mas isso jamais \u00e9 levado em conta nas grandes obras de revitaliza\u00e7\u00e3o da cidade.<\/p>\n<p><strong><a href=\"https:\/\/vejasp.abril.com.br\/cultura-lazer\/passado-e-futuro-do-anhangabau\/\">+ Passado e futuro do Anhangaba\u00fa, com Raul Juste Lores<\/a><\/strong><\/p>\n<p>Exemplos n\u00e3o faltam, como o &#8220;novo&#8221; Arouche, reformado sem muito cuidado no \u00faltimo ano, onde as mudan\u00e7as n\u00e3o encararam o mict\u00f3rio improvisado nos fundos das barracas de flores, que nem foram recuperadas. O resto foi seis por meia d\u00fazia.<\/p>\n<div class=\"ads post-ads\"><span class=\"title\">Continua ap\u00f3s a publicidade<\/span><\/p>\n<div id=\"abrAD_rectangle2\" class=\"abrAD\" data-ad-><\/div>\n<\/div>\n<p>A prefeitura tem bastante experi\u00eancia em pagar por servi\u00e7os com acabamento chinfrim. A falha \u00e9 suprapartid\u00e1ria. A gest\u00e3o Fernando Haddad entregou o \u201cnovo\u201d cal\u00e7ad\u00e3o da Rua Sete de Abril, com 3 120 metros quadrados em apenas dois quarteir\u00f5es, j\u00e1 com buracos, desn\u00edveis e infiltra\u00e7\u00f5es na pr\u00f3pria inaugura\u00e7\u00e3o, no fim de 2016 \u2014 ao custo de 2,1 milh\u00f5es de reais (2,8 milh\u00f5es em valores corrigidos). Antes dele, entre 2006 e 2007, o prefeito Gilberto Kassab tamb\u00e9m fez uma reforma nas cal\u00e7adas dos 3 quil\u00f4metros da Rua Augusta. Os 16 000 metros quadrados de cal\u00e7adas reformados custaram 2,2 milh\u00f5es de reais (4,9 milh\u00f5es hoje), mas estrearam na passarela com placas descoladas, n\u00edveis irregulares e afundamentos, como tamb\u00e9m noticiou a imprensa \u00e0 \u00e9poca. As desculpas v\u00e3o da falta de experi\u00eancia dos fornecedores \u00e0 m\u00e3o de obra sem treinamento.<\/p>\n<p>Mas esse hist\u00f3rico recente causa mais temor quando se aguarda o resultado da reforma dos 40 000 metros quadrados do Vale do Anhangaba\u00fa do governo Bruno Covas. N\u00e3o parece promissor.<\/p>\n<div class=\"block related-posts\">\n<ul class=\"block-menu\">\n<li data-tab=\"tab-1\" class=\"active\">Relacionadas<\/li>\n<li data-tab=\"tab-2\">Mais Lidas<\/li>\n<\/ul>\n<div id=\"tab-1\" class=\"block-content active\">\n<div class=\"row\">\n<li class=\"widget-news-item without-thumb with-border\">\n<div class=\"widget-news-info\"><a href=\"http:\/\/vejasp.abril.com.br\/cultura-lazer\">Cultura &amp; Lazer<\/a><span class=\"widget-news-item-title\"><a href=\"https:\/\/vejasp.abril.com.br\/cultura-lazer\/passado-e-futuro-do-anhangabau\/\">Passado e futuro do Anhangaba\u00fa, com Raul Juste Lores<\/a><\/span><span class=\"widget-news-item-date\">23 Jul 2019 &#8211; 13h07<\/span><\/div>\n<\/li>\n<\/div>\n<\/div>\n<div id=\"tab-2\" class=\"block-content\">\n<div class=\"row\">\n<div class=\"col-s-12 col-l-3\"><a href=\"https:\/\/vejasp.abril.com.br\/cultura-lazer\/ricardo-eletro-luciano-huck\/\" class=\"card\"><span class=\"category hide-s\">Cultura &amp; Lazer<\/span><img title = \"[Tags]\"data-src=\"https:\/\/vejasp.abril.com.br\/wp-content\/uploads\/2020\/07\/huck-ricardo-600x402-1.jpg?quality=70&amp;strip=info&amp;w=294&amp;h=200&amp;crop=1\"alt = \"huck-ricardo-600x402-1 Novo Anhangaba\u00fa n\u00e3o parece promissor, mas \u00e1rvore \u00e9 o de menos\" class=\"lazyload media\" style=\"max-width:100%\"><span class=\"category hide-l\">Cultura &amp; Lazer<\/span><span class=\"title\"><strong>1<\/strong>Ap\u00f3s pris\u00e3o de fundador da Ricardo Eletro, internautas cobram Luciano Huck<\/span><\/a><\/div>\n<div class=\"col-s-12 col-l-3\"><a href=\"https:\/\/vejasp.abril.com.br\/blog\/astrologia\/previsoes-para-todos-os-signos-de-29-de-junho-a-5-de-julho\/\" class=\"card\"><span class=\"category hide-s\">Cultura &amp; Lazer<\/span><img title = \"[Tags]\"data-src=\"https:\/\/vejasp.abril.com.br\/wp-content\/uploads\/2020\/06\/MRB.jpg?quality=70&amp;strip=info&amp;w=294&amp;h=200&amp;crop=1\"alt = \"huck-ricardo-600x402-1 Novo Anhangaba\u00fa n\u00e3o parece promissor, mas \u00e1rvore \u00e9 o de menos\" class=\"lazyload media\" style=\"max-width:100%\"><span class=\"category hide-l\">Cultura &amp; Lazer<\/span><span class=\"title\"><strong>2<\/strong>Previs\u00f5es para todos os signos: de 29 de junho a 5 de julho<\/span><\/a><\/div>\n<div class=\"col-s-12 col-l-3\"><a href=\"https:\/\/vejasp.abril.com.br\/cidades\/frente-fria-sao-paulo\/\" class=\"card\"><span class=\"category hide-s\">Cidades<\/span><img title = \"[Tags]\"data-src=\"https:\/\/vejasp.abril.com.br\/wp-content\/uploads\/2020\/02\/chuva-temporal-consolacao-1.jpg?quality=70&amp;strip=info&amp;w=294&amp;h=200&amp;crop=1\"alt = \"huck-ricardo-600x402-1 Novo Anhangaba\u00fa n\u00e3o parece promissor, mas \u00e1rvore \u00e9 o de menos\" class=\"lazyload media\" style=\"max-width:100%\"><span class=\"category hide-l\">Cidades<\/span><span class=\"title\"><strong>3<\/strong>Ap\u00f3s chegada de frente fria, como fica o tempo na semana em S\u00e3o Paulo<\/span><\/a><\/div>\n<div class=\"col-s-12 col-l-3\"><a href=\"https:\/\/vejasp.abril.com.br\/blog\/astrologia\/previsoes-para-todos-os-signos-de-20-a-26-de-julho\/\" class=\"card\"><span class=\"category hide-s\">Cultura &amp; Lazer<\/span><img title = \"[Tags]\"data-src=\"https:\/\/vejasp.abril.com.br\/wp-content\/uploads\/2020\/07\/JENNIFERLOPEZ.jpg?quality=70&amp;strip=info&amp;w=294&amp;h=200&amp;crop=1\"alt = \"huck-ricardo-600x402-1 Novo Anhangaba\u00fa n\u00e3o parece promissor, mas \u00e1rvore \u00e9 o de menos\" class=\"lazyload media\" style=\"max-width:100%\"><span class=\"category hide-l\">Cultura &amp; Lazer<\/span><span class=\"title\"><strong>4<\/strong>Previs\u00f5es para todos os signos: de 20 a 26 de julho<\/span><\/a><\/div>\n<\/div>\n<\/div>\n<\/div>\n<p><br \/>\n<br \/><a href=\"https:\/\/vejasp.abril.com.br\/blog\/sao-paulo-nas-alturas\/reforma-anhangabau\/\">Fonte do Artigo <\/a><br \/>\nTags:<br \/>\n#loterias #loteriascaixa #megasena #resultadoapostas#noticias #noticiario  #noticia #brasil #noticiascolombia #mundo #esporte #colombia #noticiadeld #ltimasnoticias  #noticiario #noticiasregionales #noticiasdepartamentales #noticiashoy #esportes #noticiaahora #elinformantenoticias #noticiasdeboyac  #esporteinterativo #esportivo #diariodosesportes  #noticiero  #jogodefutebol #jogos #loto #apostas<\/p>\n","protected":false},"excerpt":{"rendered":"<p>As fotos da obra, ainda n\u00e3o terminada, do novo Anhangaba\u00fa, provocou gritaria nas redes. Cad\u00ea as \u00e1rvores? \u00c9 uma pista de skate plana com furinhos para os futuros chafarizes? Mesmo com o projeto do escrit\u00f3rio de arquitetura Biselli + Katchborian ainda em andamento, \u00e9 preciso lembrar algumas coisas: a esplanada anterior era cheia de defeitos, [&hellip;]<\/p>\n","protected":false},"author":1,"featured_media":56148,"comment_status":"open","ping_status":"open","sticky":false,"template":"","format":"standard","meta":{"footnotes":""},"categories":[1],"tags":[],"class_list":["post-56147","post","type-post","status-publish","format-standard","has-post-thumbnail","hentry","category-curso-de-copy"],"_links":{"self":[{"href":"https:\/\/wiy.com.br\/noticias\/wp-json\/wp\/v2\/posts\/56147","targetHints":{"allow":["GET"]}}],"collection":[{"href":"https:\/\/wiy.com.br\/noticias\/wp-json\/wp\/v2\/posts"}],"about":[{"href":"https:\/\/wiy.com.br\/noticias\/wp-json\/wp\/v2\/types\/post"}],"author":[{"embeddable":true,"href":"https:\/\/wiy.com.br\/noticias\/wp-json\/wp\/v2\/users\/1"}],"replies":[{"embeddable":true,"href":"https:\/\/wiy.com.br\/noticias\/wp-json\/wp\/v2\/comments?post=56147"}],"version-history":[{"count":0,"href":"https:\/\/wiy.com.br\/noticias\/wp-json\/wp\/v2\/posts\/56147\/revisions"}],"wp:featuredmedia":[{"embeddable":true,"href":"https:\/\/wiy.com.br\/noticias\/wp-json\/wp\/v2\/media\/56148"}],"wp:attachment":[{"href":"https:\/\/wiy.com.br\/noticias\/wp-json\/wp\/v2\/media?parent=56147"}],"wp:term":[{"taxonomy":"category","embeddable":true,"href":"https:\/\/wiy.com.br\/noticias\/wp-json\/wp\/v2\/categories?post=56147"},{"taxonomy":"post_tag","embeddable":true,"href":"https:\/\/wiy.com.br\/noticias\/wp-json\/wp\/v2\/tags?post=56147"}],"curies":[{"name":"wp","href":"https:\/\/api.w.org\/{rel}","templated":true}]}}