{"id":56065,"date":"2023-02-26T15:32:12","date_gmt":"2023-02-26T18:32:12","guid":{"rendered":"https:\/\/wiy.com.br\/noticias\/homem-e-morto-a-tiros-na-zona-sul-da-capital\/"},"modified":"2020-07-25T19:54:12","modified_gmt":"2020-07-25T22:54:12","slug":"homem-e-morto-a-tiros-na-zona-sul-da-capital","status":"publish","type":"post","link":"https:\/\/wiy.com.br\/noticias\/homem-e-morto-a-tiros-na-zona-sul-da-capital\/","title":{"rendered":"Homem \u00e9 morto a tiros na Zona Sul da capital"},"content":{"rendered":"<p> <br \/>\n<\/p>\n<div class=\"mc-column content-text active-extra-styles \" data-block-type=\"unstyled\" data-block-weight=\"32\" data-block-id=\"2\">\n<p data-track-category=\"Link no Texto\" data-track-links=\"\"><strong>Um homem foi morto a tiros na Cidade Ademar, Zona Sul da capital<\/strong>, na noite de sexta-feira (24). Ele foi encontrado na cal\u00e7ada com pelo menos cinco tiros. O Samu chegou a ser acionado, mas a v\u00edtima de 37 anos morreu antes de ser socorrida.<\/p>\n<\/div>\n<div class=\"wall protected-content\">\n<div class=\"mc-column content-text active-extra-styles \" data-block-type=\"unstyled\" data-block-weight=\"30\" data-block-id=\"4\">\n<p data-track-category=\"Link no Texto\" data-track-links=\"\">Ningu\u00e9m foi preso. O caso ser\u00e1 investigo pela Delegacia de Homic\u00eddios e Prote\u00e7\u00e3o \u00e0 Pessoa (DHPP).<\/p>\n<h3 data-track-category=\"Link no Texto\">Aumento de casos de latroc\u00ednio e homic\u00eddio<\/h3>\n<p>O estado de S\u00e3o Paulo registrou, nos seis primeiros meses de 2020, <a href=\"https:\/\/vejasp.abril.com.br\/cidades\/homicidio-latrocinio-sobem-em-sp\/\">eleva\u00e7\u00e3o no n\u00famero de homic\u00eddios e latroc\u00ednios<\/a>. Os dados, divulgados na sexta-feira (24), s\u00e3o da Secretaria de Seguran\u00e7a P\u00fablica do estado.<\/p>\n<p>No primeiro semestre de 2020 foram contabilizados 1 460 casos de homic\u00eddio no estado, 4,7% a mais do que o registrado no mesmo per\u00edodo de 2019 (1.394). A quantidade de v\u00edtimas de homic\u00eddio tamb\u00e9m subiu, de 1.465, no primeiro semestre de 2019, para 1.522, em 2020, uma eleva\u00e7\u00e3o de 3,8%.<\/p>\n<div class=\"ads post-ads\"><span class=\"title\">Continua ap\u00f3s a publicidade<\/span><\/p>\n<div id=\"abrAD_rectangle2\" class=\"abrAD\" data-ad-><\/div>\n<\/div>\n<p>O n\u00famero de casos de latroc\u00ednio \u2013 roubo seguido de morte \u2013 cresceu, de 87 casos, nos primeiros seis meses de 2019, para 95, em 2020, com alta de 6,8%. A quantidade de v\u00edtimas tamb\u00e9m sofreu eleva\u00e7\u00e3o, de 91, no primeiro semestre de 2019, para 95, no mesmo per\u00edodo de 2020, crescimento de 4,3%.<\/p>\n<p><em>Com Ag\u00eancia Brasil<\/em><\/p>\n<div class=\"block related-posts\">\n<ul class=\"block-menu\">\n<li data-tab=\"tab-1\" class=\"active\">Relacionadas<\/li>\n<li data-tab=\"tab-2\">Mais Lidas<\/li>\n<\/ul>\n<div id=\"tab-1\" class=\"block-content active\">\n<div class=\"row\">\n<li class=\"widget-news-item without-thumb with-border\">\n<div class=\"widget-news-info\"><a href=\"http:\/\/vejasp.abril.com.br\/cidades\">Cidades<\/a><span class=\"widget-news-item-title\"><a href=\"https:\/\/vejasp.abril.com.br\/cidades\/estrutura-cientifica-campinas-coronavirus\/\">Sirius, maior estrutura cient\u00edfica do pa\u00eds, entra em a\u00e7\u00e3o contra Covid<\/a><\/span><span class=\"widget-news-item-date\">24 Jul 2020 &#8211; 03h07<\/span><\/div>\n<\/li>\n<li class=\"widget-news-item without-thumb with-border\">\n<div class=\"widget-news-info\"><a href=\"http:\/\/vejasp.abril.com.br\/cidades\">Cidades<\/a><span class=\"widget-news-item-title\"><a href=\"https:\/\/vejasp.abril.com.br\/cidades\/procon-sp-aplica-r-3-milhoes-em-multas-por-praticas-abusivas\/\">Procon-SP aplica R$ 3 milh\u00f5es em multas por pr\u00e1ticas abusivas<\/a><\/span><span class=\"widget-news-item-date\">24 Jul 2020 &#8211; 17h07<\/span><\/div>\n<\/li>\n<\/div>\n<\/div>\n<div id=\"tab-2\" class=\"block-content\">\n<div class=\"row\">\n<div class=\"col-s-12 col-l-3\"><a href=\"https:\/\/vejasp.abril.com.br\/cultura-lazer\/ricardo-eletro-luciano-huck\/\" class=\"card\"><span class=\"category hide-s\">Cultura &amp; Lazer<\/span><img title = \"[Tags]\"data-src=\"https:\/\/vejasp.abril.com.br\/wp-content\/uploads\/2020\/07\/huck-ricardo-600x402-1.jpg?quality=70&amp;strip=info&amp;w=294&amp;h=200&amp;crop=1\"alt = \"huck-ricardo-600x402-1 Homem \u00e9 morto a tiros na Zona Sul da capital\" class=\"lazyload media\" style=\"max-width:100%\"><span class=\"category hide-l\">Cultura &amp; Lazer<\/span><span class=\"title\"><strong>1<\/strong>Ap\u00f3s pris\u00e3o de fundador da Ricardo Eletro, internautas cobram Luciano Huck<\/span><\/a><\/div>\n<div class=\"col-s-12 col-l-3\"><a href=\"https:\/\/vejasp.abril.com.br\/blog\/astrologia\/previsoes-para-todos-os-signos-de-29-de-junho-a-5-de-julho\/\" class=\"card\"><span class=\"category hide-s\">Cultura &amp; Lazer<\/span><img title = \"[Tags]\"data-src=\"https:\/\/vejasp.abril.com.br\/wp-content\/uploads\/2020\/06\/MRB.jpg?quality=70&amp;strip=info&amp;w=294&amp;h=200&amp;crop=1\"alt = \"huck-ricardo-600x402-1 Homem \u00e9 morto a tiros na Zona Sul da capital\" class=\"lazyload media\" style=\"max-width:100%\"><span class=\"category hide-l\">Cultura &amp; Lazer<\/span><span class=\"title\"><strong>2<\/strong>Previs\u00f5es para todos os signos: de 29 de junho a 5 de julho<\/span><\/a><\/div>\n<div class=\"col-s-12 col-l-3\"><a href=\"https:\/\/vejasp.abril.com.br\/blog\/astrologia\/previsoes-para-todos-os-signos-de-20-a-26-de-julho\/\" class=\"card\"><span class=\"category hide-s\">Cultura &amp; Lazer<\/span><img title = \"[Tags]\"data-src=\"https:\/\/vejasp.abril.com.br\/wp-content\/uploads\/2020\/07\/JENNIFERLOPEZ.jpg?quality=70&amp;strip=info&amp;w=294&amp;h=200&amp;crop=1\"alt = \"huck-ricardo-600x402-1 Homem \u00e9 morto a tiros na Zona Sul da capital\" class=\"lazyload media\" style=\"max-width:100%\"><span class=\"category hide-l\">Cultura &amp; Lazer<\/span><span class=\"title\"><strong>3<\/strong>Previs\u00f5es para todos os signos: de 20 a 26 de julho<\/span><\/a><\/div>\n<div class=\"col-s-12 col-l-3\"><a href=\"https:\/\/vejasp.abril.com.br\/blog\/arnaldo-lorencato\/marcel-fim-restaurante-frances-bistro\/\" class=\"card\"><span class=\"category hide-s\">Comida &amp; Bebida<\/span><img title = \"[Tags]\"data-src=\"https:\/\/vejasp.abril.com.br\/wp-content\/uploads\/2020\/07\/sufle-marcel.png?w=294&amp;h=200&amp;crop=1\"alt = \"huck-ricardo-600x402-1 Homem \u00e9 morto a tiros na Zona Sul da capital\" class=\"lazyload media\" style=\"max-width:100%\"><span class=\"category hide-l\">Comida &amp; Bebida<\/span><span class=\"title\"><strong>4<\/strong>Marcel: o ponto final na hist\u00f3ria de um dos restaurantes franceses mais tradicionais de SP<\/span><\/a><\/div>\n<\/div>\n<\/div>\n<\/div>\n<\/div>\n<\/div>\n<p><br \/>\n<br \/><a href=\"https:\/\/vejasp.abril.com.br\/cidades\/homem-e-morto-a-tiros-na-zona-sul-da-capital\/\">Fonte do Artigo <\/a><br \/>\nTags:<br \/>\n#loterias #loteriascaixa #megasena #resultadoapostas#noticias #noticiario  #noticia #brasil #noticiascolombia #mundo #esporte #colombia #noticiadeld #ltimasnoticias  #noticiario #noticiasregionales #noticiasdepartamentales #noticiashoy #esportes #noticiaahora #elinformantenoticias #noticiasdeboyac  #esporteinterativo #esportivo #diariodosesportes  #noticiero  #jogodefutebol #jogos #loto #apostas<\/p>\n","protected":false},"excerpt":{"rendered":"<p>Um homem foi morto a tiros na Cidade Ademar, Zona Sul da capital, na noite de sexta-feira (24). Ele foi encontrado na cal\u00e7ada com pelo menos cinco tiros. O Samu chegou a ser acionado, mas a v\u00edtima de 37 anos morreu antes de ser socorrida. Ningu\u00e9m foi preso. O caso ser\u00e1 investigo pela Delegacia de [&hellip;]<\/p>\n","protected":false},"author":1,"featured_media":56066,"comment_status":"open","ping_status":"open","sticky":false,"template":"","format":"standard","meta":{"footnotes":""},"categories":[1],"tags":[],"class_list":["post-56065","post","type-post","status-publish","format-standard","has-post-thumbnail","hentry","category-curso-de-copy"],"_links":{"self":[{"href":"https:\/\/wiy.com.br\/noticias\/wp-json\/wp\/v2\/posts\/56065","targetHints":{"allow":["GET"]}}],"collection":[{"href":"https:\/\/wiy.com.br\/noticias\/wp-json\/wp\/v2\/posts"}],"about":[{"href":"https:\/\/wiy.com.br\/noticias\/wp-json\/wp\/v2\/types\/post"}],"author":[{"embeddable":true,"href":"https:\/\/wiy.com.br\/noticias\/wp-json\/wp\/v2\/users\/1"}],"replies":[{"embeddable":true,"href":"https:\/\/wiy.com.br\/noticias\/wp-json\/wp\/v2\/comments?post=56065"}],"version-history":[{"count":0,"href":"https:\/\/wiy.com.br\/noticias\/wp-json\/wp\/v2\/posts\/56065\/revisions"}],"wp:featuredmedia":[{"embeddable":true,"href":"https:\/\/wiy.com.br\/noticias\/wp-json\/wp\/v2\/media\/56066"}],"wp:attachment":[{"href":"https:\/\/wiy.com.br\/noticias\/wp-json\/wp\/v2\/media?parent=56065"}],"wp:term":[{"taxonomy":"category","embeddable":true,"href":"https:\/\/wiy.com.br\/noticias\/wp-json\/wp\/v2\/categories?post=56065"},{"taxonomy":"post_tag","embeddable":true,"href":"https:\/\/wiy.com.br\/noticias\/wp-json\/wp\/v2\/tags?post=56065"}],"curies":[{"name":"wp","href":"https:\/\/api.w.org\/{rel}","templated":true}]}}