{"id":56011,"date":"2023-02-26T15:03:34","date_gmt":"2023-02-26T18:03:34","guid":{"rendered":"https:\/\/wiy.com.br\/noticias\/o-muro-e-o-principal-inimigo-da-cidade-e-o-simbolo-da-divisao\/"},"modified":"2020-07-24T22:18:17","modified_gmt":"2020-07-25T01:18:17","slug":"o-muro-e-o-principal-inimigo-da-cidade-e-o-simbolo-da-divisao","status":"publish","type":"post","link":"https:\/\/wiy.com.br\/noticias\/o-muro-e-o-principal-inimigo-da-cidade-e-o-simbolo-da-divisao\/","title":{"rendered":"\u201cO muro \u00e9 o principal inimigo da cidade e o s\u00edmbolo da divis\u00e3o\u201d"},"content":{"rendered":"<p> <br \/>\n<\/p>\n<p>O muro \u00e9 o principal inimigo da cidade. A cidade \u00e9 um espa\u00e7o para encontros \u2014 e o muro \u00e9 o s\u00edmbolo da divis\u00e3o. Quer dizer: ele \u00e9 divis\u00e3o. \u00c9 verdade que, mesmo com muros, as pessoas podem continuar se encontrando na cidade. Mas n\u00e3o \u00e9 apenas esse encontro combinado, calculado, que faz com que a vida na cidade compense. \u00c9 tamb\u00e9m \u2014 e talvez principalmente \u2014 o encontro que acontece por acaso que nos diverte e nos civiliza.<\/p>\n<p>Os muros dos grandes condom\u00ednios de S\u00e3o Paulo enclausuram grande parte da cidade em guetos, privando seus moradores do melhor que a experi\u00eancia urbana pode oferecer: o encontro aleat\u00f3rio, casual, que acontece quando, por exemplo, duas pessoas se conhecem porque seus cachorros se simpatizam na cal\u00e7ada; quando algu\u00e9m comenta sobre o tempo no balc\u00e3o da padaria; quando um curioso se junta a um grupo que joga xadrez em mesa p\u00fablica, ao ar livre. o grande condom\u00ednio murado suga essa energia do espa\u00e7o urbano. As cal\u00e7adas no seu entorno normalmente s\u00e3o desertas. Apesar de dentro da cidade, a rotina dos seus moradores est\u00e1 limitada a um estilo de sub\u00farbio.<\/p>\n<h3><strong>+<a href=\"https:\/\/abr.ai\/assine-vejasp\" target=\"_blank\" data-saferedirecturl=\"https:\/\/www.google.com\/url?q=https:\/\/abr.ai\/assine-vejasp&amp;source=gmail&amp;ust=1593152572023000&amp;usg=AFQjCNGW7k1LdRfZbSPTigRVEkA_lYWwbg\" rel=\"noopener noreferrer\">Assine a Vejinha a partir de 6,90<\/a><\/strong><\/h3>\n<p>Com uma estrutura com dezenas de itens de lazer muitas vezes pouco aproveitados, <strong>grande parte dos condom\u00ednios-clube de S\u00e3o Paulo est\u00e1 inchada. Enquanto isso, a vida em seu entorno \u00e9 raqu\u00edtica. Meu sonho \u00e9 que, para corrigir essa anomalia, a legisla\u00e7\u00e3o de S\u00e3o Paulo estimule uma pequena cirurgia<\/strong>: que esses condom\u00ednios possam vender ou alugar lotes subutilizados dentro dos seus condom\u00ednios. o que hoje \u00e9 um espa\u00e7o sem uso, excludente, poderia com o tempo ter uma vida mais variada, mais interessante: <strong>com com\u00e9rcios e caf\u00e9s que atendam os pr\u00f3prios moradores desses condom\u00ednios; com resid\u00eancias a pre\u00e7os mais baratos que a m\u00e9dia atual do bairro em cima dessas mesmas lojas e caf\u00e9s<\/strong>.<\/p>\n<figure><img title = \"[Tags]\"alt = \"Muro-Para\u00edso-Raul-Juste-Lores \u201cO muro \u00e9 o principal inimigo da cidade e o s\u00edmbolo da divis\u00e3o\u201d\"decoding=\"async\" src=\"https:\/\/vejasp.abril.com.br\/wp-content\/uploads\/2020\/07\/Muro-Para\u00edso-Raul-Juste-Lores.jpg\" \/><figcaption>Muralha em regi\u00e3o do Para\u00edso<span class=\"copyright\">Raul Juste Lores\/Veja SP<\/span><\/figcaption><\/figure>\n<p>O pr\u00f3prio condom\u00ednio poderia definir as regras para a ocupa\u00e7\u00e3o desses lotes: altura permitida das edifica\u00e7\u00f5es, tipos de uso etc., o que evitaria que a consequ\u00eancia fosse negativa para os seus moradores. \u00c9 para ser positiva. N\u00e3o \u00e9 para ser tamb\u00e9m uma obriga\u00e7\u00e3o; seria apenas um est\u00edmulo, uma possibilidade. Em alguns lugares, por motivos diferentes, talvez n\u00e3o haja op\u00e7\u00e3o, e muros continuar\u00e3o existindo. Mas n\u00e3o podemos permitir que eles continuem existindo onde h\u00e1 alternativas melhores: quando, mantendo a seguran\u00e7a dos seus moradores, seja vi\u00e1vel uma solu\u00e7\u00e3o que ofere\u00e7a a eles conveni\u00eancia, lazer, a renda desses lotes e \u2014 quem sabe? \u2014 uma poss\u00edvel valoriza\u00e7\u00e3o dos pr\u00f3prios im\u00f3veis desses condom\u00ednios.<\/p>\n<div class=\"ads post-ads\"><span class=\"title\">Continua ap\u00f3s a publicidade<\/span><\/p>\n<div id=\"abrAD_rectangle2\" class=\"abrAD\" data-ad-><\/div>\n<\/div>\n<p>A cidade ganharia muito. <strong>Quarteir\u00f5es inteiros que s\u00e3o hoje perigosos e mon\u00f3tonos poderiam ser mais divertidos e mais seguros. Um caf\u00e9 poderia ser ponto de encontro dos moradores, com mesas a c\u00e9u aberto<\/strong>; uma pizzaria poderia atender a regi\u00e3o; o chaveiro poderia montar um ponto mais perto dos seus clientes; um pet shop poderia tosar os cachorros do quarteir\u00e3o; e esses servi\u00e7os poderiam ser desfrutados a p\u00e9 por quem mora no entorno.<\/p>\n<h3><strong>+<a href=\"https:\/\/abr.ai\/assine-vejasp\" target=\"_blank\" data-saferedirecturl=\"https:\/\/www.google.com\/url?q=https:\/\/abr.ai\/assine-vejasp&amp;source=gmail&amp;ust=1593152572023000&amp;usg=AFQjCNGW7k1LdRfZbSPTigRVEkA_lYWwbg\" rel=\"noopener noreferrer\">Assine a Vejinha a partir de 6,90<\/a><\/strong><\/h3>\n<p>Um empreendedor local poderia fazer um predinho de dois andares, com loja embaixo, com pequenos apartamentos ou escrit\u00f3rios para loca\u00e7\u00e3o; algu\u00e9m poderia fazer uma casa com portas e janelas para a rua. Essa nova oferta imobili\u00e1ria \u2014 ao mesmo tempo que deve valorizar os apartamentos dos condom\u00ednios que antes eram murados \u2014 provavelmente diminuiria o pre\u00e7o de loca\u00e7\u00e3o para esse tipo de com\u00e9rcio. A cidade moderna est\u00e1 passando hoje por um dos maiores desafios da sua hist\u00f3ria. <strong>Escrevo sobre a possibilidade de um novo caf\u00e9 com mesas a c\u00e9u aberto enquanto muitos com\u00e9rcios est\u00e3o fechando para sempre<\/strong>. Disse que \u00e9 um sonho que mais pessoas diferentes possam se encontrar por acaso num momento em que fam\u00edlias e amigos est\u00e3o h\u00e1 meses separados \u2014 e sem perspectivas claras de quando voltar\u00e3o a conviver. N\u00e3o sabemos qual ser\u00e1 a consequ\u00eancia do que est\u00e1 acontecendo agora para o futuro da cidade. N\u00e3o ser\u00e1 pequena. Mas, seja qual for, \u00e9 melhor que seja um futuro com menos muros \u2014 porque a alternativa \u00e9 passarmos a eternidade num sub\u00farbio em encontros pelo Zoom.<\/p>\n<figure><img title = \"[Tags]\"alt = \"Muro-Para\u00edso-Raul-Juste-Lores \u201cO muro \u00e9 o principal inimigo da cidade e o s\u00edmbolo da divis\u00e3o\u201d\"decoding=\"async\" src=\"https:\/\/vejasp.abril.com.br\/wp-content\/uploads\/2020\/07\/Eduardo-Andrade-de-Carvalho-ARQUIVO-PESSOAL.jpg\" \/><figcaption>&lt;span class=&quot;hidden&quot;&gt;&#8211;&lt;\/span&gt;<span class=\"copyright\">Arquivo Pessoal\/Reprodu\u00e7\u00e3o<\/span><\/figcaption><\/figure>\n<p><em><strong>Eduardo Andrade de Carvalho<\/strong> \u00e9 fundador da incorporadora Moby. Criou o Esquina, plataforma para debater urbanismo<\/em><\/p>\n<p><strong>Publicado em VEJA S\u00c3O PAULO de 29 de julho de 2020, edi\u00e7\u00e3o n\u00ba 2697.<\/strong><\/p>\n<div class=\"block related-posts\">\n<ul class=\"block-menu\">\n<li data-tab=\"tab-1\" class=\"active\">Relacionadas<\/li>\n<li data-tab=\"tab-2\">Mais Lidas<\/li>\n<\/ul>\n<div id=\"tab-1\" class=\"block-content active\">\n<div class=\"row\">\n<li class=\"widget-news-item without-thumb with-border\">\n<div class=\"widget-news-info\"><a href=\"http:\/\/vejasp.abril.com.br\/cidades\">Cidades<\/a><span class=\"widget-news-item-title\"><a href=\"https:\/\/vejasp.abril.com.br\/cidades\/tenho-o-amor-do-meu-filho-da-minha-ex-dos-meus-pais-e-do-pedro\/\">\u201cTenho o amor do meu filho, da minha ex, dos meus pais e do Pedro\u201d<\/a><\/span><span class=\"widget-news-item-date\">17 Jul 2020 &#8211; 06h07<\/span><\/div>\n<\/li>\n<li class=\"widget-news-item without-thumb with-border\">\n<div class=\"widget-news-info\"><a href=\"http:\/\/vejasp.abril.com.br\/saude\">Sa\u00fade<\/a><span class=\"widget-news-item-title\"><a href=\"https:\/\/vejasp.abril.com.br\/saude\/sindrome-da-cabana-paulistanos-enfrentam-o-medo-excessivo-de-sair-de-casa\/\">S\u00edndrome da cabana pode afetar quem est\u00e1 confinado h\u00e1 muito tempo<\/a><\/span><span class=\"widget-news-item-date\">17 Jul 2020 &#8211; 06h07<\/span><\/div>\n<\/li>\n<li class=\"widget-news-item without-thumb with-border\">\n<div class=\"widget-news-info\"><a href=\"http:\/\/vejasp.abril.com.br\/cidades\">Cidades<\/a><span class=\"widget-news-item-title\"><a href=\"https:\/\/vejasp.abril.com.br\/cidades\/sp-prejuizos-pandemia\/\">SP deve demorar at\u00e9 6 anos para cobrir preju\u00edzos da pandemia, diz Covas<\/a><\/span><span class=\"widget-news-item-date\">15 Jul 2020 &#8211; 17h07<\/span><\/div>\n<\/li>\n<li class=\"widget-news-item without-thumb with-border\">\n<div class=\"widget-news-info\"><a href=\"http:\/\/vejasp.abril.com.br\/cultura-lazer\">Cultura &amp; Lazer<\/a><span class=\"widget-news-item-title\"><a href=\"https:\/\/vejasp.abril.com.br\/cultura-lazer\/paola-carosella-frango-3d\/\">Paola Carosella critica &#8216;frango 3D&#8217; e \u00e9 chamada de gordof\u00f3bica<\/a><\/span><span class=\"widget-news-item-date\">23 Jul 2020 &#8211; 12h07<\/span><\/div>\n<\/li>\n<\/div>\n<\/div>\n<div id=\"tab-2\" class=\"block-content\">\n<div class=\"row\">\n<div class=\"col-s-12 col-l-3\"><a href=\"https:\/\/vejasp.abril.com.br\/cultura-lazer\/ricardo-eletro-luciano-huck\/\" class=\"card\"><span class=\"category hide-s\">Cultura &amp; Lazer<\/span><img title = \"[Tags]\"data-src=\"https:\/\/vejasp.abril.com.br\/wp-content\/uploads\/2020\/07\/huck-ricardo-600x402-1.jpg?quality=70&amp;strip=info&amp;w=294&amp;h=200&amp;crop=1\"alt = \"Muro-Para\u00edso-Raul-Juste-Lores \u201cO muro \u00e9 o principal inimigo da cidade e o s\u00edmbolo da divis\u00e3o\u201d\" class=\"lazyload media\" style=\"max-width:100%\"><span class=\"category hide-l\">Cultura &amp; Lazer<\/span><span class=\"title\"><strong>1<\/strong>Ap\u00f3s pris\u00e3o de fundador da Ricardo Eletro, internautas cobram Luciano Huck<\/span><\/a><\/div>\n<div class=\"col-s-12 col-l-3\"><a href=\"https:\/\/vejasp.abril.com.br\/blog\/astrologia\/previsoes-para-todos-os-signos-de-29-de-junho-a-5-de-julho\/\" class=\"card\"><span class=\"category hide-s\">Cultura &amp; Lazer<\/span><img title = \"[Tags]\"data-src=\"https:\/\/vejasp.abril.com.br\/wp-content\/uploads\/2020\/06\/MRB.jpg?quality=70&amp;strip=info&amp;w=294&amp;h=200&amp;crop=1\"alt = \"Muro-Para\u00edso-Raul-Juste-Lores \u201cO muro \u00e9 o principal inimigo da cidade e o s\u00edmbolo da divis\u00e3o\u201d\" class=\"lazyload media\" style=\"max-width:100%\"><span class=\"category hide-l\">Cultura &amp; Lazer<\/span><span class=\"title\"><strong>2<\/strong>Previs\u00f5es para todos os signos: de 29 de junho a 5 de julho<\/span><\/a><\/div>\n<div class=\"col-s-12 col-l-3\"><a href=\"https:\/\/vejasp.abril.com.br\/blog\/astrologia\/previsoes-para-todos-os-signos-de-20-a-26-de-julho\/\" class=\"card\"><span class=\"category hide-s\">Cultura &amp; Lazer<\/span><img title = \"[Tags]\"data-src=\"https:\/\/vejasp.abril.com.br\/wp-content\/uploads\/2020\/07\/JENNIFERLOPEZ.jpg?quality=70&amp;strip=info&amp;w=294&amp;h=200&amp;crop=1\"alt = \"Muro-Para\u00edso-Raul-Juste-Lores \u201cO muro \u00e9 o principal inimigo da cidade e o s\u00edmbolo da divis\u00e3o\u201d\" class=\"lazyload media\" style=\"max-width:100%\"><span class=\"category hide-l\">Cultura &amp; Lazer<\/span><span class=\"title\"><strong>3<\/strong>Previs\u00f5es para todos os signos: de 20 a 26 de julho<\/span><\/a><\/div>\n<div class=\"col-s-12 col-l-3\"><a href=\"https:\/\/vejasp.abril.com.br\/blog\/arnaldo-lorencato\/marcel-fim-restaurante-frances-bistro\/\" class=\"card\"><span class=\"category hide-s\">Comida &amp; Bebida<\/span><img title = \"[Tags]\"data-src=\"https:\/\/vejasp.abril.com.br\/wp-content\/uploads\/2020\/07\/sufle-marcel.png?w=294&amp;h=200&amp;crop=1\"alt = \"Muro-Para\u00edso-Raul-Juste-Lores \u201cO muro \u00e9 o principal inimigo da cidade e o s\u00edmbolo da divis\u00e3o\u201d\" class=\"lazyload media\" style=\"max-width:100%\"><span class=\"category hide-l\">Comida &amp; Bebida<\/span><span class=\"title\"><strong>4<\/strong>Marcel: o ponto final na hist\u00f3ria de um dos restaurantes franceses mais tradicionais de SP<\/span><\/a><\/div>\n<\/div>\n<\/div>\n<\/div>\n<p><br \/>\n<br \/><a href=\"https:\/\/vejasp.abril.com.br\/cidades\/o-muro-e-o-principal-inimigo-da-cidade-e-o-simbolo-da-divisao\/\">Fonte do Artigo <\/a><br \/>\nTags:<br \/>\n#loterias #loteriascaixa #megasena #resultadoapostas#noticias #noticiario  #noticia #brasil #noticiascolombia #mundo #esporte #colombia #noticiadeld #ltimasnoticias  #noticiario #noticiasregionales #noticiasdepartamentales #noticiashoy #esportes #noticiaahora #elinformantenoticias #noticiasdeboyac  #esporteinterativo #esportivo #diariodosesportes  #noticiero  #jogodefutebol #jogos #loto #apostas<\/p>\n","protected":false},"excerpt":{"rendered":"<p>O muro \u00e9 o principal inimigo da cidade. A cidade \u00e9 um espa\u00e7o para encontros \u2014 e o muro \u00e9 o s\u00edmbolo da divis\u00e3o. Quer dizer: ele \u00e9 divis\u00e3o. \u00c9 verdade que, mesmo com muros, as pessoas podem continuar se encontrando na cidade. Mas n\u00e3o \u00e9 apenas esse encontro combinado, calculado, que faz com que [&hellip;]<\/p>\n","protected":false},"author":1,"featured_media":56012,"comment_status":"open","ping_status":"open","sticky":false,"template":"","format":"standard","meta":{"footnotes":""},"categories":[1],"tags":[],"class_list":["post-56011","post","type-post","status-publish","format-standard","has-post-thumbnail","hentry","category-curso-de-copy"],"_links":{"self":[{"href":"https:\/\/wiy.com.br\/noticias\/wp-json\/wp\/v2\/posts\/56011","targetHints":{"allow":["GET"]}}],"collection":[{"href":"https:\/\/wiy.com.br\/noticias\/wp-json\/wp\/v2\/posts"}],"about":[{"href":"https:\/\/wiy.com.br\/noticias\/wp-json\/wp\/v2\/types\/post"}],"author":[{"embeddable":true,"href":"https:\/\/wiy.com.br\/noticias\/wp-json\/wp\/v2\/users\/1"}],"replies":[{"embeddable":true,"href":"https:\/\/wiy.com.br\/noticias\/wp-json\/wp\/v2\/comments?post=56011"}],"version-history":[{"count":0,"href":"https:\/\/wiy.com.br\/noticias\/wp-json\/wp\/v2\/posts\/56011\/revisions"}],"wp:featuredmedia":[{"embeddable":true,"href":"https:\/\/wiy.com.br\/noticias\/wp-json\/wp\/v2\/media\/56012"}],"wp:attachment":[{"href":"https:\/\/wiy.com.br\/noticias\/wp-json\/wp\/v2\/media?parent=56011"}],"wp:term":[{"taxonomy":"category","embeddable":true,"href":"https:\/\/wiy.com.br\/noticias\/wp-json\/wp\/v2\/categories?post=56011"},{"taxonomy":"post_tag","embeddable":true,"href":"https:\/\/wiy.com.br\/noticias\/wp-json\/wp\/v2\/tags?post=56011"}],"curies":[{"name":"wp","href":"https:\/\/api.w.org\/{rel}","templated":true}]}}