{"id":56006,"date":"2023-02-26T14:52:50","date_gmt":"2023-02-26T17:52:50","guid":{"rendered":"https:\/\/wiy.com.br\/noticias\/facebook-e-twitter-derrubam-contas-de-bolsonaristas-apos-decisao-do-stf\/"},"modified":"2020-07-24T21:17:12","modified_gmt":"2020-07-25T00:17:12","slug":"facebook-e-twitter-derrubam-contas-de-bolsonaristas-apos-decisao-do-stf","status":"publish","type":"post","link":"https:\/\/wiy.com.br\/noticias\/facebook-e-twitter-derrubam-contas-de-bolsonaristas-apos-decisao-do-stf\/","title":{"rendered":"Facebook e Twitter derrubam contas de bolsonaristas ap\u00f3s decis\u00e3o do STF"},"content":{"rendered":"<p> <br \/>\n<\/p>\n<div class=\"mc-column content-text active-extra-styles \" data-block-type=\"unstyled\" data-block-weight=\"44\" data-block-id=\"2\">\n<p data-track-category=\"Link no Texto\" data-track-links=\"\"><strong>O Twitter e o Facebook bloquearam<\/strong> nesta sexta-feira (24) <strong>os perfis de 16 aliados e apoiadores do presidente Jair Bolsonaro (sem partido)<\/strong>. Eles s\u00e3o investigados por suposta dissemina\u00e7\u00e3o de<em> fake news.<\/em><\/p>\n<p data-track-category=\"Link no Texto\" data-track-links=\"\">A suspens\u00e3o das contas foi determinada pelo ministro Alexandre de Moraes, do Supremo Tribunal Federal (STF), em decis\u00e3o que integra o inqu\u00e9rito das <em>fake news.<\/em><\/p>\n<\/div>\n<div class=\"wall protected-content\">\n<div class=\"mc-column content-text active-extra-styles \" data-block-type=\"unstyled\" data-block-weight=\"27\" data-block-id=\"3\">\n<p data-track-category=\"Link no Texto\" data-track-links=\"\">O ministro pede o bloqueio de 16 contas do Twitter e 10 perfis no Facebook, com multa de R$ 20 mil ao dia para as empresas que descumprirem a ordem.<\/p>\n<div class=\"mc-column content-text active-extra-styles \" data-block-type=\"unstyled\" data-block-weight=\"11\" data-block-id=\"5\">\n<p data-track-category=\"Link no Texto\" data-track-links=\"\">As contas s\u00e3o de:<\/p>\n<div class=\"ads post-ads\"><span class=\"title\">Continua ap\u00f3s a publicidade<\/span><\/p>\n<div id=\"abrAD_rectangle2\" class=\"abrAD\" data-ad-><\/div>\n<\/div>\n<\/div>\n<div class=\"mc-column content-text active-extra-styles\" data-block-type=\"raw\" data-block-weight=\"78\" data-block-id=\"6\">\n<ul>\n<li>Roberto Jefferson, ex-deputado e presidente nacional do PTB<\/li>\n<li>Luciano Hang, empres\u00e1rio<\/li>\n<li>Edgard Corona, empres\u00e1rio<\/li>\n<li>Ot\u00e1vio Fakhoury, empres\u00e1rio<\/li>\n<li>Edson Salom\u00e3o, assessor do deputado estadual de S\u00e3o Paulo Douglas Garcia<\/li>\n<li>Rodrigo Barbosa Ribeiro, assessor do deputado estadual de S\u00e3o Paulo Douglas Garcia<\/li>\n<li>Bernardo K\u00fcster, blogueiro<\/li>\n<li>Allan dos Santos, blogueiro<\/li>\n<li>Winston Rodrigues Lima, militar da reserva<\/li>\n<li>Reynaldo Bianchi J\u00fanior, humorista<\/li>\n<li>Enzo Leonardo Momenti, youtuber<\/li>\n<li>Marcos Dominguez Bellizia, porta-voz do movimento Nas Ruas<\/li>\n<li>Sara Giromini<\/li>\n<li>Eduardo Fabris Portella<\/li>\n<li>Marcelo Stachin<\/li>\n<li>Rafael Moreno<\/li>\n<\/ul>\n<div class=\"mc-column content-text active-extra-styles \" data-block-type=\"unstyled\" data-block-weight=\"44\" data-block-id=\"10\">\n<p data-track-category=\"Link no Texto\" data-track-links=\"\">O Twitter disse em nota que &#8220;agiu estritamente em cumprimento a uma ordem legal proveniente de inqu\u00e9rito do Supremo Tribunal Federal (STF)&#8221;. O Facebook\u00a0afirmou que &#8220;respeita o Judici\u00e1rio e cumpre ordens legais v\u00e1lidas&#8221;.<\/p>\n<h3 data-track-category=\"Link no Texto\">Outro lado<\/h3>\n<p data-track-category=\"Link no Texto\" data-track-links=\"\">Muitos usu\u00e1rios que foram bloqueados se manifestaram. Veja abaixo o que eles disseram.<\/p>\n<p data-track-category=\"Link no Texto\" data-track-links=\"\">Roberto Jefferson: <span>&#8220;Acredito na democracia e que ela s\u00f3 existe atrav\u00e9s da plena liberdade de express\u00e3o, garantida pela nossa Constitui\u00e7\u00e3o Federal. Todos t\u00eam o direito de expressar opini\u00f5es individuais. Para construirmos um pa\u00eds cada vez melhor \u00e9 necess\u00e1rio discutir ideias e manter o debate aberto para toda a sociedade. Isso \u00e9 o que eu sempre defendi&#8221;, afirma.<\/span><\/p>\n<p data-track-category=\"Link no Texto\" data-track-links=\"\">Allan dos Santos: &#8220;<span>STF desativou minha conta no Twitter. Acabou a liberdade de express\u00e3o e de imprensa.&#8221;<\/span><\/p>\n<div class=\"ads post-ads\"><span class=\"title\">Continua ap\u00f3s a publicidade<\/span><\/p>\n<div id=\"abrAD_rectangle3\" class=\"abrAD\" data-ad-><\/div>\n<\/div>\n<div class=\"mc-column content-text active-extra-styles \" data-block-type=\"unstyled\" data-block-weight=\"2\" data-block-id=\"36\">\n<p data-track-category=\"Link no Texto\" data-track-links=\"\">Sara Giromini: &#8220;\u00c9 ditadura!!! Meu Twitter, Youtube e Facebook foram apreendidos pelo STF.&#8221;<\/p>\n<\/div>\n<div class=\"mc-column content-text active-extra-styles \" data-block-type=\"unstyled\" data-block-weight=\"2\" data-block-id=\"38\">\n<p data-track-category=\"Link no Texto\" data-track-links=\"\">Ot\u00e1vio Fakhouri: a defesa do empres\u00e1rio afirmou que \u201ca medida de bloqueio acarreta verdadeira censura por impedir a manifesta\u00e7\u00e3o do pensamento de Fakhoury, garantida pelo amplo sistema de liberdade de express\u00e3o consagrado pela Constitui\u00e7\u00e3o Federal&#8221;.<\/p>\n<p data-track-category=\"Link no Texto\" data-track-links=\"\">Berardo K\u00fcster: <span>&#8220;Nesse Brasil, \u00e9 proibido ser conservador raiz, \u00e9 proibido ser crist\u00e3o&#8221;, disse em v\u00eddeo no YouTube.<\/span><\/p>\n<p data-track-category=\"Link no Texto\" data-track-links=\"\">A assessoria de imprensa de <strong>Edgard Corona <\/strong>disse que ele n\u00e3o vai se manifestar.<\/p>\n<\/div>\n<\/div>\n<div class=\"row medium-uncollapsed content-media content-photo\" data-block-type=\"backstage-photo\" data-block-id=\"11\">\n<div class=\"mc-column content-media__container\"><\/div>\n<\/div>\n<\/div>\n<\/div>\n<\/div>\n<p><br \/>\n<br \/><a href=\"https:\/\/vejasp.abril.com.br\/cidades\/bolsonaristas-contas-twitter-e-facebook\/\">Fonte do Artigo <\/a><br \/>\nTags:<br \/>\n#loterias #loteriascaixa #megasena #resultadoapostas#noticias #noticiario  #noticia #brasil #noticiascolombia #mundo #esporte #colombia #noticiadeld #ltimasnoticias  #noticiario #noticiasregionales #noticiasdepartamentales #noticiashoy #esportes #noticiaahora #elinformantenoticias #noticiasdeboyac  #esporteinterativo #esportivo #diariodosesportes  #noticiero  #jogodefutebol #jogos #loto #apostas<\/p>\n","protected":false},"excerpt":{"rendered":"<p>O Twitter e o Facebook bloquearam nesta sexta-feira (24) os perfis de 16 aliados e apoiadores do presidente Jair Bolsonaro (sem partido). Eles s\u00e3o investigados por suposta dissemina\u00e7\u00e3o de fake news. A suspens\u00e3o das contas foi determinada pelo ministro Alexandre de Moraes, do Supremo Tribunal Federal (STF), em decis\u00e3o que integra o inqu\u00e9rito das fake [&hellip;]<\/p>\n","protected":false},"author":1,"featured_media":56007,"comment_status":"open","ping_status":"open","sticky":false,"template":"","format":"standard","meta":{"footnotes":""},"categories":[1],"tags":[],"class_list":["post-56006","post","type-post","status-publish","format-standard","has-post-thumbnail","hentry","category-curso-de-copy"],"_links":{"self":[{"href":"https:\/\/wiy.com.br\/noticias\/wp-json\/wp\/v2\/posts\/56006","targetHints":{"allow":["GET"]}}],"collection":[{"href":"https:\/\/wiy.com.br\/noticias\/wp-json\/wp\/v2\/posts"}],"about":[{"href":"https:\/\/wiy.com.br\/noticias\/wp-json\/wp\/v2\/types\/post"}],"author":[{"embeddable":true,"href":"https:\/\/wiy.com.br\/noticias\/wp-json\/wp\/v2\/users\/1"}],"replies":[{"embeddable":true,"href":"https:\/\/wiy.com.br\/noticias\/wp-json\/wp\/v2\/comments?post=56006"}],"version-history":[{"count":0,"href":"https:\/\/wiy.com.br\/noticias\/wp-json\/wp\/v2\/posts\/56006\/revisions"}],"wp:featuredmedia":[{"embeddable":true,"href":"https:\/\/wiy.com.br\/noticias\/wp-json\/wp\/v2\/media\/56007"}],"wp:attachment":[{"href":"https:\/\/wiy.com.br\/noticias\/wp-json\/wp\/v2\/media?parent=56006"}],"wp:term":[{"taxonomy":"category","embeddable":true,"href":"https:\/\/wiy.com.br\/noticias\/wp-json\/wp\/v2\/categories?post=56006"},{"taxonomy":"post_tag","embeddable":true,"href":"https:\/\/wiy.com.br\/noticias\/wp-json\/wp\/v2\/tags?post=56006"}],"curies":[{"name":"wp","href":"https:\/\/api.w.org\/{rel}","templated":true}]}}