{"id":55846,"date":"2023-02-26T15:25:34","date_gmt":"2023-02-26T18:25:34","guid":{"rendered":"https:\/\/wiy.com.br\/noticias\/nao-somos-fast-fashion-diz-ceo-da-renner-pioneira-da-moda-rapida\/"},"modified":"2020-07-23T11:12:28","modified_gmt":"2020-07-23T14:12:28","slug":"nao-somos-fast-fashion-diz-ceo-da-renner-pioneira-da-moda-rapida","status":"publish","type":"post","link":"https:\/\/wiy.com.br\/noticias\/nao-somos-fast-fashion-diz-ceo-da-renner-pioneira-da-moda-rapida\/","title":{"rendered":"\u201cN\u00e3o somos fast fashion\u201d, diz CEO da Renner, pioneira da moda r\u00e1pida"},"content":{"rendered":"<p> <br \/>\n<\/p>\n<p><span>Faz algum tempo que as passarelas deixaram de ser a principal fonte de inspira\u00e7\u00e3o para as cole\u00e7\u00f5es das grandes varejistas de moda. \u201cEm \u2018O Diabo Veste Prada\u2019, Miranda explica para Andy que a moda vem de v\u00e1rias fontes, especialmente da rua\u201d, diz Fabio Faccio, CEO da <a href=\"https:\/\/exame.com\/noticias-sobre\/renner\/\">Renner<\/a>, uma das principais empresas de moda r\u00e1pida do Pa\u00eds. \u201cEssa \u00e9 uma realidade cada vez mais presente\u201d.\u00a0<\/span><\/p>\n<p><span>Faccio se refere ao filme de 2006 dirigido por David Frankel e protagonizado por Meryl Streep, no papel da ambiciosa Miranda Priestly, editora de uma importante revista de moda, e Anne Hathaway, que interpreta Andy, uma jornalista idealista que acaba se tornando assistente e capacho pessoal de Priestly. \u201cEsse filme tem mais de 10 anos. Desde ent\u00e3o, outras influ\u00eancias surgiram, como as blogueiras\u201d, afirma Faccio.<\/span><\/p>\n<p><span>A moda se tornou mais complexa desde o lan\u00e7amento do blockbuster. Com a pandemia, o cen\u00e1rio se agravou. Os h\u00e1bitos de consumo mudaram e as pessoas est\u00e3o deixando de comprar a parte de baixo do vestu\u00e1rio, como cal\u00e7as e bermudas, e se concentrando na parte de cima. \u201cPara participar de uma videoconfer\u00eancia ningu\u00e9m precisa de um cal\u00e7a bonita\u201d, diz o CEO. A recess\u00e3o tamb\u00e9m promove a busca por roupas de melhor qualidade, que durem mais, em detrimento da moda descart\u00e1vel e r\u00e1pida, consagrada pelo modelo do fast fashion. Nesse sentido, Faccio refuta essa classifica\u00e7\u00e3o para a Renner. \u201cN\u00e3o somos fast fashion\u201d, afirma. \u201cSomos r\u00e1pidos, n\u00e3o descart\u00e1veis\u201d.<\/span><\/p>\n<aside>\n<div class=\"widget-news widget-box no-margin no-border\"><span class=\"widget-news-title content-box-title\">Veja tamb\u00e9m<\/span><\/p>\n<ul class=\"widget-news-list\">\n<li class=\"widget-news-item without-thumb with-border\">\n<div class=\"widget-news-info\"><a href=\"http:\/\/exame.com\/negocios\">NEG\u00d3CIOS<\/a><span class=\"widget-news-item-title\"><a href=\"https:\/\/exame.com\/negocios\/as-armas-da-renner-na-crise-producao-super-rapida-e-pouco-estoque\/\">As armas da Renner na crise: produ\u00e7\u00e3o super r\u00e1pida e pouco estoque<\/a><\/span><span class=\"widget-news-item-date\">6 jul 2020 &#8211; 06h07<\/span><\/div>\n<\/li>\n<\/ul>\n<\/div>\n<\/aside>\n<p><span>Duas tend\u00eancias ditam esse novo normal no munda da moda. A primeira \u00e9 a redu\u00e7\u00e3o do poder de consumo, que leva os consumidores a ser mais seletivos. A segunda \u00e9 a busca por produtos sustent\u00e1veis, que n\u00e3o agridam o meio ambiente, um produto da maior consci\u00eancia sobre os impactos do consumo desenfreado no planeta promovida pela crise do novo coronav\u00edrus. Nesse cen\u00e1rio, a maneira de entregar moda aos clientes tem de ser ajustada. A precis\u00e3o se torna mais importante que o volume.\u00a0<\/span><\/p>\n<p><span>Para fazer frente a esse desafio, a Renner aposta na economia circular. A empresa acaba de lan\u00e7ar a nova cole\u00e7\u00e3o do Re Jeans, linha de denim desenvolvida a partir de material reciclado. O pano \u00e9 produzido com sobras de tecido, que s\u00e3o desfibradas e transformadas em um novo fio. Dessa forma, a empresa reintroduz na cadeia a mat\u00e9ria-prima que, do contr\u00e1rio, seria descartada. \u201cDessa vez, tamb\u00e9m retiramos todo o polyester deixando s\u00f3 o algod\u00e3o\u201d, afirma Eduardo Ferlauto, gerente s\u00eanior de sustentabilidade da varejista. \u00c9 mais f\u00e1cil reaproveitar produtos feitos com apenas um material.\u00a0<\/span><\/p>\n<p><span>A linha Re foi lan\u00e7ada em 2018, j\u00e1 com essa proposta de ser mais respons\u00e1vel. O setor de vestu\u00e1rio \u00e9 um grande poluente, especialmente por conta da lavagem do jeans, que consome muita \u00e1gua e utiliza produtos qu\u00edmicos pesados. O Re Jeans atual consome 44% menos recursos h\u00eddricos. O selo Re est\u00e1 presente em todas as cole\u00e7\u00f5es da varejista. Desde o seu lan\u00e7amento, j\u00e1 foram comercializadas mais de 90 milh\u00f5es de pe\u00e7as com fios reciclados.\u00a0<\/span><\/p>\n<aside>\n<div class=\"widget-news widget-box no-margin no-border\"><span class=\"widget-news-title content-box-title\">Veja tamb\u00e9m<\/span><\/p>\n<ul class=\"widget-news-list\">\n<li class=\"widget-news-item without-thumb with-border\">\n<div class=\"widget-news-info\"><a href=\"http:\/\/exame.com\/negocios\">NEG\u00d3CIOS<\/a><span class=\"widget-news-item-title\"><a href=\"https:\/\/exame.com\/negocios\/brechos-pijamas-e-roupas-mais-sustentaveis-qual-sera-o-futuro-da-moda\/\">Brech\u00f3s, pijamas e roupas mais sustent\u00e1veis: qual ser\u00e1 o futuro da moda<\/a><\/span><span class=\"widget-news-item-date\">13 jul 2020 &#8211; 06h07<\/span><\/div>\n<\/li>\n<\/ul>\n<\/div>\n<\/aside>\n<p><b>Rob\u00f4 estilista<\/b><\/p>\n<p><span>Outra maneira que a Renner encontrou para navegar nesse novo universo fashion foi com o uso de intelig\u00eancia artificial. No ano passado, 8,5% dos produtos vendidos pela varejista foram distribu\u00eddos \u00e0s lojas a partir de proje\u00e7\u00f5es obtidas com ferramentas de an\u00e1lise de dados. Este ano, o sistema inteligente da empresa deve determinar a distribui\u00e7\u00e3o de 17% dos produtos.\u00a0<\/span><\/p>\n<p><span>Segundo Faccio, o uso da intelig\u00eancia artificial resultou em vendas adicionais de 12% com uma redu\u00e7\u00e3o de 18% nos estoques. \u201cA rapidez que buscamos n\u00e3o \u00e9 a de lan\u00e7ar muitos produtos em pouco tempo. Queremos agilidade e assertividade, o que tem mais a ver com metodologias \u00e1geis de desenvolvimento, produ\u00e7\u00e3o e distribui\u00e7\u00e3o do que com o fast fashion\u201d, diz o CEO. \u201cO consumismo n\u00e3o \u00e9 bom para a Renner nem para a cadeia de produ\u00e7\u00e3o do mundo da moda. O consumidor quer qualidade\u201d. Como diria Miranda Priestly, \u201cthat\u2019s all\u201d (isso \u00e9 tudo). <\/span><\/p>\n<p>The post <a rel=\"nofollow\" href=\"https:\/\/exame.com\/negocios\/nao-somos-fast-fashion-diz-ceo-da-renner-pioneira-da-moda-rapida\/\">\u201cN\u00e3o somos fast fashion\u201d, diz CEO da Renner, pioneira da moda r\u00e1pida<\/a> appeared first on <a rel=\"nofollow\" href=\"https:\/\/exame.com\">Exame<\/a>.<\/p>\n<p>#noticias #economia #sustentabilidade #dinheiro #economia<br \/>\n<br \/><br \/>\n<br \/><a href=\"https:\/\/exame.com\/negocios\/nao-somos-fast-fashion-diz-ceo-da-renner-pioneira-da-moda-rapida\/\">Fonte do Artigo <\/a><br \/>\nTags:<\/p>\n<p><a href=\"https:\/\/wiy.com.br\/noticias\/categoria\/curso-de-copy\/\">#noticias<\/a> <a href=\"https:\/\/wiy.com.br\/noticias\/categoria\/curso-de-copy\/\">#economia<\/a> <a href=\"https:\/\/wiy.com.br\/noticias\/categoria\/curso-de-copy\/\">#sustentabilidade<\/a> <a href=\"https:\/\/wiy.com.br\/noticias\/categoria\/curso-de-copy\/\">#dinheiro<\/a> <a href=\"https:\/\/wiy.com.br\/noticias\/categoria\/curso-de-copy\/\">#economia<\/a> <a href=\"https:\/\/wiy.com.br\/noticias\/categoria\/curso-de-copy\/\">#energialimpa<\/a> <a href=\"https:\/\/wiy.com.br\/noticias\/categoria\/curso-de-copy\/\">#brasil<\/a> <a href=\"https:\/\/wiy.com.br\/noticias\/categoria\/curso-de-copy\/\">#cursodecopy<\/a> <a href=\"https:\/\/wiy.com.br\/noticias\/categoria\/curso-de-copy\/\">#meioambiente<\/a> <a href=\"https:\/\/wiy.com.br\/noticias\/categoria\/curso-de-copy\/\">#hotmart<\/a> <a href=\"https:\/\/wiy.com.br\/noticias\/categoria\/curso-de-copy\/\">#empreendedorismo<\/a> <a href=\"https:\/\/wiy.com.br\/noticias\/categoria\/curso-de-copy\/\">#marketingdigital<\/a> <a href=\"https:\/\/wiy.com.br\/noticias\/categoria\/curso-de-copy\/\">#marketing digital<\/a> <a href=\"https:\/\/wiy.com.br\/noticias\/categoria\/curso-de-copy\/\">#politica<\/a> <a href=\"https:\/\/wiy.com.br\/noticias\/categoria\/curso-de-copy\/\">#energiasolarfotovoltaica<\/a> <a href=\"https:\/\/wiy.com.br\/noticias\/categoria\/curso-de-copy\/\">#textos que vendem<\/a> <a href=\"https:\/\/wiy.com.br\/noticias\/categoria\/curso-de-copy\/\">#copy de vendas<\/a> <a href=\"https:\/\/wiy.com.br\/noticias\/categoria\/curso-de-copy\/\">#sucesso<\/a> <a href=\"https:\/\/wiy.com.br\/noticias\/categoria\/curso-de-copy\/\">#financas<\/a> <a href=\"https:\/\/wiy.com.br\/noticias\/categoria\/curso-de-copy\/\">#investimentos<\/a> <a href=\"https:\/\/wiy.com.br\/noticias\/categoria\/curso-de-copy\/\">#criptomoeda<\/a> <a href=\"https:\/\/wiy.com.br\/noticias\/categoria\/curso-de-copy\/\">#ead<\/a> <a href=\"https:\/\/wiy.com.br\/noticias\/categoria\/curso-de-copy\/\">#copy download<\/a> <a href=\"https:\/\/wiy.com.br\/noticias\/categoria\/curso-de-copy\/\">#cursodecopypdf<\/a> <a href=\"https:\/\/wiy.com.br\/noticias\/categoria\/curso-de-copy\/\">#primeiravenda<\/a> <a href=\"https:\/\/wiy.com.br\/noticias\/categoria\/curso-de-copy\/\">#noticias24<\/a> <a href=\"https:\/\/curso-de-copy.wordseo.com.br\/\">#curso de copy<\/a> <a href=\"https:\/\/curso-de-copy.wordseo.com.br\/\">#curso para afiliados<\/a> <a href=\"https:\/\/curso-de-copy.wordseo.com.br\/\">#curso de copy online<\/a><\/p>\n","protected":false},"excerpt":{"rendered":"<p>Faz algum tempo que as passarelas deixaram de ser a principal fonte de inspira\u00e7\u00e3o para as cole\u00e7\u00f5es das grandes varejistas de moda. \u201cEm \u2018O Diabo Veste Prada\u2019, Miranda explica para Andy que a moda vem de v\u00e1rias fontes, especialmente da rua\u201d, diz Fabio Faccio, CEO da Renner, uma das principais empresas de moda r\u00e1pida do [&hellip;]<\/p>\n","protected":false},"author":1,"featured_media":55847,"comment_status":"open","ping_status":"open","sticky":false,"template":"","format":"standard","meta":{"footnotes":""},"categories":[1,339],"tags":[],"class_list":["post-55846","post","type-post","status-publish","format-standard","has-post-thumbnail","hentry","category-curso-de-copy","category-negocios"],"_links":{"self":[{"href":"https:\/\/wiy.com.br\/noticias\/wp-json\/wp\/v2\/posts\/55846","targetHints":{"allow":["GET"]}}],"collection":[{"href":"https:\/\/wiy.com.br\/noticias\/wp-json\/wp\/v2\/posts"}],"about":[{"href":"https:\/\/wiy.com.br\/noticias\/wp-json\/wp\/v2\/types\/post"}],"author":[{"embeddable":true,"href":"https:\/\/wiy.com.br\/noticias\/wp-json\/wp\/v2\/users\/1"}],"replies":[{"embeddable":true,"href":"https:\/\/wiy.com.br\/noticias\/wp-json\/wp\/v2\/comments?post=55846"}],"version-history":[{"count":0,"href":"https:\/\/wiy.com.br\/noticias\/wp-json\/wp\/v2\/posts\/55846\/revisions"}],"wp:featuredmedia":[{"embeddable":true,"href":"https:\/\/wiy.com.br\/noticias\/wp-json\/wp\/v2\/media\/55847"}],"wp:attachment":[{"href":"https:\/\/wiy.com.br\/noticias\/wp-json\/wp\/v2\/media?parent=55846"}],"wp:term":[{"taxonomy":"category","embeddable":true,"href":"https:\/\/wiy.com.br\/noticias\/wp-json\/wp\/v2\/categories?post=55846"},{"taxonomy":"post_tag","embeddable":true,"href":"https:\/\/wiy.com.br\/noticias\/wp-json\/wp\/v2\/tags?post=55846"}],"curies":[{"name":"wp","href":"https:\/\/api.w.org\/{rel}","templated":true}]}}