{"id":55645,"date":"2023-02-26T15:18:15","date_gmt":"2023-02-26T18:18:15","guid":{"rendered":"https:\/\/wiy.com.br\/noticias\/hamilton-mourao-ideologia-de-lado-pragmatismo-acima-de-tudo\/"},"modified":"2020-07-21T12:12:14","modified_gmt":"2020-07-21T15:12:14","slug":"hamilton-mourao-ideologia-de-lado-pragmatismo-acima-de-tudo","status":"publish","type":"post","link":"https:\/\/wiy.com.br\/noticias\/hamilton-mourao-ideologia-de-lado-pragmatismo-acima-de-tudo\/","title":{"rendered":"Hamilton Mour\u00e3o: ideologia de lado, pragmatismo acima de tudo"},"content":{"rendered":"<p> <br \/>\n<\/p>\n<p><span>O vice-presidente da Rep\u00fablica, <strong>Hamilton Mour\u00e3o<\/strong>, \u00e9 adepto do pragmatismo. Em live realizado no <strong>1\u2070 F\u00f3rum Digital e Empreendedorismo<\/strong>, ele defendeu os esfor\u00e7os recentes do presidente <a href=\"https:\/\/exame.com\/noticias-sobre\/jair-bolsonaro\/\">Jair Bolsonaro<\/a>\u00a0para atrair os partidos de centro e formar uma base parlamentar. \u201cPara mim, presidencialismo de coaliz\u00e3o \u00e9 pleonasmo\u201d, disse o vice-presidente. \u201cSem coaliz\u00e3o o presidente n\u00e3o governa\u201d.\u00a0<\/span><\/p>\n<p><span>Em sua avalia\u00e7\u00e3o, a estrat\u00e9gia de se relacionar com o Legislativo por meio de bancadas tem\u00e1ticas, adotada pelo governo no ano passado, n\u00e3o deu certo. Na virada do ano, Bolsonaro entendeu que precisaria formar uma alian\u00e7a com o chamado \u201ccentr\u00e3o\u201d, grupo difuso que re\u00fane partidos n\u00e3o alinhados com as for\u00e7as dominantes no Congresso. A partir da\u00ed, as conex\u00f5es come\u00e7aram a fluir. \u201cO presidente entendeu que parar no cercadinho para discutir abobrinha e tentar pautar a imprensa n\u00e3o leva a nada\u201d, afirmou.\u00a0<\/span><\/p>\n<\/p>\n<p><span>A Amaz\u00f4nia foi o tem de boa parte do debate, que contou com as presen\u00e7as de Nelson Jobim, ex-ministro da Justi\u00e7a, e Claudia Papa Scarpa, vice-presidente da seguradora Generali. Segundo Mour\u00e3o, a regi\u00e3o amaz\u00f4nica deve ser compreendida a partir da sua enorme complexidade. H\u00e1 uma falta cr\u00f4nica de infraestrutura, o que deixa boa parte do seu territ\u00f3rio sem integra\u00e7\u00e3o com o restante do Pa\u00eds.<\/span><\/p>\n<p>&nbsp;<\/p>\n<p><span>\u201cOs europeus n\u00e3o t\u00eam a dimens\u00e3o disso\u201d, afirmou o vice-presidente. \u201cO nosso projeto inclui a repress\u00e3o ao desmatamento. Mas s\u00f3 isso n\u00e3o basta. \u00c9 preciso considerar o zoneamento ecol\u00f3gico, com a regulariza\u00e7\u00e3o fundi\u00e1ria, a infraestrutura e a bioeconomia\u201d. Existem, atualmente, 120 mil propriedades n\u00e3o regularizadas na regi\u00e3o, de acordo com Mour\u00e3o. Sem a possibilidade de financiamento, esses fazendeiros optaram por atividades predat\u00f3rias. Como resultado, a produtividade \u00e9 muito baixa. \u201cNa m\u00e9dia, o Brasil coloca 8 ou 9 cabe\u00e7as de gado por hectare de terra. Na Amaz\u00f4nia \u00e9 uma cabe\u00e7a por hectare\u201d, afirmou.<\/span><\/p>\n<aside>\n<div class=\"widget-news widget-box no-margin no-border\"><span class=\"widget-news-title content-box-title\">Veja tamb\u00e9m<\/span><\/p>\n<ul class=\"widget-news-list\">\n<li class=\"widget-news-item without-thumb with-border\">\n<div class=\"widget-news-info\"><a href=\"http:\/\/exame.com\/brasil\">BRASIL<\/a><span class=\"widget-news-item-title\"><a href=\"https:\/\/exame.com\/brasil\/governo-vive-pressao-em-relacao-a-queimadas-e-desmatamento-diz-mourao\/\">Governo vive press\u00e3o em rela\u00e7\u00e3o a queimadas e desmatamento, diz Mour\u00e3o<\/a><\/span><span class=\"widget-news-item-date\">15 jul 2020 &#8211; 12h07<\/span><\/div>\n<\/li>\n<\/ul>\n<\/div>\n<\/aside>\n<p><b>EUA versus China<\/b><\/p>\n<p><span>A<a href=\"https:\/\/exame.com\/noticias-sobre\/eleicoes-americanas\/\"> elei\u00e7\u00e3o americana<\/a> \u00e9 outro ponto de aten\u00e7\u00e3o do vice-presidente. Ele considera a possibilidade de uma vit\u00f3ria do democrata Joe Biden em novembro, o que mudaria o enfoque da maior economia do mundo em rela\u00e7\u00e3o ao Brasil. Mour\u00e3o explicou que a ascens\u00e3o da China, desde os anos 60, culminou com a atual amea\u00e7a \u00e0 hegemonia americana por parte dos asi\u00e1ticos. As consequ\u00eancias econ\u00f4micas e geopol\u00edticas desse processo \u00e9 que levaram \u00e0 elei\u00e7\u00e3o de Donald Trump.\u00a0<\/span><\/p>\n<p><span>Para o Brasil, o importante \u00e9 estar bem com as duas pot\u00eancias. \u201cOs Estados Unidos s\u00e3o os l\u00edderes do Ocidente, do qual fazemos parte. Temos uma alinhamento ideol\u00f3gico. Mas, a China \u00e9 nosso maior parceiro comercial. Precisamos nos relacionar com um sem romper com o outro\u201d, afirmou Mour\u00e3o. \u201cIdeologia de lado, pragmatismo acima de tudo\u201d.\u00a0<\/span><\/p>\n<p>The post <a rel=\"nofollow\" href=\"https:\/\/exame.com\/brasil\/hamilton-mourao-ideologia-de-lado-pragmatismo-acima-de-tudo\/\">Hamilton Mour\u00e3o: ideologia de lado, pragmatismo acima de tudo<\/a> appeared first on <a rel=\"nofollow\" href=\"https:\/\/exame.com\">Exame<\/a>.<\/p>\n<p><br \/>\n<br \/><a href=\"https:\/\/exame.com\/brasil\/hamilton-mourao-ideologia-de-lado-pragmatismo-acima-de-tudo\/\">Fonte do artigo <\/a><br \/>\nTags:<br \/>\n#politica #political #negocios #business #marketingdigital #empreendedorismo #marketing #emprendedores #empreender #sucesso #empresas #emprendimiento #emprendedor #empreendedor #emprender #dinheiro #dinero #empresario #vendas #liderazgo #motivacion #foco #motivacao #negocio #brasil<\/p>\n","protected":false},"excerpt":{"rendered":"<p>O vice-presidente da Rep\u00fablica, Hamilton Mour\u00e3o, \u00e9 adepto do pragmatismo. Em live realizado no 1\u2070 F\u00f3rum Digital e Empreendedorismo, ele defendeu os esfor\u00e7os recentes do presidente Jair Bolsonaro\u00a0para atrair os partidos de centro e formar uma base parlamentar. \u201cPara mim, presidencialismo de coaliz\u00e3o \u00e9 pleonasmo\u201d, disse o vice-presidente. \u201cSem coaliz\u00e3o o presidente n\u00e3o governa\u201d.\u00a0 Em [&hellip;]<\/p>\n","protected":false},"author":1,"featured_media":55646,"comment_status":"open","ping_status":"open","sticky":false,"template":"","format":"standard","meta":{"footnotes":""},"categories":[1],"tags":[],"class_list":["post-55645","post","type-post","status-publish","format-standard","has-post-thumbnail","hentry","category-curso-de-copy"],"_links":{"self":[{"href":"https:\/\/wiy.com.br\/noticias\/wp-json\/wp\/v2\/posts\/55645","targetHints":{"allow":["GET"]}}],"collection":[{"href":"https:\/\/wiy.com.br\/noticias\/wp-json\/wp\/v2\/posts"}],"about":[{"href":"https:\/\/wiy.com.br\/noticias\/wp-json\/wp\/v2\/types\/post"}],"author":[{"embeddable":true,"href":"https:\/\/wiy.com.br\/noticias\/wp-json\/wp\/v2\/users\/1"}],"replies":[{"embeddable":true,"href":"https:\/\/wiy.com.br\/noticias\/wp-json\/wp\/v2\/comments?post=55645"}],"version-history":[{"count":0,"href":"https:\/\/wiy.com.br\/noticias\/wp-json\/wp\/v2\/posts\/55645\/revisions"}],"wp:featuredmedia":[{"embeddable":true,"href":"https:\/\/wiy.com.br\/noticias\/wp-json\/wp\/v2\/media\/55646"}],"wp:attachment":[{"href":"https:\/\/wiy.com.br\/noticias\/wp-json\/wp\/v2\/media?parent=55645"}],"wp:term":[{"taxonomy":"category","embeddable":true,"href":"https:\/\/wiy.com.br\/noticias\/wp-json\/wp\/v2\/categories?post=55645"},{"taxonomy":"post_tag","embeddable":true,"href":"https:\/\/wiy.com.br\/noticias\/wp-json\/wp\/v2\/tags?post=55645"}],"curies":[{"name":"wp","href":"https:\/\/api.w.org\/{rel}","templated":true}]}}