{"id":55578,"date":"2023-02-26T14:59:52","date_gmt":"2023-02-26T17:59:52","guid":{"rendered":"https:\/\/wiy.com.br\/noticias\/antigo-predio-da-fnac-em-pinheiros-sera-unidade-da-prevent-senior\/"},"modified":"2020-07-20T16:51:09","modified_gmt":"2020-07-20T19:51:09","slug":"antigo-predio-da-fnac-em-pinheiros-sera-unidade-da-prevent-senior","status":"publish","type":"post","link":"https:\/\/wiy.com.br\/noticias\/antigo-predio-da-fnac-em-pinheiros-sera-unidade-da-prevent-senior\/","title":{"rendered":"Antigo pr\u00e9dio da Fnac em Pinheiros ser\u00e1 unidade da Prevent Senior"},"content":{"rendered":"<p> <br \/>\n<\/p>\n<p>O pr\u00e9dio que foi ocupado pela <strong>Fnac em Pinheiros<\/strong>, na <span>Pra\u00e7a dos Omagu\u00e1s, vai virar um ambulat\u00f3rio da <strong>Prevent Senior<\/strong>. O local estava vazio desde 2018, quando a livraria e loja de produtos eletr\u00f4nicos <a href=\"https:\/\/vejasp.abril.com.br\/blog\/liquidacao-cia\/fnac-pinheiros-fecha\/\">deixou de funcionar<\/a>.\u00a0 <\/span>Segundo a operadora de sa\u00fade, a unidade ter\u00e1 capacidade para 2 100 consultas di\u00e1rias, em todas as especialidades m\u00e9dicas, para atender a conveniados. O projeto faz parte da expans\u00e3o da rede na capital paulista, que inclui a inaugura\u00e7\u00e3o de outros tr\u00eas hospitais, com investimento de R$ 350 milh\u00f5es.<\/p>\n<p>A abertura do ambulat\u00f3rio em Pinheiros est\u00e1 prevista para outubro.<\/p>\n<p>Na fachada do im\u00f3vel, h\u00e1 uma obra do <a href=\"https:\/\/vejasp.abril.com.br\/blog\/arte-ao-redor\/mural-kobra-coronavirus\/\">grafiteiro <strong>Kobra<\/strong><\/a>, os rostos do cantor e compositor Chico Buarque e do escritor Ariano Suassuna, que faleceu em 2014 e \u00e9 o autor, entre outros, de &#8220;Auto da Compadecida&#8221;. De acordo com a assessoria da Prevent Senior, o grafite, que preexistia \u00e0 loca\u00e7\u00e3o do edif\u00edcio, ser\u00e1 preservado. &#8220;O mural continua intacto por tr\u00e1s da fachada ventilada met\u00e1lica, instalada na lateral do pr\u00e9dio durante as obras. Para o local, a empresa estuda novas possibilidades de incentivo \u00e0 cultura. Vale lembrar que Pinheiros faz parte do c\u00edrculo cultural da Prevent Senior, que mant\u00e9m no bairro seu teatro dentro do Instituto Tomie Ohtake&#8221;, afirma nota.<\/p>\n<figure><img title = \"[Tags]\"alt = \"chicoeariano Antigo pr\u00e9dio da Fnac em Pinheiros ser\u00e1 unidade da Prevent Senior\"decoding=\"async\" src=\"https:\/\/vejasp.abril.com.br\/wp-content\/uploads\/2020\/07\/chicoeariano.jpg\" \/><figcaption>Mural Chico e Ariano na Fnac Pinheiros, feito pelo Kobra<span class=\"copyright\">Reprodu\u00e7\u00e3o\/Reprodu\u00e7\u00e3o<\/span><\/figcaption><\/figure>\n<p>A Fnac de Pinheiros foi a primeira loja da rede francesa a funcionar no Brasil e foi inaugurada em 1999. \u00c0 epoca do fechamento, em junho de 2018, a Livraria Cultura, respons\u00e1vel pela marca no pa\u00eds, alegou que havia sido feito &#8220;um aprofundado estudo de viabilidade econ\u00f4mico-financeiro e constatou que a loja era deficit\u00e1ria&#8221;. Nos meses seguintes, as outras unidades, na Avenida Paulista e no Shopping Morumbi, tamb\u00e9m foram descontinuadas.<\/p>\n<div class=\"ads post-ads\"><span class=\"title\">Continua ap\u00f3s a publicidade<\/span><\/p>\n<div id=\"abrAD_rectangle2\" class=\"abrAD\" data-ad-><\/div>\n<\/div>\n<div class=\"block related-posts\">\n<ul class=\"block-menu\">\n<li data-tab=\"tab-1\" class=\"active\">Relacionadas<\/li>\n<li data-tab=\"tab-2\">Mais Lidas<\/li>\n<\/ul>\n<div id=\"tab-1\" class=\"block-content active\">\n<div class=\"row\">\n<li class=\"widget-news-item without-thumb with-border\">\n<div class=\"widget-news-info\"><a href=\"http:\/\/vejasp.abril.com.br\/cultura-lazer\">Cultura &amp; Lazer<\/a><span class=\"widget-news-item-title\"><a href=\"https:\/\/vejasp.abril.com.br\/cultura-lazer\/rita-lobo-monica-salmaso-quarentena\/\">Rita Lobo e M\u00f4nica Salmaso s\u00e3o as rainhas da quarentena na internet<\/a><\/span><span class=\"widget-news-item-date\">17 Jul 2020 &#8211; 06h07<\/span><\/div>\n<\/li>\n<\/div>\n<\/div>\n<div id=\"tab-2\" class=\"block-content\">\n<div class=\"row\">\n<div class=\"col-s-12 col-l-3\"><a href=\"https:\/\/vejasp.abril.com.br\/cultura-lazer\/ricardo-eletro-luciano-huck\/\" class=\"card\"><span class=\"category hide-s\">Cultura &amp; Lazer<\/span><img title = \"[Tags]\"data-src=\"https:\/\/vejasp.abril.com.br\/wp-content\/uploads\/2020\/07\/huck-ricardo-600x402-1.jpg?quality=70&amp;strip=info&amp;w=294&amp;h=200&amp;crop=1\"alt = \"chicoeariano Antigo pr\u00e9dio da Fnac em Pinheiros ser\u00e1 unidade da Prevent Senior\" class=\"lazyload media\" style=\"max-width:100%\"><span class=\"category hide-l\">Cultura &amp; Lazer<\/span><span class=\"title\"><strong>1<\/strong>Ap\u00f3s pris\u00e3o de fundador da Ricardo Eletro, internautas cobram Luciano Huck<\/span><\/a><\/div>\n<div class=\"col-s-12 col-l-3\"><a href=\"https:\/\/vejasp.abril.com.br\/blog\/astrologia\/previsoes-para-todos-os-signos-de-22-a-28-de-junho\/\" class=\"card\"><span class=\"category hide-s\">Cultura &amp; Lazer<\/span><img title = \"[Tags]\"data-src=\"https:\/\/vejasp.abril.com.br\/wp-content\/uploads\/2020\/06\/MERYLSTREEP2020.png?w=294&amp;h=200&amp;crop=1\"alt = \"chicoeariano Antigo pr\u00e9dio da Fnac em Pinheiros ser\u00e1 unidade da Prevent Senior\" class=\"lazyload media\" style=\"max-width:100%\"><span class=\"category hide-l\">Cultura &amp; Lazer<\/span><span class=\"title\"><strong>2<\/strong>Previs\u00f5es para todos os signos: de 22 a 28 de junho<\/span><\/a><\/div>\n<div class=\"col-s-12 col-l-3\"><a href=\"https:\/\/vejasp.abril.com.br\/blog\/astrologia\/previsoes-para-todos-os-signos-de-29-de-junho-a-5-de-julho\/\" class=\"card\"><span class=\"category hide-s\">Cultura &amp; Lazer<\/span><img title = \"[Tags]\"data-src=\"https:\/\/vejasp.abril.com.br\/wp-content\/uploads\/2020\/06\/MRB.jpg?quality=70&amp;strip=info&amp;w=294&amp;h=200&amp;crop=1\"alt = \"chicoeariano Antigo pr\u00e9dio da Fnac em Pinheiros ser\u00e1 unidade da Prevent Senior\" class=\"lazyload media\" style=\"max-width:100%\"><span class=\"category hide-l\">Cultura &amp; Lazer<\/span><span class=\"title\"><strong>3<\/strong>Previs\u00f5es para todos os signos: de 29 de junho a 5 de julho<\/span><\/a><\/div>\n<div class=\"col-s-12 col-l-3\"><a href=\"https:\/\/vejasp.abril.com.br\/blog\/arnaldo-lorencato\/marcel-fim-restaurante-frances-bistro\/\" class=\"card\"><span class=\"category hide-s\">Comida &amp; Bebida<\/span><img title = \"[Tags]\"data-src=\"https:\/\/vejasp.abril.com.br\/wp-content\/uploads\/2020\/07\/sufle-marcel.png?w=294&amp;h=200&amp;crop=1\"alt = \"chicoeariano Antigo pr\u00e9dio da Fnac em Pinheiros ser\u00e1 unidade da Prevent Senior\" class=\"lazyload media\" style=\"max-width:100%\"><span class=\"category hide-l\">Comida &amp; Bebida<\/span><span class=\"title\"><strong>4<\/strong>Marcel: o ponto final na hist\u00f3ria de um dos restaurantes franceses mais tradicionais de SP<\/span><\/a><\/div>\n<\/div>\n<\/div>\n<\/div>\n<p><strong>OU\u00c7A O PODCAST JORNADA DA CALMA<\/strong><\/p>\n<\/p>\n<p>&nbsp;<\/p>\n<p><br \/>\n<br \/><a href=\"https:\/\/vejasp.abril.com.br\/cidades\/antigo-predio-da-fnac-em-pinheiros-sera-unidade-da-prevent-senior\/\">Fonte do Artigo <\/a><br \/>\nTags:<br \/>\n#loterias #loteriascaixa #megasena #resultadoapostas#noticias #noticiario  #noticia #brasil #noticiascolombia #mundo #esporte #colombia #noticiadeld #ltimasnoticias  #noticiario #noticiasregionales #noticiasdepartamentales #noticiashoy #esportes #noticiaahora #elinformantenoticias #noticiasdeboyac  #esporteinterativo #esportivo #diariodosesportes  #noticiero  #jogodefutebol #jogos #loto #apostas<\/p>\n","protected":false},"excerpt":{"rendered":"<p>O pr\u00e9dio que foi ocupado pela Fnac em Pinheiros, na Pra\u00e7a dos Omagu\u00e1s, vai virar um ambulat\u00f3rio da Prevent Senior. O local estava vazio desde 2018, quando a livraria e loja de produtos eletr\u00f4nicos deixou de funcionar.\u00a0 Segundo a operadora de sa\u00fade, a unidade ter\u00e1 capacidade para 2 100 consultas di\u00e1rias, em todas as especialidades [&hellip;]<\/p>\n","protected":false},"author":1,"featured_media":55579,"comment_status":"open","ping_status":"open","sticky":false,"template":"","format":"standard","meta":{"footnotes":""},"categories":[1],"tags":[],"class_list":["post-55578","post","type-post","status-publish","format-standard","has-post-thumbnail","hentry","category-curso-de-copy"],"_links":{"self":[{"href":"https:\/\/wiy.com.br\/noticias\/wp-json\/wp\/v2\/posts\/55578","targetHints":{"allow":["GET"]}}],"collection":[{"href":"https:\/\/wiy.com.br\/noticias\/wp-json\/wp\/v2\/posts"}],"about":[{"href":"https:\/\/wiy.com.br\/noticias\/wp-json\/wp\/v2\/types\/post"}],"author":[{"embeddable":true,"href":"https:\/\/wiy.com.br\/noticias\/wp-json\/wp\/v2\/users\/1"}],"replies":[{"embeddable":true,"href":"https:\/\/wiy.com.br\/noticias\/wp-json\/wp\/v2\/comments?post=55578"}],"version-history":[{"count":0,"href":"https:\/\/wiy.com.br\/noticias\/wp-json\/wp\/v2\/posts\/55578\/revisions"}],"wp:featuredmedia":[{"embeddable":true,"href":"https:\/\/wiy.com.br\/noticias\/wp-json\/wp\/v2\/media\/55579"}],"wp:attachment":[{"href":"https:\/\/wiy.com.br\/noticias\/wp-json\/wp\/v2\/media?parent=55578"}],"wp:term":[{"taxonomy":"category","embeddable":true,"href":"https:\/\/wiy.com.br\/noticias\/wp-json\/wp\/v2\/categories?post=55578"},{"taxonomy":"post_tag","embeddable":true,"href":"https:\/\/wiy.com.br\/noticias\/wp-json\/wp\/v2\/tags?post=55578"}],"curies":[{"name":"wp","href":"https:\/\/api.w.org\/{rel}","templated":true}]}}