{"id":5540,"date":"2023-02-26T15:52:31","date_gmt":"2023-02-26T18:52:31","guid":{"rendered":"https:\/\/wiy.com.br\/noticias\/manifestantes-pedem-justica-apos-morte-de-jovem-por-seguranca\/"},"modified":"2019-02-17T21:11:54","modified_gmt":"2019-02-18T00:11:54","slug":"manifestantes-pedem-justica-apos-morte-de-jovem-por-seguranca","status":"publish","type":"post","link":"https:\/\/wiy.com.br\/noticias\/manifestantes-pedem-justica-apos-morte-de-jovem-por-seguranca\/","title":{"rendered":"Manifestantes pedem Justi\u00e7a ap\u00f3s morte de jovem por seguran\u00e7a"},"content":{"rendered":"<p> <br \/>\n<\/p>\n<p>Rio de Janeiro e S\u00e3o Paulo &#8211; Centenas de pessoas protestaram hoje (17) em rep\u00fadio \u00e0 morte do jovem Pedro Gonzaga, de 19 anos, asfixiado na frente da pr\u00f3pria m\u00e3e, por um dos seguran\u00e7as do supermercado <a href=\"https:\/\/exame.abril.com.br\/noticias-sobre\/extra\/\" target=\"_blank\" rel=\"noopener noreferrer\"><strong>Extra<\/strong><\/a>, na Barra da Tijuca, no \u00faltimo dia 14. O chamado foi feito pelas redes sociais.<\/p>\n<p>De iniciativa popular, a organiza\u00e7\u00e3o chamava \u201cativistas, jovens negros, pessoas emp\u00e1ticas \u00e0 luta negra, todos os indignados\u201d a comparecerem em unidades do Extra em diversas capitais do pa\u00eds.<\/p>\n<p>\u201cQueremos Justi\u00e7a: a rede Extra precisa atuar de alguma forma contra o genoc\u00eddio da popula\u00e7\u00e3o negra, apoiando a\u00e7\u00f5es e institui\u00e7\u00f5es, para que jovens negros n\u00e3o sejam mais mortos como se suas vidas n\u00e3o valessem nada\u201d, diziam no <a href=\"https:\/\/exame.abril.com.br\/noticias-sobre\/facebook\/\" target=\"_blank\" rel=\"noopener noreferrer\"><strong>Facebook<\/strong><\/a> os organizadores da manifesta\u00e7\u00e3o.<\/p>\n<div class=\"widget-news widget-box no-margin no-border\"><span class=\"widget-news-title content-box-title\">Veja tamb\u00e9m<\/span><\/p>\n<ul class=\"widget-news-list\">\n<li class=\"widget-news-item without-thumb with-border\">\n<div class=\"widget-news-info\"><a href=\"http:\/\/exame.abril.com.br\/negocios\">NEG\u00d3CIOS<\/a><span class=\"widget-news-item-title\"><a href=\"https:\/\/exame.abril.com.br\/negocios\/precisamos-falar-sobre-o-racismo-e-a-violencia-dos-segurancas-do-extra\/\">Precisamos falar sobre o racismo e a viol\u00eancia dos seguran\u00e7as do Extra<\/a><\/span><span class=\"widget-news-item-date\">15 fev 2019 &#8211; 16h02<\/span><\/div>\n<\/li>\n<li class=\"widget-news-item without-thumb with-border\">\n<div class=\"widget-news-info\"><a href=\"http:\/\/exame.abril.com.br\/negocios\">NEG\u00d3CIOS<\/a><span class=\"widget-news-item-title\"><a href=\"https:\/\/exame.abril.com.br\/negocios\/homem-de-19-anos-e-morto-por-seguranca-em-supermercado-extra-no-rio\/\">Homem de 19 anos \u00e9 morto por seguran\u00e7a em supermercado Extra no Rio<\/a><\/span><span class=\"widget-news-item-date\">15 fev 2019 &#8211; 08h02<\/span><\/div>\n<\/li>\n<\/ul>\n<\/div>\n<p>Pedro Gonzaga foi morto pelo seguran\u00e7a Davi Ricardo Moreira Am\u00e2ncio, na \u00faltima quinta-feira (14), por asfixia, diante de sua m\u00e3e, ap\u00f3s ter sido imobilizado.<\/p>\n<p>O caso foi registrado na Delegacia de Homic\u00eddios para onde o seguran\u00e7a foi levado preso e liberado ap\u00f3s pagar fian\u00e7a de R$ 10 mil. Ele deve ser indiciado por homic\u00eddio culposo (sem inten\u00e7\u00e3o de matar).<\/p>\n<p>O corpo do jovem foi <a href=\"http:\/\/agenciabrasil.ebc.com.br\/geral\/noticia\/2019-02\/rapaz-sufocado-em-supermercado-e-enterrado-no-rio\">enterrado<\/a> nesse s\u00e1bado (16), no Cemit\u00e9rio Jardim da Saudade, em Paci\u00eancia, zona oeste do <a href=\"https:\/\/exame.abril.com.br\/noticias-sobre\/rio-de-janeiro\/\" target=\"_blank\" rel=\"noopener noreferrer\"><strong>Rio<\/strong><\/a>.<\/p>\n<h3>Rio de Janeiro<\/h3>\n<p>Em frente ao Hipermercado Extra, na Barra da Tijuca, onde ocorreu o caso, faixas com as frases \u201cJovem Negro Vive!\u201d e \u201cPedro Gonzaga, presente!\u201d, eram erguidas pelos manifestantes.<\/p>\n<h3>S\u00e3o Paulo<\/h3>\n<p>O evento foi organizado por diversas entidades, principalmente do movimento negro e estudantil, entre eles, a Uni\u00e3o Nacional dos Estudantes (UNE) e da Coordena\u00e7\u00e3o Nacional de Entidades Negras (Conen).<\/p>\n<p>\u201cVidas negras importam\u201d e \u201cparem de nos matar\u201d foram alguns dos gritos entoados pelos manifestantes em S\u00e3o Paulo.<\/p>\n<p>\u201c\u00c9 um ato tamb\u00e9m que a gente convocou para poder denunciar o processo de genoc\u00eddio da juventude negra porque o caso foi considerado como homic\u00eddio culposo, quando n\u00e3o h\u00e1 inten\u00e7\u00e3o de matar, mas entendemos que houve sim inten\u00e7\u00e3o de matar porque o racismo estrutural faz com que as pessoas vejam o corpo negro sempre como inimigo e com menos valor\u201d, disse Marcos Paulo Silva de Jesus, um dos manifestantes do ato em S\u00e3o Paulo e integrante da Uni\u00e3o da Juventude Socialista (UJS).<\/p>\n<h3>V\u00eddeo<\/h3>\n<p>Um v\u00eddeo gravado por testemunhas mostra o seguran\u00e7a sobre o corpo de jovem, j\u00e1 imobilizado, mesmo depois que pessoas presentes ao supermercado o alertaram de que ele tinha parado de se mexer e estava ficando roxo.<\/p>\n<p>Houve indigna\u00e7\u00e3o nas redes sociais e internautas chegaram a afirmar que Pedro, por ser negro, havia sido v\u00edtima de racismo.<\/p>\n<h3>Outro lado<\/h3>\n<p>Em nota, a rede de supermercados Extra repudiou, com \u201cveem\u00eancia\u201d a a\u00e7\u00e3o do seguran\u00e7a ou qualquer ato de viol\u00eancia em suas lojas. O texto diz ainda que a empresa abriu investiga\u00e7\u00e3o interna para apurar o caso e que os seguran\u00e7as envolvidos foram afastados.<\/p>\n<p><br \/>\n<br \/><a href=\"https:\/\/exame.abril.com.br\/brasil\/manifestantes-pedem-justica-apos-morte-de-jovem-por-seguranca\/\">Source link <\/a><\/p>\n","protected":false},"excerpt":{"rendered":"<p>Rio de Janeiro e S\u00e3o Paulo &#8211; Centenas de pessoas protestaram hoje (17) em rep\u00fadio \u00e0 morte do jovem Pedro Gonzaga, de 19 anos, asfixiado na frente da pr\u00f3pria m\u00e3e, por um dos seguran\u00e7as do supermercado Extra, na Barra da Tijuca, no \u00faltimo dia 14. O chamado foi feito pelas redes sociais. De iniciativa popular, [&hellip;]<\/p>\n","protected":false},"author":1,"featured_media":5541,"comment_status":"open","ping_status":"open","sticky":false,"template":"","format":"standard","meta":{"footnotes":""},"categories":[337],"tags":[],"class_list":["post-5540","post","type-post","status-publish","format-standard","has-post-thumbnail","hentry","category-noticias"],"_links":{"self":[{"href":"https:\/\/wiy.com.br\/noticias\/wp-json\/wp\/v2\/posts\/5540","targetHints":{"allow":["GET"]}}],"collection":[{"href":"https:\/\/wiy.com.br\/noticias\/wp-json\/wp\/v2\/posts"}],"about":[{"href":"https:\/\/wiy.com.br\/noticias\/wp-json\/wp\/v2\/types\/post"}],"author":[{"embeddable":true,"href":"https:\/\/wiy.com.br\/noticias\/wp-json\/wp\/v2\/users\/1"}],"replies":[{"embeddable":true,"href":"https:\/\/wiy.com.br\/noticias\/wp-json\/wp\/v2\/comments?post=5540"}],"version-history":[{"count":0,"href":"https:\/\/wiy.com.br\/noticias\/wp-json\/wp\/v2\/posts\/5540\/revisions"}],"wp:featuredmedia":[{"embeddable":true,"href":"https:\/\/wiy.com.br\/noticias\/wp-json\/wp\/v2\/media\/5541"}],"wp:attachment":[{"href":"https:\/\/wiy.com.br\/noticias\/wp-json\/wp\/v2\/media?parent=5540"}],"wp:term":[{"taxonomy":"category","embeddable":true,"href":"https:\/\/wiy.com.br\/noticias\/wp-json\/wp\/v2\/categories?post=5540"},{"taxonomy":"post_tag","embeddable":true,"href":"https:\/\/wiy.com.br\/noticias\/wp-json\/wp\/v2\/tags?post=5540"}],"curies":[{"name":"wp","href":"https:\/\/api.w.org\/{rel}","templated":true}]}}