{"id":55263,"date":"2023-02-26T15:09:33","date_gmt":"2023-02-26T18:09:33","guid":{"rendered":"https:\/\/wiy.com.br\/noticias\/as-novas-datas-do-enem-2020\/"},"modified":"2020-07-16T12:39:00","modified_gmt":"2020-07-16T15:39:00","slug":"as-novas-datas-do-enem-2020","status":"publish","type":"post","link":"https:\/\/wiy.com.br\/noticias\/as-novas-datas-do-enem-2020\/","title":{"rendered":"As novas datas do Enem 2020"},"content":{"rendered":"<p> <br \/>\n<\/p>\n<p>O Exame Nacional do Ensino M\u00e9dio foi <strong>remarcado para os dias 17 e 24 de janeiro, na sua vers\u00e3o impressa<\/strong>.\u00a0<strong>A vers\u00e3o digital do exame ser\u00e1 aplicada\u00a0nos dias 31 de janeiro e 7 de fevereiro<\/strong>. <strong>J\u00e1 a reaplica\u00e7\u00e3o das provas est\u00e1 marcada agora para os dias 24 e 25 de fevereiro do ano que vem. Os resultados ser\u00e3o divulgados no dia 29 de mar\u00e7o.<\/strong><\/p>\n<p>Segundo o presidente do Inep, Alexandre Lopes, ser\u00e3o adotadas medidas sanit\u00e1rias durante a aplica\u00e7\u00e3o das provas, como uso de \u00e1lcool gel e distanciamento adequado entre os estudantes. Os protocolos sanit\u00e1rios para aplica\u00e7\u00e3o das provas v\u00e3o gerar um custo adicional de cerca de R$ 70 milh\u00f5es para o governo federal, informou Lopes.<\/p>\n<p>&#8220;Estamos prontos para fazer essa execu\u00e7\u00e3o em janeiro. J\u00e1 estamos adotando as medidas necess\u00e1rias, junto ao cons\u00f3rcio aplicador, para garantir a seguran\u00e7a sanit\u00e1ria durante a aplica\u00e7\u00e3o da prova, medidas relativas ao uso de \u00e1lcool gel, uso de m\u00e1scara, distanciamento e quantidade a alunos nas salas de aplica\u00e7\u00e3o do exame&#8221;, afirmou Lopes.<\/p>\n<h2>Edi\u00e7\u00e3o extra do Sisu<\/h2>\n<p>O ministro interino da Educa\u00e7\u00e3o destacou que, caso seja um desejo das institui\u00e7\u00f5es de ensino, o MEC poder\u00e1 abrir um terceiro per\u00edodo de inscri\u00e7\u00f5es no Sistema de Sele\u00e7\u00e3o Unificada (Sisu) em 2020. Normalmente, o Sisu \u00e9 aberto duas vezes no ano, no primeiro e no segundo semestre.<\/p>\n<div class=\"ads post-ads\"><span class=\"title\">Continua ap\u00f3s a publicidade<\/span><\/p>\n<div id=\"abrAD_rectangle2\" class=\"abrAD\" data-ad-><\/div>\n<\/div>\n<p>As inscri\u00e7\u00f5es para o Sistema de Sele\u00e7\u00e3o Unificada\u00a0(Sisu) de 2020 est\u00e3o<span>\u00a0<\/span>abertas at\u00e9 o dia 10 de julho. Ser\u00e3o oferecidas\u00a0mais de\u00a051\u00a0mil\u00a0vagas\u00a0em institui\u00e7\u00f5es de ensino superior do pa\u00eds.<\/p>\n<p>Pela primeira vez,\u00a0al\u00e9m dos cursos de gradua\u00e7\u00e3o presenciais, o Sisu 2020.2 vai ofertar\u00a0vagas na modalidade a dist\u00e2ncia\u00a0(EaD).\u00a0Al\u00e9m de\u00a0ter\u00a0feito o Enem de 2019, os interessados n\u00e3o podem\u00a0ter\u00a0zerado a reda\u00e7\u00e3o. Estudantes que fizeram o\u00a0exame na condi\u00e7\u00e3o de treineiros tamb\u00e9m n\u00e3o podem participar.<\/p>\n<div class=\"block related-posts\">\n<ul class=\"block-menu\">\n<li data-tab=\"tab-1\" class=\"active\">Relacionadas<\/li>\n<li data-tab=\"tab-2\">Mais Lidas<\/li>\n<\/ul>\n<div id=\"tab-1\" class=\"block-content active\">\n<div class=\"row\">\n<li class=\"widget-news-item without-thumb with-border\">\n<div class=\"widget-news-info\"><a href=\"http:\/\/vejasp.abril.com.br\/cidades\">Cidades<\/a><span class=\"widget-news-item-title\"><a href=\"https:\/\/vejasp.abril.com.br\/cidades\/cancelamento-em-massa-de-matriculas-ameaca-escolas-infantis-na-cidade\/\">Cancelamento em massa de matr\u00edculas amea\u00e7a fechar 50% das escolas infantis<\/a><\/span><span class=\"widget-news-item-date\">10 Jul 2020 &#8211; 06h07<\/span><\/div>\n<\/li>\n<li class=\"widget-news-item without-thumb with-border\">\n<div class=\"widget-news-info\"><a href=\"http:\/\/vejasp.abril.com.br\/cidades\">Cidades<\/a><span class=\"widget-news-item-title\"><a href=\"https:\/\/vejasp.abril.com.br\/cidades\/viabilizar-moradia-a-preco-acessivel-deveria-ser-o-legado-da-pandemia\/\">Viabilizar moradia a pre\u00e7o acess\u00edvel deveria ser o legado da pandemia<\/a><\/span><span class=\"widget-news-item-date\">10 Jul 2020 &#8211; 06h07<\/span><\/div>\n<\/li>\n<li class=\"widget-news-item without-thumb with-border\">\n<div class=\"widget-news-info\"><a href=\"http:\/\/vejasp.abril.com.br\/cidades\">Cidades<\/a><span class=\"widget-news-item-title\"><a href=\"https:\/\/vejasp.abril.com.br\/cidades\/professores-criam-metodos-de-ensino-a-distancia-originais-e-divertidos\/\">Professores criam m\u00e9todos de ensino a dist\u00e2ncia originais e divertidos<\/a><\/span><span class=\"widget-news-item-date\">10 Jul 2020 &#8211; 06h07<\/span><\/div>\n<\/li>\n<\/div>\n<\/div>\n<div id=\"tab-2\" class=\"block-content\">\n<div class=\"row\">\n<div class=\"col-s-12 col-l-3\"><a href=\"https:\/\/vejasp.abril.com.br\/cultura-lazer\/ricardo-eletro-luciano-huck\/\" class=\"card\"><span class=\"category hide-s\">Cultura &amp; Lazer<\/span><img title = \"[Tags]\"data-src=\"https:\/\/vejasp.abril.com.br\/wp-content\/uploads\/2020\/07\/huck-ricardo-600x402-1.jpg?quality=70&amp;strip=info&amp;w=294&amp;h=200&amp;crop=1\"alt = \"huck-ricardo-600x402-1 As novas datas do Enem 2020\" class=\"lazyload media\" style=\"max-width:100%\"><span class=\"category hide-l\">Cultura &amp; Lazer<\/span><span class=\"title\"><strong>1<\/strong>Ap\u00f3s pris\u00e3o de fundador da Ricardo Eletro, internautas cobram Luciano Huck<\/span><\/a><\/div>\n<div class=\"col-s-12 col-l-3\"><a href=\"https:\/\/vejasp.abril.com.br\/blog\/astrologia\/previsoes-para-todos-os-signos-de-22-a-28-de-junho\/\" class=\"card\"><span class=\"category hide-s\">Cultura &amp; Lazer<\/span><img title = \"[Tags]\"data-src=\"https:\/\/vejasp.abril.com.br\/wp-content\/uploads\/2020\/06\/MERYLSTREEP2020.png?w=294&amp;h=200&amp;crop=1\"alt = \"huck-ricardo-600x402-1 As novas datas do Enem 2020\" class=\"lazyload media\" style=\"max-width:100%\"><span class=\"category hide-l\">Cultura &amp; Lazer<\/span><span class=\"title\"><strong>2<\/strong>Previs\u00f5es para todos os signos: de 22 a 28 de junho<\/span><\/a><\/div>\n<div class=\"col-s-12 col-l-3\"><a href=\"https:\/\/vejasp.abril.com.br\/blog\/astrologia\/previsoes-para-todos-os-signos-de-29-de-junho-a-5-de-julho\/\" class=\"card\"><span class=\"category hide-s\">Cultura &amp; Lazer<\/span><img title = \"[Tags]\"data-src=\"https:\/\/vejasp.abril.com.br\/wp-content\/uploads\/2020\/06\/MRB.jpg?quality=70&amp;strip=info&amp;w=294&amp;h=200&amp;crop=1\"alt = \"huck-ricardo-600x402-1 As novas datas do Enem 2020\" class=\"lazyload media\" style=\"max-width:100%\"><span class=\"category hide-l\">Cultura &amp; Lazer<\/span><span class=\"title\"><strong>3<\/strong>Previs\u00f5es para todos os signos: de 29 de junho a 5 de julho<\/span><\/a><\/div>\n<div class=\"col-s-12 col-l-3\"><a href=\"https:\/\/vejasp.abril.com.br\/blog\/arnaldo-lorencato\/marcel-fim-restaurante-frances-bistro\/\" class=\"card\"><span class=\"category hide-s\">Comida &amp; Bebida<\/span><img title = \"[Tags]\"data-src=\"https:\/\/vejasp.abril.com.br\/wp-content\/uploads\/2020\/07\/sufle-marcel.png?w=294&amp;h=200&amp;crop=1\"alt = \"huck-ricardo-600x402-1 As novas datas do Enem 2020\" class=\"lazyload media\" style=\"max-width:100%\"><span class=\"category hide-l\">Comida &amp; Bebida<\/span><span class=\"title\"><strong>4<\/strong>Marcel: o ponto final na hist\u00f3ria de um dos restaurantes franceses mais tradicionais de SP<\/span><\/a><\/div>\n<\/div>\n<\/div>\n<\/div>\n<p><br \/>\n<br \/><a href=\"https:\/\/vejasp.abril.com.br\/cidades\/novas-datas-enem-2020\/\">Fonte do Artigo <\/a><br \/>\nTags:<br \/>\n#loterias #loteriascaixa #megasena #resultadoapostas#noticias #noticiario  #noticia #brasil #noticiascolombia #mundo #esporte #colombia #noticiadeld #ltimasnoticias  #noticiario #noticiasregionales #noticiasdepartamentales #noticiashoy #esportes #noticiaahora #elinformantenoticias #noticiasdeboyac  #esporteinterativo #esportivo #diariodosesportes  #noticiero  #jogodefutebol #jogos #loto #apostas<\/p>\n","protected":false},"excerpt":{"rendered":"<p>O Exame Nacional do Ensino M\u00e9dio foi remarcado para os dias 17 e 24 de janeiro, na sua vers\u00e3o impressa.\u00a0A vers\u00e3o digital do exame ser\u00e1 aplicada\u00a0nos dias 31 de janeiro e 7 de fevereiro. J\u00e1 a reaplica\u00e7\u00e3o das provas est\u00e1 marcada agora para os dias 24 e 25 de fevereiro do ano que vem. Os [&hellip;]<\/p>\n","protected":false},"author":1,"featured_media":50664,"comment_status":"open","ping_status":"open","sticky":false,"template":"","format":"standard","meta":{"footnotes":""},"categories":[1],"tags":[],"class_list":["post-55263","post","type-post","status-publish","format-standard","has-post-thumbnail","hentry","category-curso-de-copy"],"_links":{"self":[{"href":"https:\/\/wiy.com.br\/noticias\/wp-json\/wp\/v2\/posts\/55263","targetHints":{"allow":["GET"]}}],"collection":[{"href":"https:\/\/wiy.com.br\/noticias\/wp-json\/wp\/v2\/posts"}],"about":[{"href":"https:\/\/wiy.com.br\/noticias\/wp-json\/wp\/v2\/types\/post"}],"author":[{"embeddable":true,"href":"https:\/\/wiy.com.br\/noticias\/wp-json\/wp\/v2\/users\/1"}],"replies":[{"embeddable":true,"href":"https:\/\/wiy.com.br\/noticias\/wp-json\/wp\/v2\/comments?post=55263"}],"version-history":[{"count":0,"href":"https:\/\/wiy.com.br\/noticias\/wp-json\/wp\/v2\/posts\/55263\/revisions"}],"wp:featuredmedia":[{"embeddable":true,"href":"https:\/\/wiy.com.br\/noticias\/wp-json\/wp\/v2\/media\/50664"}],"wp:attachment":[{"href":"https:\/\/wiy.com.br\/noticias\/wp-json\/wp\/v2\/media?parent=55263"}],"wp:term":[{"taxonomy":"category","embeddable":true,"href":"https:\/\/wiy.com.br\/noticias\/wp-json\/wp\/v2\/categories?post=55263"},{"taxonomy":"post_tag","embeddable":true,"href":"https:\/\/wiy.com.br\/noticias\/wp-json\/wp\/v2\/tags?post=55263"}],"curies":[{"name":"wp","href":"https:\/\/api.w.org\/{rel}","templated":true}]}}