{"id":55157,"date":"2023-02-26T15:27:41","date_gmt":"2023-02-26T18:27:41","guid":{"rendered":"https:\/\/wiy.com.br\/noticias\/justica-de-sao-paulo-decreta-falencia-da-avianca\/"},"modified":"2020-07-15T13:12:13","modified_gmt":"2020-07-15T16:12:13","slug":"justica-de-sao-paulo-decreta-falencia-da-avianca","status":"publish","type":"post","link":"https:\/\/wiy.com.br\/noticias\/justica-de-sao-paulo-decreta-falencia-da-avianca\/","title":{"rendered":"Justi\u00e7a de S\u00e3o Paulo decreta fal\u00eancia da Avianca"},"content":{"rendered":"<p> <br \/>\n<\/p>\n<p>A<strong> Justi\u00e7a de S\u00e3o Paulo<\/strong> <strong>decretou a fal\u00eancia da Avianca Brasil<\/strong>. A empresa, que\u00a0se encontrava em recupera\u00e7\u00e3o judicial desde dezembro de 2018, acumulava d\u00edvidas de mais de R$ 2,7 bilh\u00f5es.<img title = \"[Tags]\"alt = \"ebc Justi\u00e7a de S\u00e3o Paulo decreta fal\u00eancia da Avianca\"decoding=\"async\" src=\"https:\/\/agenciabrasil.ebc.com.br\/ebc.png?id=1311572&amp;o=node\" border=\"0\" \/><\/p>\n<p>Na decis\u00e3o, proferida\u00a0ontem\u00a0(14), o juiz Tiago Limongi, da 1\u00aa Vara de Fal\u00eancias e Recupera\u00e7\u00f5es Judiciais de S\u00e3o Paulo, acatou pedido da pr\u00f3pria empresa que disse que, devido \u00e0 inatividade da companhia a\u00e9rea,\u00a0tornou-se invi\u00e1vel cumprir o plano de recupera\u00e7\u00e3o judicial.<\/p>\n<p>Ao pedir a recupera\u00e7\u00e3o judicial, a empresa disse que, entre os motivos de sua crise econ\u00f4mico-financeira, estavam a forte recessa\u0303o econo\u0302mica enfrentada pelo pai\u0301s desde meados de 2014, aliada ao aumento do combust\u00edvel e a\u0300 variac\u0327a\u0303o do ca\u0302mbio, assim como a greve dos caminhoneiros de maio de 2018, que causaram impacto dr\u00e1stico no seu fluxo de caixa.<\/p>\n<p>Em maio do ano passado, a Avianca deixou de operar voos, ap\u00f3s decis\u00e3o da Ag\u00eancia Nacional de Avia\u00e7\u00e3o Civil (Anac). A medida foi adotada depois de\u00a0a companhia\u00a0ter\u00a0sido for\u00e7ada, por decis\u00f5es judiciais, a devolver os avi\u00f5es de sua frota \u00e0s empresas de\u00a0<em>leasing<\/em>\u00a0propriet\u00e1rias das aeronaves.<\/p>\n<div class=\"ads post-ads\"><span class=\"title\">Continua ap\u00f3s a publicidade<\/span><\/p>\n<div id=\"abrAD_rectangle2\" class=\"abrAD\" data-ad-><\/div>\n<\/div>\n<p>De acordo com o plano de recupera\u00e7\u00e3o judicial, os ativos e<span>\u00a0<\/span><em>slots<\/em><span>\u00a0<\/span>(permiss\u00f5es para operar decolagens e pousos) da Avianca foram divididos em sete Unidades Produtivas Isoladas (UPIs). Seis delas correspondem essencialmente aos<span>\u00a0<\/span><em>slots<\/em><span>\u00a0<\/span>nos aeroportos de Congonhas e Guarulhos (em S\u00e3o Paulo)\u00a0e Santos Dumont (no Rio\u00a0de Janeiro). A outra UPI trata do programa de fidelidade da Avianca, o Amigo.<\/p>\n<p>Em junho do ano passado, a empresa teve a outorga para explora\u00e7\u00e3o de servi\u00e7os a\u00e9reos suspensa pela Anac. O motivo foi o descumprimento do contrato de concess\u00e3o, fazendo com que todos os<span>\u00a0<\/span><em>slots<\/em>\u00a0fossem retomados pela Anac para redistribui\u00e7\u00e3o.<\/p>\n<p>Em julho, a Anac decidiu redistribuir os 41<span>\u00a0<\/span><em>slots<\/em><span>\u00a0<\/span>da Avianca em Congonhas para outras empresas. As novas empresas, Azul, Passaredo e Map conseguiram a autoriza\u00e7\u00e3o para operar os voos em agosto. A decis\u00e3o da Anac enterrou uma das principais estrat\u00e9gias da empresa em seu plano de recupera\u00e7\u00e3o judicial, que era leiloar os<span>\u00a0<\/span><em>slots<\/em><span>\u00a0<\/span>de Congonhas.<\/p>\n<p>Na decis\u00e3o, o magistrado diz que a administradora judicial da Avianca informou sobre o esvaziamento completo da atividade da empresa, &#8220;considerando as ordens judicias que redundaram na retomada de todas as aeronaves da companhia&#8221;, ale\u0301m da redistribuic\u0327a\u0303o administrativas dos\u00a0slots\u00a0que constituiriam as UPIs pela Aanac.<\/p>\n<div class=\"ads post-ads\"><span class=\"title\">Continua ap\u00f3s a publicidade<\/span><\/p>\n<div id=\"abrAD_rectangle3\" class=\"abrAD\" data-ad-><\/div>\n<\/div>\n<p>&#8220;[A Administradora] ressalta que a redistribuic\u0327a\u0303o dos\u00a0slots\u00a0da companhia pela ANAC, esvaziou as UPIs alienadas em cumprimento ao plano de recuperac\u0327a\u0303o judicial, o que redundou na indisponibilidade dos recursos que seriam destinados ao pagamento dos credores. Requereu, assim, a convolac\u0327a\u0303o da recuperac\u0327a\u0303o judicial em fale\u0302ncia&#8221;, acrescentou o juiz que que deu 60 dias para que a empresa apresente a rela\u00e7\u00e3o dos seus ativos.<\/p>\n<div class=\"block related-posts\">\n<ul class=\"block-menu\">\n<li data-tab=\"tab-1\" class=\"active\">Relacionadas<\/li>\n<li data-tab=\"tab-2\">Mais Lidas<\/li>\n<\/ul>\n<div id=\"tab-1\" class=\"block-content active\">\n<div class=\"row\">\n<li class=\"widget-news-item without-thumb with-border\">\n<div class=\"widget-news-info\"><a href=\"http:\/\/vejasp.abril.com.br\/cidades\">Cidades<\/a><span class=\"widget-news-item-title\"><a href=\"https:\/\/vejasp.abril.com.br\/cidades\/paulo-skaf-covid-19\/\">Paulo Skaf, presidente da Fiesp, est\u00e1 internado com Covid-19<\/a><\/span><span class=\"widget-news-item-date\">15 Jul 2020 &#8211; 10h07<\/span><\/div>\n<\/li>\n<li class=\"widget-news-item without-thumb with-border\">\n<div class=\"widget-news-info\"><a href=\"http:\/\/vejasp.abril.com.br\/cultura-lazer\">Cultura &amp; Lazer<\/a><span class=\"widget-news-item-title\"><a href=\"https:\/\/vejasp.abril.com.br\/cultura-lazer\/causa-morte-benjamin-elvis-presley\/\">Aut\u00f3psia confirma causa de morte de Benjamin, neto de Elvis Presley<\/a><\/span><span class=\"widget-news-item-date\">15 Jul 2020 &#8211; 09h07<\/span><\/div>\n<\/li>\n<li class=\"widget-news-item without-thumb with-border\">\n<div class=\"widget-news-info\"><a href=\"http:\/\/vejasp.abril.com.br\/cidades\">Cidades<\/a><span class=\"widget-news-item-title\"><a href=\"https:\/\/vejasp.abril.com.br\/cidades\/jovem-que-encontrou-dedo-em-esfiha-deve-ser-indenizado-diz-idec\/\">Jovem que encontrou dedo em esfiha deve ser indenizado, diz Idec<\/a><\/span><span class=\"widget-news-item-date\">14 Jul 2020 &#8211; 17h07<\/span><\/div>\n<\/li>\n<li class=\"widget-news-item without-thumb with-border\">\n<div class=\"widget-news-info\"><a href=\"http:\/\/vejasp.abril.com.br\/saude\">Sa\u00fade<\/a><span class=\"widget-news-item-title\"><a href=\"https:\/\/vejasp.abril.com.br\/saude\/piracicaba-coronavirus-covid19\/\">Piracicaba preocupa governo por aumento na ocupa\u00e7\u00e3o de leitos<\/a><\/span><span class=\"widget-news-item-date\">14 Jul 2020 &#8211; 16h07<\/span><\/div>\n<\/li>\n<\/div>\n<\/div>\n<div id=\"tab-2\" class=\"block-content\">\n<div class=\"row\">\n<div class=\"col-s-12 col-l-3\"><a href=\"https:\/\/vejasp.abril.com.br\/cultura-lazer\/ricardo-eletro-luciano-huck\/\" class=\"card\"><span class=\"category hide-s\">Cultura &amp; Lazer<\/span><img title = \"[Tags]\"data-src=\"https:\/\/vejasp.abril.com.br\/wp-content\/uploads\/2020\/07\/huck-ricardo-600x402-1.jpg?quality=70&amp;strip=info&amp;w=294&amp;h=200&amp;crop=1\"alt = \"ebc Justi\u00e7a de S\u00e3o Paulo decreta fal\u00eancia da Avianca\" class=\"lazyload media\" style=\"max-width:100%\"><span class=\"category hide-l\">Cultura &amp; Lazer<\/span><span class=\"title\"><strong>1<\/strong>Ap\u00f3s pris\u00e3o de fundador da Ricardo Eletro, internautas cobram Luciano Huck<\/span><\/a><\/div>\n<div class=\"col-s-12 col-l-3\"><a href=\"https:\/\/vejasp.abril.com.br\/blog\/astrologia\/previsoes-para-todos-os-signos-de-22-a-28-de-junho\/\" class=\"card\"><span class=\"category hide-s\">Cultura &amp; Lazer<\/span><img title = \"[Tags]\"data-src=\"https:\/\/vejasp.abril.com.br\/wp-content\/uploads\/2020\/06\/MERYLSTREEP2020.png?w=294&amp;h=200&amp;crop=1\"alt = \"ebc Justi\u00e7a de S\u00e3o Paulo decreta fal\u00eancia da Avianca\" class=\"lazyload media\" style=\"max-width:100%\"><span class=\"category hide-l\">Cultura &amp; Lazer<\/span><span class=\"title\"><strong>2<\/strong>Previs\u00f5es para todos os signos: de 22 a 28 de junho<\/span><\/a><\/div>\n<div class=\"col-s-12 col-l-3\"><a href=\"https:\/\/vejasp.abril.com.br\/blog\/astrologia\/previsoes-para-todos-os-signos-de-29-de-junho-a-5-de-julho\/\" class=\"card\"><span class=\"category hide-s\">Cultura &amp; Lazer<\/span><img title = \"[Tags]\"data-src=\"https:\/\/vejasp.abril.com.br\/wp-content\/uploads\/2020\/06\/MRB.jpg?quality=70&amp;strip=info&amp;w=294&amp;h=200&amp;crop=1\"alt = \"ebc Justi\u00e7a de S\u00e3o Paulo decreta fal\u00eancia da Avianca\" class=\"lazyload media\" style=\"max-width:100%\"><span class=\"category hide-l\">Cultura &amp; Lazer<\/span><span class=\"title\"><strong>3<\/strong>Previs\u00f5es para todos os signos: de 29 de junho a 5 de julho<\/span><\/a><\/div>\n<div class=\"col-s-12 col-l-3\"><a href=\"https:\/\/vejasp.abril.com.br\/blog\/arnaldo-lorencato\/marcel-fim-restaurante-frances-bistro\/\" class=\"card\"><span class=\"category hide-s\">Comida &amp; Bebida<\/span><img title = \"[Tags]\"data-src=\"https:\/\/vejasp.abril.com.br\/wp-content\/uploads\/2020\/07\/sufle-marcel.png?w=294&amp;h=200&amp;crop=1\"alt = \"ebc Justi\u00e7a de S\u00e3o Paulo decreta fal\u00eancia da Avianca\" class=\"lazyload media\" style=\"max-width:100%\"><span class=\"category hide-l\">Comida &amp; Bebida<\/span><span class=\"title\"><strong>4<\/strong>Marcel: o ponto final na hist\u00f3ria de um dos restaurantes franceses mais tradicionais de SP<\/span><\/a><\/div>\n<\/div>\n<\/div>\n<\/div>\n<p><br \/>\n<br \/><a href=\"https:\/\/vejasp.abril.com.br\/cidades\/falencia-avianca\/\">Fonte do Artigo <\/a><br \/>\nTags:<br \/>\n#loterias #loteriascaixa #megasena #resultadoapostas#noticias #noticiario  #noticia #brasil #noticiascolombia #mundo #esporte #colombia #noticiadeld #ltimasnoticias  #noticiario #noticiasregionales #noticiasdepartamentales #noticiashoy #esportes #noticiaahora #elinformantenoticias #noticiasdeboyac  #esporteinterativo #esportivo #diariodosesportes  #noticiero  #jogodefutebol #jogos #loto #apostas<\/p>\n","protected":false},"excerpt":{"rendered":"<p>A Justi\u00e7a de S\u00e3o Paulo decretou a fal\u00eancia da Avianca Brasil. A empresa, que\u00a0se encontrava em recupera\u00e7\u00e3o judicial desde dezembro de 2018, acumulava d\u00edvidas de mais de R$ 2,7 bilh\u00f5es. Na decis\u00e3o, proferida\u00a0ontem\u00a0(14), o juiz Tiago Limongi, da 1\u00aa Vara de Fal\u00eancias e Recupera\u00e7\u00f5es Judiciais de S\u00e3o Paulo, acatou pedido da pr\u00f3pria empresa que disse [&hellip;]<\/p>\n","protected":false},"author":1,"featured_media":54580,"comment_status":"open","ping_status":"open","sticky":false,"template":"","format":"standard","meta":{"footnotes":""},"categories":[1],"tags":[],"class_list":["post-55157","post","type-post","status-publish","format-standard","has-post-thumbnail","hentry","category-curso-de-copy"],"_links":{"self":[{"href":"https:\/\/wiy.com.br\/noticias\/wp-json\/wp\/v2\/posts\/55157","targetHints":{"allow":["GET"]}}],"collection":[{"href":"https:\/\/wiy.com.br\/noticias\/wp-json\/wp\/v2\/posts"}],"about":[{"href":"https:\/\/wiy.com.br\/noticias\/wp-json\/wp\/v2\/types\/post"}],"author":[{"embeddable":true,"href":"https:\/\/wiy.com.br\/noticias\/wp-json\/wp\/v2\/users\/1"}],"replies":[{"embeddable":true,"href":"https:\/\/wiy.com.br\/noticias\/wp-json\/wp\/v2\/comments?post=55157"}],"version-history":[{"count":0,"href":"https:\/\/wiy.com.br\/noticias\/wp-json\/wp\/v2\/posts\/55157\/revisions"}],"wp:featuredmedia":[{"embeddable":true,"href":"https:\/\/wiy.com.br\/noticias\/wp-json\/wp\/v2\/media\/54580"}],"wp:attachment":[{"href":"https:\/\/wiy.com.br\/noticias\/wp-json\/wp\/v2\/media?parent=55157"}],"wp:term":[{"taxonomy":"category","embeddable":true,"href":"https:\/\/wiy.com.br\/noticias\/wp-json\/wp\/v2\/categories?post=55157"},{"taxonomy":"post_tag","embeddable":true,"href":"https:\/\/wiy.com.br\/noticias\/wp-json\/wp\/v2\/tags?post=55157"}],"curies":[{"name":"wp","href":"https:\/\/api.w.org\/{rel}","templated":true}]}}