{"id":55150,"date":"2023-02-26T15:26:16","date_gmt":"2023-02-26T18:26:16","guid":{"rendered":"https:\/\/wiy.com.br\/noticias\/ameacado-ricardo-salles-diz-o-cargo-nao-e-meu-e-do-presidente\/"},"modified":"2020-07-15T12:09:17","modified_gmt":"2020-07-15T15:09:17","slug":"ameacado-ricardo-salles-diz-o-cargo-nao-e-meu-e-do-presidente","status":"publish","type":"post","link":"https:\/\/wiy.com.br\/noticias\/ameacado-ricardo-salles-diz-o-cargo-nao-e-meu-e-do-presidente\/","title":{"rendered":"Amea\u00e7ado, Ricardo Salles diz: o cargo n\u00e3o \u00e9 meu, \u00e9 do presidente"},"content":{"rendered":"<p> <br \/>\n<\/p>\n<p>O ministro do <a href=\"https:\/\/exame.com\/noticias-sobre\/meio-ambiente\/\"><strong>Meio Ambiente<\/strong><\/a>, <a href=\"https:\/\/exame.com\/noticias-sobre\/ricardo-salles\/\"><strong>Ricardo Salles,<\/strong><\/a> se mostrou tranquilo com a press\u00e3o que vem sofrendo para deixar o cargo que ocupa no governo Bolsonaro. Em entrevista \u00e0 GloboNews, na manh\u00e3 desta quarta-feira (15), ele afirmou que vai continuar na pasta enquanto o presidente Jair Bolsonaro quiser e priorizar\u00e1 o projeto da bioeconomia &#8211; uso dos recursos naturais da regi\u00e3o da Amaz\u00f4nia.<\/p>\n<p><span>&#8220;O cargo n\u00e3o \u00e9 meu. \u00c9 do presidente da rep\u00fablica&#8221;, declarou o ministro \u00e0 emissora. &#8220;Quando o presidente entender que \u00e9 necess\u00e1rio me substituir, far\u00e1 com a maior tranquilidade. Enquanto ele entender que eu estou fazendo um bom trabalho, fico no cargo&#8221;, acrescentou.<\/span><\/p>\n<aside>\n<div class=\"widget-news widget-box no-margin no-border\"><span class=\"widget-news-title content-box-title\">Veja tamb\u00e9m<\/span><\/p>\n<ul class=\"widget-news-list\">\n<li class=\"widget-news-item without-thumb with-border\">\n<div class=\"widget-news-info\"><a href=\"http:\/\/exame.com\/brasil\">BRASIL<\/a><span class=\"widget-news-item-title\"><a href=\"https:\/\/exame.com\/brasil\/nao-entendo-por-que-salles-ainda-esta-no-ministerio-diz-zeina-latif\/\">N\u00e3o entendo por que Salles ainda est\u00e1 no minist\u00e9rio, diz Zeina Latif<\/a><\/span><span class=\"widget-news-item-date\">15 jul 2020 &#8211; 07h07<\/span><\/div>\n<\/li>\n<\/ul>\n<\/div>\n<\/aside>\n<p>Salles tem seu posto amea\u00e7ado no momento em que a preserva\u00e7\u00e3o do meio ambiente e a sustentabilidade entraram com tudo na agenda de neg\u00f3cios. Desde o F\u00f3rum Econ\u00f4mico Mundial, em Davos, no in\u00edcio do ano, a quest\u00e3o da preserva\u00e7\u00e3o j\u00e1 tinha dominado a pauta. No entanto, o que se viu nesse per\u00edodo foi recorde de desmatamento pelo Brasil.<\/p>\n<p>Em outro ponto pol\u00eamico de sua gest\u00e3o, em um v\u00eddeo de uma reuni\u00e3o ministerial, Salles tinha sugerido aproveitar que a pandemia do novo coronav\u00edrus tinha dominado as aten\u00e7\u00f5es da imprensa para &#8220;passar a boiada&#8221;, o que foi entendido como aproveitar para aprovar medidas pouco populares para a <a href=\"https:\/\/exame.com\/noticias-sobre\/amazonia\/\"><strong>Amaz\u00f4nia<\/strong><\/a>.<\/p>\n<p>Recentemente, dezenas de empres\u00e1rios tiveram encontros com o governo, pedindo maior aten\u00e7\u00e3o ao meio ambiente, por que j\u00e1 est\u00e3o sofrendo press\u00e3o de investidores estrangeiros em seus neg\u00f3cios. Alguns at\u00e9 cogitam boicotar produtos brasileiros.<\/p>\n<p>Na entrevista \u00e0 GloboNews, Salles criticou administra\u00e7\u00f5es anteriores do minist\u00e9rio, defendeu a bioeconomia, o zoneamento ecol\u00f3gico econ\u00f4mico e regula\u00e7\u00e3o latifundi\u00e1ria como maneiras de desenvolver a Amaz\u00f4nia.<\/p>\n<p><span>&#8220;N\u00e3o temos arrog\u00e2ncia de dizer que o governo n\u00e3o pode alterar pol\u00edticas e que n\u00e3o pode consertar o rumo do que est\u00e1 sendo feito&#8221;, declarou.<\/span><\/p>\n<p><span>&#8220;A Amaz\u00f4nia, antes do presidente Bolsonaro, j\u00e1 tinha diversos problemas. Depois de 2012, o desmatamento veio subindo ininterruptamente e se acelerou em 2017, 2018, 2019, quando a cobertura internacional tamb\u00e9m se acelerou muito&#8221;, declarou.<\/span><\/p>\n<aside>\n<div class=\"widget-news widget-box no-margin no-border\"><span class=\"widget-news-title content-box-title\">Veja tamb\u00e9m<\/span><\/p>\n<ul class=\"widget-news-list\">\n<li class=\"widget-news-item without-thumb with-border\">\n<div class=\"widget-news-info\"><a href=\"http:\/\/exame.com\/brasil\">BRASIL<\/a><span class=\"widget-news-item-title\"><a href=\"https:\/\/exame.com\/brasil\/governo-exonera-responsavel-por-monitorar-amazonia-no-inpe\/\">Coordenadora do Inpe \u00e9 exonerada ap\u00f3s dados de desmatamento da Amaz\u00f4nia<\/a><\/span><span class=\"widget-news-item-date\">13 jul 2020 &#8211; 16h07<\/span><\/div>\n<\/li>\n<li class=\"widget-news-item without-thumb with-border\">\n<div class=\"widget-news-info\"><a href=\"http:\/\/exame.com\/brasil\">BRASIL<\/a><span class=\"widget-news-item-title\"><a href=\"https:\/\/exame.com\/brasil\/empresarios-saem-otimistas-de-reuniao-com-mourao-sobre-amazonia\/\">Empres\u00e1rios saem otimistas de reuni\u00e3o com Mour\u00e3o sobre Amaz\u00f4nia<\/a><\/span><span class=\"widget-news-item-date\">10 jul 2020 &#8211; 18h07<\/span><\/div>\n<\/li>\n<li class=\"widget-news-item without-thumb with-border\">\n<div class=\"widget-news-info\"><a href=\"http:\/\/exame.com\/brasil\">BRASIL<\/a><span class=\"widget-news-item-title\"><a href=\"https:\/\/exame.com\/brasil\/acao-na-amazonia-comecou-tarde-e-pode-nao-ter-efeito-em-2020-diz-mourao\/\">A\u00e7\u00e3o na Amaz\u00f4nia come\u00e7ou tarde e pode n\u00e3o ter efeito em 2020, diz Mour\u00e3o<\/a><\/span><span class=\"widget-news-item-date\">10 jul 2020 &#8211; 15h07<\/span><\/div>\n<\/li>\n<\/ul>\n<\/div>\n<\/aside>\n<p><span>&#8220;Para colocarmos nossa agenda \u00e0 frente, \u00e9 preciso de pilares, fiscaliza\u00e7\u00e3o \u00e9 um deles, mas outros precisam ser feitos, como regula\u00e7\u00e3o latifundi\u00e1ria, zoneamento econ\u00f4mico ecol\u00f3gico e a agenda da bioeconomia&#8221;, disse.<\/span><\/p>\n<p><span>&#8220;A pol\u00edtica que se aplicou na Amaz\u00f4nia nos \u00faltimos 20 anos, n\u00e3o trouxe a popula\u00e7\u00e3o a um n\u00edvel de vida adequado. Continua sendo a regi\u00e3o mais rica do pa\u00eds em recursos naturais, mas com pior IDH. Deixar 20 milh\u00f5es de brasileiros com baixo IDH \u00e9 convite \u00e0 ilegalidade, como o garimpo ilegal e a grilagem&#8221;, argumentou<\/span><\/p>\n<p>Sobre o zoneamento, Salles disse que &#8220;para aplicar o C\u00f3digo Florestal, \u00e9 preciso que uma \u00e1rea tenha um CPF, um CNPJ para responder por ela&#8221;, encerrou.<\/p>\n<p>The post <a rel=\"nofollow\" href=\"https:\/\/exame.com\/brasil\/ameacado-ricardo-salles-diz-o-cargo-nao-e-meu-e-do-presidente\/\">Amea\u00e7ado, Ricardo Salles diz: o cargo n\u00e3o \u00e9 meu, \u00e9 do presidente<\/a> appeared first on <a rel=\"nofollow\" href=\"https:\/\/exame.com\">Exame<\/a>.<\/p>\n<p><br \/>\n<br \/><a href=\"https:\/\/exame.com\/brasil\/ameacado-ricardo-salles-diz-o-cargo-nao-e-meu-e-do-presidente\/\">Fonte do artigo <\/a><br \/>\nTags:<br \/>\n#politica #political #negocios #business #marketingdigital #empreendedorismo #marketing #emprendedores #empreender #sucesso #empresas #emprendimiento #emprendedor #empreendedor #emprender #dinheiro #dinero #empresario #vendas #liderazgo #motivacion #foco #motivacao #negocio #brasil<\/p>\n","protected":false},"excerpt":{"rendered":"<p>O ministro do Meio Ambiente, Ricardo Salles, se mostrou tranquilo com a press\u00e3o que vem sofrendo para deixar o cargo que ocupa no governo Bolsonaro. Em entrevista \u00e0 GloboNews, na manh\u00e3 desta quarta-feira (15), ele afirmou que vai continuar na pasta enquanto o presidente Jair Bolsonaro quiser e priorizar\u00e1 o projeto da bioeconomia &#8211; uso [&hellip;]<\/p>\n","protected":false},"author":1,"featured_media":55151,"comment_status":"open","ping_status":"open","sticky":false,"template":"","format":"standard","meta":{"footnotes":""},"categories":[1],"tags":[],"class_list":["post-55150","post","type-post","status-publish","format-standard","has-post-thumbnail","hentry","category-curso-de-copy"],"_links":{"self":[{"href":"https:\/\/wiy.com.br\/noticias\/wp-json\/wp\/v2\/posts\/55150","targetHints":{"allow":["GET"]}}],"collection":[{"href":"https:\/\/wiy.com.br\/noticias\/wp-json\/wp\/v2\/posts"}],"about":[{"href":"https:\/\/wiy.com.br\/noticias\/wp-json\/wp\/v2\/types\/post"}],"author":[{"embeddable":true,"href":"https:\/\/wiy.com.br\/noticias\/wp-json\/wp\/v2\/users\/1"}],"replies":[{"embeddable":true,"href":"https:\/\/wiy.com.br\/noticias\/wp-json\/wp\/v2\/comments?post=55150"}],"version-history":[{"count":0,"href":"https:\/\/wiy.com.br\/noticias\/wp-json\/wp\/v2\/posts\/55150\/revisions"}],"wp:featuredmedia":[{"embeddable":true,"href":"https:\/\/wiy.com.br\/noticias\/wp-json\/wp\/v2\/media\/55151"}],"wp:attachment":[{"href":"https:\/\/wiy.com.br\/noticias\/wp-json\/wp\/v2\/media?parent=55150"}],"wp:term":[{"taxonomy":"category","embeddable":true,"href":"https:\/\/wiy.com.br\/noticias\/wp-json\/wp\/v2\/categories?post=55150"},{"taxonomy":"post_tag","embeddable":true,"href":"https:\/\/wiy.com.br\/noticias\/wp-json\/wp\/v2\/tags?post=55150"}],"curies":[{"name":"wp","href":"https:\/\/api.w.org\/{rel}","templated":true}]}}