{"id":5511,"date":"2023-02-26T15:05:43","date_gmt":"2023-02-26T18:05:43","guid":{"rendered":"https:\/\/wiy.com.br\/noticias\/papa-pede-que-fieis-rezem-por-cupula-que-discutira-como-prevenir-abusos-sexuais-na-igreja\/"},"modified":"2019-02-17T15:07:06","modified_gmt":"2019-02-17T18:07:06","slug":"papa-pede-que-fieis-rezem-por-cupula-que-discutira-como-prevenir-abusos-sexuais-na-igreja","status":"publish","type":"post","link":"https:\/\/wiy.com.br\/noticias\/papa-pede-que-fieis-rezem-por-cupula-que-discutira-como-prevenir-abusos-sexuais-na-igreja\/","title":{"rendered":"Papa pede que fi\u00e9is rezem por c\u00fapula que discutir\u00e1 como prevenir abusos sexuais na Igreja"},"content":{"rendered":"<p> <br \/>\n<br \/>CIDADE DO VATICANO &#8211; Durante a ora\u00e7\u00e3o que realizou neste domingo, dia 17, o Papa Francisco pediu aos fi\u00e9is que fa\u00e7am ora\u00e7\u00f5es para para o &#8220;Encontro sobre a Prote\u00e7\u00e3o de Menores&#8221;, previsto para acontecer de 21 a 24 de fevereiro. Nessa c\u00fapula, bispos e&#8230;<br \/>\n<br \/><br \/>\n<br \/><a href=\"https:\/\/oglobo.globo.com\/sociedade\/religiao\/papa-pede-que-fieis-rezem-por-cupula-que-discutira-como-prevenir-abusos-sexuais-na-igreja-23459769\">Source link <\/a><\/p>\n","protected":false},"excerpt":{"rendered":"<p>CIDADE DO VATICANO &#8211; Durante a ora\u00e7\u00e3o que realizou neste domingo, dia 17, o Papa Francisco pediu aos fi\u00e9is que fa\u00e7am ora\u00e7\u00f5es para para o &#8220;Encontro sobre a Prote\u00e7\u00e3o de Menores&#8221;, previsto para acontecer de 21 a 24 de fevereiro. Nessa c\u00fapula, bispos e&#8230; Source link<\/p>\n","protected":false},"author":1,"featured_media":0,"comment_status":"open","ping_status":"open","sticky":false,"template":"","format":"standard","meta":{"footnotes":""},"categories":[337],"tags":[],"class_list":["post-5511","post","type-post","status-publish","format-standard","hentry","category-noticias"],"_links":{"self":[{"href":"https:\/\/wiy.com.br\/noticias\/wp-json\/wp\/v2\/posts\/5511","targetHints":{"allow":["GET"]}}],"collection":[{"href":"https:\/\/wiy.com.br\/noticias\/wp-json\/wp\/v2\/posts"}],"about":[{"href":"https:\/\/wiy.com.br\/noticias\/wp-json\/wp\/v2\/types\/post"}],"author":[{"embeddable":true,"href":"https:\/\/wiy.com.br\/noticias\/wp-json\/wp\/v2\/users\/1"}],"replies":[{"embeddable":true,"href":"https:\/\/wiy.com.br\/noticias\/wp-json\/wp\/v2\/comments?post=5511"}],"version-history":[{"count":0,"href":"https:\/\/wiy.com.br\/noticias\/wp-json\/wp\/v2\/posts\/5511\/revisions"}],"wp:attachment":[{"href":"https:\/\/wiy.com.br\/noticias\/wp-json\/wp\/v2\/media?parent=5511"}],"wp:term":[{"taxonomy":"category","embeddable":true,"href":"https:\/\/wiy.com.br\/noticias\/wp-json\/wp\/v2\/categories?post=5511"},{"taxonomy":"post_tag","embeddable":true,"href":"https:\/\/wiy.com.br\/noticias\/wp-json\/wp\/v2\/tags?post=5511"}],"curies":[{"name":"wp","href":"https:\/\/api.w.org\/{rel}","templated":true}]}}