{"id":54955,"date":"2023-02-26T15:31:18","date_gmt":"2023-02-26T18:31:18","guid":{"rendered":"https:\/\/wiy.com.br\/noticias\/governo-exonera-responsavel-por-monitorar-amazonia-no-inpe\/"},"modified":"2020-07-13T16:25:23","modified_gmt":"2020-07-13T19:25:23","slug":"governo-exonera-responsavel-por-monitorar-amazonia-no-inpe","status":"publish","type":"post","link":"https:\/\/wiy.com.br\/noticias\/governo-exonera-responsavel-por-monitorar-amazonia-no-inpe\/","title":{"rendered":"Governo exonera respons\u00e1vel por monitorar Amaz\u00f4nia no Inpe"},"content":{"rendered":"<p> <br \/>\n<\/p>\n<p>Em meio \u00e0s maiores taxas de alerta de desmatamento da <strong><a href=\"https:\/\/exame.com\/noticias-sobre\/amazonia\/\">Amaz\u00f4nia<\/a> <\/strong>dos \u00faltimos cinco anos, foi exonerada nesta segunda-feira a pesquisadora respons\u00e1vel pelo trabalho de monitoramento do devasta\u00e7\u00e3o florestal no Instituto Nacional de Pesquisas Espaciais (<strong><a href=\"https:\/\/exame.com\/noticias-sobre\/inpe\/\">Inpe<\/a><\/strong>).<\/p>\n<p>Lubia Vinhas ocupava o cargo de coordenadora-geral de Observa\u00e7\u00e3o da Terra do Inpe, departamento respons\u00e1vel pelos sistemas Deter e Prodes, que acompanham o desmatamento da Amaz\u00f4nia.<\/p>\n<p>A exonera\u00e7\u00e3o foi publicada no Di\u00e1rio Oficial desta segunda, assinada pelo ministro Marcos Pontes, da Ci\u00eancia e Tecnologia, pasta \u00e0 qual \u00e9 vinculada o Inpe. O motivo ainda n\u00e3o foi esclarecido. A reportagem procurou o minist\u00e9rio, mas ainda n\u00e3o recebeu uma resposta.<\/p>\n<p>Na sexta-feira, 10, o \u00f3rg\u00e3o atualizou em seu site os dados referentes ao desmatamento da Amaz\u00f4nia em junho, apontando que o ritmo de alta se manteve, mesmo com uma a\u00e7\u00e3o de militares na regi\u00e3o desde maio e com a press\u00e3o que vem sendo feita por investidores estrangeiros para que o governo controle o problema.<\/p>\n<p>Alertas feitos pelo sistema Deter, do Instituto Nacional de Pesquisas Espaciais (Inpe), indicam a perda de 1.034,4 km\u00b2 no m\u00eas de junho, alta de 10,65% em rela\u00e7\u00e3o a junho do ano passado, quando os alertas apontaram desmate de 934,81 km\u00b2. Em apenas um m\u00eas, foram derrubados na Amaz\u00f4nia o equivalente \u00e0 \u00e1rea da cidade de Bel\u00e9m (Par\u00e1).<\/p>\n<p>\u00c9 o m\u00eas de junho com maior devasta\u00e7\u00e3o dos \u00faltimos cinco anos. J\u00e1 s\u00e3o 14 meses consecutivos de alta no corte da floresta em rela\u00e7\u00e3o aos mesmos meses do ano anterior. Em oito desses meses, as taxas bateram os recordes do registro desde 2015.<\/p>\n<p>No acumulado desde agosto (quando se inicia o calend\u00e1rio anual para fins de detec\u00e7\u00e3o do que ocorre na floresta), o Deter indica a devasta\u00e7\u00e3o de 7.566 km\u00b2, ante 4.589 km\u00b2 no per\u00edodo de agosto de 2018 a junho de 2019. O aumento para esse per\u00edodo \u00e9 de 65%.<\/p>\n<aside>\n<div class=\"widget-news widget-box no-margin no-border\"><span class=\"widget-news-title content-box-title\">Veja tamb\u00e9m<\/span><\/p>\n<ul class=\"widget-news-list\">\n<li class=\"widget-news-item without-thumb with-border\">\n<div class=\"widget-news-info\"><a href=\"http:\/\/exame.com\/brasil\">BRASIL<\/a><span class=\"widget-news-item-title\"><a href=\"https:\/\/exame.com\/brasil\/coronavirus-nao-detem-madeireiros-e-desmatamento-no-brasil-aumenta\/\">Coronav\u00edrus n\u00e3o det\u00e9m madeireiros e desmatamento no Brasil aumenta<\/a><\/span><span class=\"widget-news-item-date\">10 abr 2020 &#8211; 13h04<\/span><\/div>\n<\/li>\n<li class=\"widget-news-item without-thumb with-border\">\n<div class=\"widget-news-info\"><a href=\"http:\/\/exame.com\/brasil\">BRASIL<\/a><span class=\"widget-news-item-title\"><a href=\"https:\/\/exame.com\/brasil\/desmatamento-na-amazonia-dispara-em-meio-a-pressao-internacional\/\">Desmatamento na Amaz\u00f4nia dispara, em meio \u00e0 press\u00e3o internacional<\/a><\/span><span class=\"widget-news-item-date\">10 jul 2020 &#8211; 12h07<\/span><\/div>\n<\/li>\n<\/ul>\n<\/div>\n<\/aside>\n<p>O valor at\u00e9 o momento j\u00e1 \u00e9 maior do que o acumulado de todos os alertas dos 12 meses entre agosto de 2018 e julho de 2019: 6.844 km\u00b2. Somente nos primeiros seis meses deste ano, foram mais de 3 mil km\u00b2 de florestas perdidos, o equivalente a duas vezes a \u00e1rea da cidade de S\u00e3o Paulo.<\/p>\n<p>No ano passado, quando alertas do Deter come\u00e7aram a indicar que a Amaz\u00f4nia estava sendo devastada, o presidente Jair Bolsonaro e o ministro do Meio Ambiente, Ricardo Salles, rejeitaram inicialmente os dados e chegaram a alegar que eles eram mentirosos. O estresse acabou culminando, em agosto, na exonera\u00e7\u00e3o do ent\u00e3o diretor do Inpe, Ricardo Galv\u00e3o.<\/p>\n<p>Alguns meses depois, quando foram divulgados os dados do sistema Prodes, que traz os dados oficiais de desmatamento na floresta, confirmou-se que a perda de vegeta\u00e7\u00e3o na Amaz\u00f4nia, entre agosto de 2018 e julho de 2019 havia sido a maior desde 2008.<\/p>\n<p>Apesar dos n\u00fameros alarmantes, da cobran\u00e7a de investidores estrangeiros e nacionais, das den\u00fancias feitas por agentes ambientais, pesquisadores e ambientalistas, o problema n\u00e3o cessa. As taxas mensais de alertas do Deter continuaram em alta desde ent\u00e3o.<\/p>\n<p>O governo enviou em maio deste ano uma nova opera\u00e7\u00e3o militar para a floresta, a Verde Brasil 2, mas no mesmo per\u00edodo, o desmatamento continuou subindo.<\/p>\n<p>The post <a rel=\"nofollow\" href=\"https:\/\/exame.com\/brasil\/governo-exonera-responsavel-por-monitorar-amazonia-no-inpe\/\">Governo exonera respons\u00e1vel por monitorar Amaz\u00f4nia no Inpe<\/a> appeared first on <a rel=\"nofollow\" href=\"https:\/\/exame.com\">Exame<\/a>.<\/p>\n<p><br \/>\n<br \/><a href=\"https:\/\/exame.com\/brasil\/governo-exonera-responsavel-por-monitorar-amazonia-no-inpe\/\">Fonte do artigo <\/a><br \/>\nTags:<br \/>\n#politica #political #negocios #business #marketingdigital #empreendedorismo #marketing #emprendedores #empreender #sucesso #empresas #emprendimiento #emprendedor #empreendedor #emprender #dinheiro #dinero #empresario #vendas #liderazgo #motivacion #foco #motivacao #negocio #brasil<\/p>\n","protected":false},"excerpt":{"rendered":"<p>Em meio \u00e0s maiores taxas de alerta de desmatamento da Amaz\u00f4nia dos \u00faltimos cinco anos, foi exonerada nesta segunda-feira a pesquisadora respons\u00e1vel pelo trabalho de monitoramento do devasta\u00e7\u00e3o florestal no Instituto Nacional de Pesquisas Espaciais (Inpe). Lubia Vinhas ocupava o cargo de coordenadora-geral de Observa\u00e7\u00e3o da Terra do Inpe, departamento respons\u00e1vel pelos sistemas Deter e [&hellip;]<\/p>\n","protected":false},"author":1,"featured_media":54956,"comment_status":"open","ping_status":"open","sticky":false,"template":"","format":"standard","meta":{"footnotes":""},"categories":[1],"tags":[],"class_list":["post-54955","post","type-post","status-publish","format-standard","has-post-thumbnail","hentry","category-curso-de-copy"],"_links":{"self":[{"href":"https:\/\/wiy.com.br\/noticias\/wp-json\/wp\/v2\/posts\/54955","targetHints":{"allow":["GET"]}}],"collection":[{"href":"https:\/\/wiy.com.br\/noticias\/wp-json\/wp\/v2\/posts"}],"about":[{"href":"https:\/\/wiy.com.br\/noticias\/wp-json\/wp\/v2\/types\/post"}],"author":[{"embeddable":true,"href":"https:\/\/wiy.com.br\/noticias\/wp-json\/wp\/v2\/users\/1"}],"replies":[{"embeddable":true,"href":"https:\/\/wiy.com.br\/noticias\/wp-json\/wp\/v2\/comments?post=54955"}],"version-history":[{"count":0,"href":"https:\/\/wiy.com.br\/noticias\/wp-json\/wp\/v2\/posts\/54955\/revisions"}],"wp:featuredmedia":[{"embeddable":true,"href":"https:\/\/wiy.com.br\/noticias\/wp-json\/wp\/v2\/media\/54956"}],"wp:attachment":[{"href":"https:\/\/wiy.com.br\/noticias\/wp-json\/wp\/v2\/media?parent=54955"}],"wp:term":[{"taxonomy":"category","embeddable":true,"href":"https:\/\/wiy.com.br\/noticias\/wp-json\/wp\/v2\/categories?post=54955"},{"taxonomy":"post_tag","embeddable":true,"href":"https:\/\/wiy.com.br\/noticias\/wp-json\/wp\/v2\/tags?post=54955"}],"curies":[{"name":"wp","href":"https:\/\/api.w.org\/{rel}","templated":true}]}}