{"id":54950,"date":"2023-02-26T15:39:55","date_gmt":"2023-02-26T18:39:55","guid":{"rendered":"https:\/\/wiy.com.br\/noticias\/com-queda-de-mortes-pela-3a-semana-sp-cogita-volta-do-ensino-superior\/"},"modified":"2020-07-13T15:24:14","modified_gmt":"2020-07-13T18:24:14","slug":"com-queda-de-mortes-pela-3a-semana-sp-cogita-volta-do-ensino-superior","status":"publish","type":"post","link":"https:\/\/wiy.com.br\/noticias\/com-queda-de-mortes-pela-3a-semana-sp-cogita-volta-do-ensino-superior\/","title":{"rendered":"Com queda de mortes pela 3\u00aa semana, SP cogita volta do ensino superior"},"content":{"rendered":"<p> <br \/>\n<\/p>\n<p>As institui\u00e7\u00f5es de <strong><a href=\"https:\/\/exame.com\/noticias-sobre\/ensino-superior\/\">ensino superior<\/a><\/strong> e de curso profissionalizante da capital paulista podem retomar imediatamente as atividades presenciais para disciplinas pr\u00e1ticas, com limite de 35% da capacidade, uma vez que a cidade j\u00e1 est\u00e1 h\u00e1 mais de 14 dias na Fase Amarela do plano de reabertura do governo estadual, aunciou nesta segunda-feira o governador <strong><a href=\"https:\/\/exame.com\/noticias-sobre\/joao-doria-junior\/\">Jo\u00e3o Doria<\/a><\/strong> (PSDB).<\/p>\n<p>Em entrevista coletiva no Pal\u00e1cio dos Bandeirantes, sede do governo paulista, Doria tamb\u00e9m disse que a semana passada registrou queda pela terceira vez seguida no n\u00famero de mortos no Estado pela Covid-19, doen\u00e7a respirat\u00f3ria causada pelo novo coronav\u00edrus.<\/p>\n<p>&#8220;As institui\u00e7\u00f5es de ensino superior e de cursos t\u00e9cnicos de ensino profissionalizante poder\u00e3o retomar atividades presenciais desde que a regi\u00e3o esteja h\u00e1 14 dias na Fase Amarela do Plano S\u00e3o Paulo. O funcionamento est\u00e1 limitado a 35% do n\u00famero de alunos matriculados em cada institui\u00e7\u00e3o&#8221;, disse Doria.<\/p>\n<p>Tamb\u00e9m presente na coletiva, o secret\u00e1rio de Educa\u00e7\u00e3o do Estado, Rossieli Soares, explicou que a volta \u00e0s atividades presenciais englobar\u00e1 as disciplinas pr\u00e1ticas \u2014 como as que exigem o uso de laborat\u00f3rios, por exemplo \u2014 dada a dificuldade de realizar este tipo de atividade \u00e0 dist\u00e2ncia.<\/p>\n<p>Doria tamb\u00e9m comemorou o fato de, na semana passa, o n\u00famero de mortos pela Covid-19 no Estado terem ca\u00eddo em 27 \u00f3bitos em rela\u00e7\u00e3o \u00e0 semana anterior. Foram 1.706 mortos pela doen\u00e7a na semana encerrada no s\u00e1bado, contra 1.733 na semana anterior.<\/p>\n<p>&#8220;N\u00famero de \u00f3bitos cai pela terceira semana consecutiva e S\u00e3o Paulo tem a menor taxa de mortalidade da s\u00e9rie hist\u00f3rica&#8221;, disse o governador, afirmando que a taxa de letalidade no Estado est\u00e1 em 4,8%.<\/p>\n<p>&#8220;S\u00e3o boas not\u00edcias, mas que devem ser celebradas com muita modera\u00e7\u00e3o e com muita solidariedade tamb\u00e9m&#8221;, disse Doria, afirmando ainda lamentar todas as mortes pela doen\u00e7a no Estado.<\/p>\n<aside>\n<div class=\"widget-news widget-box no-margin no-border\"><span class=\"widget-news-title content-box-title\">Veja tamb\u00e9m<\/span><\/p>\n<ul class=\"widget-news-list\">\n<li class=\"widget-news-item without-thumb with-border\">\n<div class=\"widget-news-info\"><a href=\"http:\/\/exame.com\/negocios\">NEG\u00d3CIOS<\/a><span class=\"widget-news-item-title\"><a href=\"https:\/\/exame.com\/negocios\/como-garantir-matriculas-na-quarentena-o-novo-desafio-do-ensino-superior\/\">Como garantir matr\u00edculas na quarentena? O novo desafio do ensino superior<\/a><\/span><span class=\"widget-news-item-date\">7 Maio 2020 &#8211; 06h05<\/span><\/div>\n<\/li>\n<\/ul>\n<\/div>\n<\/aside>\n<h3>OMS<\/h3>\n<p><span>O comando da Organiza\u00e7\u00e3o Mundial de Sa\u00fade (<strong><a href=\"https:\/\/exame.com\/noticias-sobre\/oms\/\">OMS<\/a><\/strong>) foi questionado durante a entrevista coletiva da entidade nesta segunda-feira, 13, sobre o processo de reabertura das escolas, com pa\u00edses pelo mundo buscando equilibrar a quest\u00e3o da garantia do aprendizado de crian\u00e7as e adolescentes com os riscos de mais cont\u00e1gios pela covid-19. <\/span><\/p>\n<p><span>L\u00edder da resposta da Organiza\u00e7\u00e3o Mundial de Sa\u00fade (OMS) \u00e0 pandemia, Maria Van Kerkhove disse que algumas na\u00e7\u00f5es que reabriram as escolas de fato relataram surtos da doen\u00e7a nesses ambientes, &#8220;sobretudo em crian\u00e7as mais velhas&#8221;, mas ao mesmo tempo lembrou que as crian\u00e7as tendem a desenvolver quadros mais leves da doen\u00e7a, embora tenha havido tamb\u00e9m casos de mortes nesse grupo.<\/span><\/p>\n<p><span>Kerkhove afirmou, durante entrevista coletiva da entidade, que pa\u00edses t\u00eam reportado \u00e0 OMS entre 1% a 3% do total de casos da doen\u00e7a em crian\u00e7as, sendo que em algumas das na\u00e7\u00f5es isso chegou a 5% do total.<\/span><\/p>\n<p><span>Segundo ela, de acordo com alguns estudos dispon\u00edveis, as crian\u00e7as mais novas, com menos de 10 anos, tendem a ter menor preval\u00eancia, enquanto aquelas com mais de 10 t\u00eam preval\u00eancia similar \u00e0 dos jovens adultos, de mais de 20 anos, &#8220;o que significa que elas podem ser infectadas, mas ter a doen\u00e7a mais leve&#8221;.<\/span><\/p>\n<p><span>Sobre a transmiss\u00e3o, Kerkhove admitiu que os cientistas ainda precisam ampliar seu conhecimento sobre esse tema especificamente nas crian\u00e7as.<\/span><\/p>\n<aside>\n<div class=\"widget-news widget-box no-margin no-border\"><span class=\"widget-news-title content-box-title\">Veja tamb\u00e9m<\/span><\/p>\n<ul class=\"widget-news-list\">\n<li class=\"widget-news-item without-thumb with-border\">\n<div class=\"widget-news-info\"><a href=\"http:\/\/exame.com\/ciencia\">CI\u00caNCIA<\/a><span class=\"widget-news-item-title\"><a href=\"https:\/\/exame.com\/ciencia\/muitos-paises-estao-indo-na-direcao-errada-alerta-oms\/\">Muitos pa\u00edses est\u00e3o indo na dire\u00e7\u00e3o errada, alerta OMS<\/a><\/span><span class=\"widget-news-item-date\">13 jul 2020 &#8211; 12h07<\/span><\/div>\n<\/li>\n<li class=\"widget-news-item without-thumb with-border\">\n<div class=\"widget-news-info\"><a href=\"http:\/\/exame.com\/ciencia\">CI\u00caNCIA<\/a><span class=\"widget-news-item-title\"><a href=\"https:\/\/exame.com\/ciencia\/coronavirus-frustracao-negocios-e-rivalidade-no-caminho-para-a-vacina\/\">Coronav\u00edrus: frustra\u00e7\u00e3o, neg\u00f3cios e rivalidade no caminho para a vacina<\/a><\/span><span class=\"widget-news-item-date\">11 jul 2020 &#8211; 09h07<\/span><\/div>\n<\/li>\n<\/ul>\n<\/div>\n<\/aside>\n<p><span>Tamb\u00e9m presente na coletiva, o diretor executivo da OMS, Michael Ryan, comentou o assunto. Ele disse que, nas comunidades em que a transmiss\u00e3o \u00e9 intensa, &#8220;as crian\u00e7as far\u00e3o parte da transmiss\u00e3o&#8221;. Ryan argumentou que o modo mais seguro de lidar com o problema \u00e9 ter uma estrat\u00e9gia abrangente e de longo prazo para as sociedades em geral, n\u00e3o apenas para um ambiente delas, como as escolas. &#8220;Se suprimirmos os v\u00edrus em nossas sociedades, em nossas comunidades, ent\u00e3o as escolas podem abrir em seguran\u00e7a&#8221;, insistiu.<\/span><\/p>\n<p><span>Ryan ainda pediu que a quest\u00e3o da reabertura das institui\u00e7\u00f5es de ensino n\u00e3o seja v\u00edtima de politiza\u00e7\u00e3o. &#8220;Devemos tomar decis\u00f5es baseadas em dados, entender os riscos&#8221;, defendeu, destacando quest\u00f5es sobre como est\u00e1 a taxa de transmiss\u00e3o na \u00e1rea em que se almeja reabrir escolas.<\/span><\/p>\n<p>The post <a rel=\"nofollow\" href=\"https:\/\/exame.com\/brasil\/com-queda-de-mortes-pela-3a-semana-sp-cogita-volta-do-ensino-superior\/\">Com queda de mortes pela 3\u00aa semana, SP cogita volta do ensino superior<\/a> appeared first on <a rel=\"nofollow\" href=\"https:\/\/exame.com\">Exame<\/a>.<\/p>\n<p><br \/>\n<br \/><a href=\"https:\/\/exame.com\/brasil\/com-queda-de-mortes-pela-3a-semana-sp-cogita-volta-do-ensino-superior\/\">Fonte do artigo <\/a><br \/>\nTags:<br \/>\n#politica #political #negocios #business #marketingdigital #empreendedorismo #marketing #emprendedores #empreender #sucesso #empresas #emprendimiento #emprendedor #empreendedor #emprender #dinheiro #dinero #empresario #vendas #liderazgo #motivacion #foco #motivacao #negocio #brasil<\/p>\n","protected":false},"excerpt":{"rendered":"<p>As institui\u00e7\u00f5es de ensino superior e de curso profissionalizante da capital paulista podem retomar imediatamente as atividades presenciais para disciplinas pr\u00e1ticas, com limite de 35% da capacidade, uma vez que a cidade j\u00e1 est\u00e1 h\u00e1 mais de 14 dias na Fase Amarela do plano de reabertura do governo estadual, aunciou nesta segunda-feira o governador Jo\u00e3o [&hellip;]<\/p>\n","protected":false},"author":1,"featured_media":54951,"comment_status":"open","ping_status":"open","sticky":false,"template":"","format":"standard","meta":{"footnotes":""},"categories":[1],"tags":[],"class_list":["post-54950","post","type-post","status-publish","format-standard","has-post-thumbnail","hentry","category-curso-de-copy"],"_links":{"self":[{"href":"https:\/\/wiy.com.br\/noticias\/wp-json\/wp\/v2\/posts\/54950","targetHints":{"allow":["GET"]}}],"collection":[{"href":"https:\/\/wiy.com.br\/noticias\/wp-json\/wp\/v2\/posts"}],"about":[{"href":"https:\/\/wiy.com.br\/noticias\/wp-json\/wp\/v2\/types\/post"}],"author":[{"embeddable":true,"href":"https:\/\/wiy.com.br\/noticias\/wp-json\/wp\/v2\/users\/1"}],"replies":[{"embeddable":true,"href":"https:\/\/wiy.com.br\/noticias\/wp-json\/wp\/v2\/comments?post=54950"}],"version-history":[{"count":0,"href":"https:\/\/wiy.com.br\/noticias\/wp-json\/wp\/v2\/posts\/54950\/revisions"}],"wp:featuredmedia":[{"embeddable":true,"href":"https:\/\/wiy.com.br\/noticias\/wp-json\/wp\/v2\/media\/54951"}],"wp:attachment":[{"href":"https:\/\/wiy.com.br\/noticias\/wp-json\/wp\/v2\/media?parent=54950"}],"wp:term":[{"taxonomy":"category","embeddable":true,"href":"https:\/\/wiy.com.br\/noticias\/wp-json\/wp\/v2\/categories?post=54950"},{"taxonomy":"post_tag","embeddable":true,"href":"https:\/\/wiy.com.br\/noticias\/wp-json\/wp\/v2\/tags?post=54950"}],"curies":[{"name":"wp","href":"https:\/\/api.w.org\/{rel}","templated":true}]}}