{"id":54907,"date":"2023-02-26T15:25:16","date_gmt":"2023-02-26T18:25:16","guid":{"rendered":"https:\/\/wiy.com.br\/noticias\/de-galpoes-a-futebol-imperio-de-menin-cresce-na-pandemia\/"},"modified":"2020-07-12T21:01:06","modified_gmt":"2020-07-13T00:01:06","slug":"de-galpoes-a-futebol-imperio-de-menin-cresce-na-pandemia","status":"publish","type":"post","link":"https:\/\/wiy.com.br\/noticias\/de-galpoes-a-futebol-imperio-de-menin-cresce-na-pandemia\/","title":{"rendered":"De galp\u00f5es a futebol, imp\u00e9rio de Menin cresce na pandemia"},"content":{"rendered":"<p> <br \/>\n<\/p>\n<p>O empres\u00e1rio <strong>Rubens Menin<\/strong> \u00e9 um homem de muita sorte.<\/p>\n<p>Em um pa\u00eds com mais de 1,7 milh\u00f5es de pessoas infectadas pelo coronav\u00edrus, incluindo o presidente <strong><a href=\"https:\/\/exame.com\/noticias-sobre\/Jair-Bolsonaro\">Jair Bolsonaro<\/a><\/strong>, Menin, 64, n\u00e3o s\u00f3 evitou ser contaminado pela doen\u00e7a como tamb\u00e9m viu seus neg\u00f3cios prosperarem &#8211; ao contr\u00e1rio do que ele mesmo achava que iria acontecer.<\/p>\n<p>Quando os primeiros casos de coronav\u00edrus come\u00e7aram a aparecer no Brasil, a constru\u00e7\u00e3o e venda de moradias para pessoas de baixa renda, principal atividade do cl\u00e3 Menin, parecia ter o colapso garantido. O pr\u00f3prio empres\u00e1rio chegou a esperar uma queda de at\u00e9 metade nas vendas <strong><a href=\"https:\/\/exame.com\/noticias-sobre\/MRV\">MRV<\/a> <\/strong>Engenharia &amp; Participa\u00e7\u00f5es, a terceira maior construtora de casas do mundo, disse ele em entrevista.<\/p>\n<p>Para sua surpresa, \u201co mercado n\u00e3o desacelerou\u201d.<\/p>\n<p>As vendas l\u00edquidas da MRV atingiram um recorde no segundo semestre, um aumento de 8,4% em rela\u00e7\u00e3o aos tr\u00eas primeiros meses do ano, um \u201cforte\u201d desempenho, segundo Menin.<\/p>\n<p>O sucesso da MRV durante a crise est\u00e1 ligado a um fator que acaba sendo subestimado em meio \u00e0 queda da economia brasileira. Depois de muita luta, o pa\u00eds finalmente conseguiu reduzir taxas de juros a n\u00edveis historicamente baixos sem provocar infla\u00e7\u00e3o. O atual n\u00edvel, 2,25%, era impens\u00e1vel anos atr\u00e1s.<\/p>\n<aside>\n<div class=\"widget-news widget-box no-margin no-border\"><span class=\"widget-news-title content-box-title\">Veja tamb\u00e9m<\/span><\/p>\n<ul class=\"widget-news-list\">\n<li class=\"widget-news-item without-thumb with-border\">\n<div class=\"widget-news-info\"><a href=\"http:\/\/exame.com\/negocios\">NEG\u00d3CIOS<\/a><span class=\"widget-news-item-title\"><a href=\"https:\/\/exame.com\/negocios\/mrv-mostra-desafios-e-vantagens-dos-imoveis-de-baixa-renda-na-crise\/\">MRV mostra desafios (e vantagens) dos im\u00f3veis de baixa renda na crise<\/a><\/span><span class=\"widget-news-item-date\">28 Maio 2020 &#8211; 06h05<\/span><\/div>\n<\/li>\n<\/ul>\n<\/div>\n<\/aside>\n<p>S\u00e3o os juros no ch\u00e3o que est\u00e3o alimentando o crescimento da demanda pelos im\u00f3veis da MRV, levando a fortuna de Menin para cerca de US$ 1,4 bilh\u00e3o, de acordo com dados compilados pela Bloomberg. Nos \u00faltimos anos, ele tem usado seus recursos crescentes para expandir seu imp\u00e9rio, que agora inclui log\u00edstica, fintechs, a vers\u00e3o brasileira da <strong>CNN<\/strong> e at\u00e9 futebol.<\/p>\n<p>Em mar\u00e7o, quando ficou clara a gravidade da crise, Menin se preparou para o pior. Conforme a pandemia se espalhava, a MRV adiou lan\u00e7amentos e, embora tenha segurado a demiss\u00e3o de funcion\u00e1rios por 60 dias, Menin n\u00e3o tinha certeza do que faria depois. Na <strong>LOG<\/strong> Commercial Properties &amp; Participa\u00e7\u00f5es, operadora de uma rede de galp\u00f5es log\u00edsticos, Menin ficou em d\u00favida se o plano de investimento de quatro anos, no qual previa fornecer 1 milh\u00e3o de metros quadrados de espa\u00e7o de armazenamento at\u00e9 2024, \u201cparava de p\u00e9.\u201d<\/p>\n<p>Agora, a MRV j\u00e1 retomou algumas obras e vem observando baixos distratos e vendas em alta. Na LOG, a situa\u00e7\u00e3o est\u00e1 at\u00e9 um pouco melhor do que antes, com a demanda das vendas digitais aquecendo o mercado de galp\u00f5es. Nas duas empresas, Menin diz estar fazendo \u201ccontrata\u00e7\u00f5es discretas\u201d, sem demiss\u00f5es.<\/p>\n<p>\u201cAlgumas empresas menores n\u00e3o v\u00e3o voltar mais\u201d, disse ele. Mas \u201cquando a crise da sa\u00fade terminar, acho que haver\u00e1 uma volta mais acentuada do que muitos est\u00e3o esperando\u201d.<\/p>\n<p>At\u00e9 a incurs\u00e3o da MRV no mercado imobili\u00e1rio americano est\u00e1 se saindo melhor do que Menin esperava no in\u00edcio da pandemia. A MRV comprou neste ano uma empresa que o pr\u00f3prio Menin criou nos EUA, AHS Residential, para competir no mercado americano de moradias populares.<\/p>\n<aside>\n<div class=\"widget-news widget-box no-margin no-border\"><span class=\"widget-news-title content-box-title\">Veja tamb\u00e9m<\/span><\/p>\n<ul class=\"widget-news-list\">\n<li class=\"widget-news-item without-thumb with-border\">\n<div class=\"widget-news-info\"><a href=\"http:\/\/exame.com\/revista-exame\">REVISTA EXAME<\/a><span class=\"widget-news-item-title\"><a href=\"https:\/\/exame.com\/revista-exame\/se-nao-comprar-alugue\/\">Para a MRV, maior construtora do pa\u00eds, o lema \u00e9 &#8220;Se n\u00e3o comprar, alugue&#8221;<\/a><\/span><span class=\"widget-news-item-date\">25 abr 2019 &#8211; 05h04<\/span><\/div>\n<\/li>\n<\/ul>\n<\/div>\n<\/aside>\n<p>Menin falou \u00e0 Bloomberg em duas ocasi\u00f5es, a primeira durante uma entrevista realizada na sede da MRV em Belo Horizonte, no final do ano passado, que terminou em uma sala de espera de um aeroporto, enquanto um jato particular era preparado para lev\u00e1-lo a S\u00e3o Paulo. Mais recentemente, voltou a falar de seus neg\u00f3cios em entrevista por telefone.<\/p>\n<p>Os investidores parecem compartilhar parte de seu otimismo. A LOG, depois de perder metade do seu valor de mercado entre 1\u00ba de janeiro e meados de mar\u00e7o, se recuperou e suas a\u00e7\u00f5es sobem levemente no ano. A MRV caiu 6% no acumulado do ano, desempenho melhor que o do <strong><a href=\"https:\/\/exame.com\/noticias-sobre\/Ibovespa\">Ibovespa<\/a><\/strong>, que caiu 14%.<\/p>\n<p>Quem conversa com Menin n\u00e3o deixa de notar sua \u201cmineirice.\u201d Ele \u00e9 de fala mansa, mas detalhista; relaxado, mas comedido; conversador, mas, \u00e0s vezes, evasivo.<\/p>\n<p>Menin \u00e9 \u201cum empreendedor fenomenal, que conseguiu construir uma empresa em um setor em que muita gente morreu\u201d, disse <a href=\"https:\/\/exame.com\/mercados\/meio-ambiente-e-ideologizado-no-brasil-diz-gestor-de-fundo-esg\/\">Fabio Alperowitch<\/a>, co-fundador da FAMA Investimentos, uma das gestoras mais antigas do Brasil, que investe tanto na MRV quanto na LOG. Ele disse que esperava que as vendas da MRV ca\u00edssem para \u201cpr\u00f3ximo de zero\u201d quando a pandemia come\u00e7ou.<\/p>\n<p>Menin \u00e9 engenheiro civil de terceira gera\u00e7\u00e3o &#8212; seus dois filhos a tornam a quarta e sua m\u00e3e foi a terceira mulher a se formar em engenharia civil em Minas Gerais. Aos 18 anos, ele trabalhou como estagi\u00e1rio, ajudando a supervisionar obras em \u00e1reas pobres, uma experi\u00eancia que moldou seu futuro modelo de neg\u00f3cios na MRV.<\/p>\n<p>\u201cEle tem uma demanda reprimida pelo produto que oferece e consegue construir em uma escala industrial\u201d, disse Alberto Ajzental, da Funda\u00e7\u00e3o Get\u00falio Vargas.<\/p>\n<p>Hoje, a MRV possui um valor de mercado de R$ 9,7 bilh\u00f5es. O filho de Menin, Rafael, divide o cargo de CEO com Eduardo Fischer, enquanto sua filha, Maria Fernanda, \u00e9 diretora jur\u00eddica. Seu filho mais novo, Jo\u00e3o Vitor, chefia o Banco Inter, que foi fundado por Menin em 1994 como uma financeira e se tornou em 2017 um banco digital. O Softbank possui cerca de 15% do Banco Inter, o neg\u00f3cio mais valioso do cl\u00e3 Menin.<\/p>\n<p>No conjunto, \u00e9 um legado que colocou Menin sob os holofotes v\u00e1rias vezes ao longo dos anos &#8211; inclusive, mais recentemente, por sua decis\u00e3o de apoiar a incurs\u00e3o da CNN no Brasil. Comandada por Douglas Tavolaro, um veterano da TV Record, emissora com cobertura favor\u00e1vel a Bolsonaro, a CNN causou pol\u00eamica ao ser taxada de pr\u00f3-governo. Desde que estreou em mar\u00e7o, o canal tem dado mais espa\u00e7o do que alguns concorrentes a vozes alinhadas a Bolsonaro, mas se envolveu tamb\u00e9m em pol\u00eamicas com membros do governo em entrevistas.<\/p>\n<p>O pr\u00f3prio Menin \u00e9 um cr\u00edtico de como o Brasil est\u00e1 lidando com a pandemia . \u201cO Brasil \u00e9 um pa\u00eds continental e todos estavam remando em dire\u00e7\u00f5es opostas\u201d, disse ele. Isso causou \u201cexaust\u00e3o\u201d entre os brasileiros que est\u00e3o desistindo de quarentenas implementadas \u201cna hora errada\u201d, o que atrasa a recupera\u00e7\u00e3o da economia e dos mercados.<\/p>\n<p>Ele vem tentando aliviar o impacto da pandemia gastando mais em filantropia, doando dinheiro para ONGs e hospitais em um ritmo maior do que planejava.<\/p>\n<p>Outro neg\u00f3cio que tem sido irrigado por sua fortuna pessoal \u00e9 o futebol.<\/p>\n<p>Menin tem desembolsado dinheiro na forma de empr\u00e9stimos sem juros para ajudar seu time favorito, o Atl\u00e9tico Mineiro. Ele n\u00e3o diz quanto gastou, embora portais de m\u00eddia esportiva calculem que a equipe tenha gasto R$ 55 milh\u00f5es em novas contrata\u00e7\u00f5es este ano. Menin n\u00e3o v\u00ea isso como um investimento, mas como uma miss\u00e3o.<\/p>\n<p>\u201cO futebol brasileiro perdeu seu brilho\u201d, disse Menin, que estava de pesco\u00e7o imobilizado durante a conversa mais recente, depois de uma queda enquanto jogava uma partida com seus netos e amigos em sua casa de campo. \u201cN\u00f3s t\u00ednhamos orgulho de ter o melhor futebol do mundo e \u00e9 algo que eu quero resgatar.\u201d<\/p>\n<p>The post <a rel=\"nofollow\" href=\"https:\/\/exame.com\/negocios\/de-galpoes-a-futebol-imperio-de-menin-cresce-na-pandemia\/\">De galp\u00f5es a futebol, imp\u00e9rio de Menin cresce na pandemia<\/a> appeared first on <a rel=\"nofollow\" href=\"https:\/\/exame.com\">Exame<\/a>.<\/p>\n<p>#noticias #economia #sustentabilidade #dinheiro #economia<br \/>\n<br \/><br \/>\n<br \/><a href=\"https:\/\/exame.com\/negocios\/de-galpoes-a-futebol-imperio-de-menin-cresce-na-pandemia\/\">Fonte do Artigo <\/a><br \/>\nTags:<\/p>\n<p><a href=\"https:\/\/wiy.com.br\/noticias\/categoria\/curso-de-copy\/\">#noticias<\/a> <a href=\"https:\/\/wiy.com.br\/noticias\/categoria\/curso-de-copy\/\">#economia<\/a> <a href=\"https:\/\/wiy.com.br\/noticias\/categoria\/curso-de-copy\/\">#sustentabilidade<\/a> <a href=\"https:\/\/wiy.com.br\/noticias\/categoria\/curso-de-copy\/\">#dinheiro<\/a> <a href=\"https:\/\/wiy.com.br\/noticias\/categoria\/curso-de-copy\/\">#economia<\/a> <a href=\"https:\/\/wiy.com.br\/noticias\/categoria\/curso-de-copy\/\">#energialimpa<\/a> <a href=\"https:\/\/wiy.com.br\/noticias\/categoria\/curso-de-copy\/\">#brasil<\/a> <a href=\"https:\/\/wiy.com.br\/noticias\/categoria\/curso-de-copy\/\">#cursodecopy<\/a> <a href=\"https:\/\/wiy.com.br\/noticias\/categoria\/curso-de-copy\/\">#meioambiente<\/a> <a href=\"https:\/\/wiy.com.br\/noticias\/categoria\/curso-de-copy\/\">#hotmart<\/a> <a href=\"https:\/\/wiy.com.br\/noticias\/categoria\/curso-de-copy\/\">#empreendedorismo<\/a> <a href=\"https:\/\/wiy.com.br\/noticias\/categoria\/curso-de-copy\/\">#marketingdigital<\/a> <a href=\"https:\/\/wiy.com.br\/noticias\/categoria\/curso-de-copy\/\">#marketing digital<\/a> <a href=\"https:\/\/wiy.com.br\/noticias\/categoria\/curso-de-copy\/\">#politica<\/a> <a href=\"https:\/\/wiy.com.br\/noticias\/categoria\/curso-de-copy\/\">#energiasolarfotovoltaica<\/a> <a href=\"https:\/\/wiy.com.br\/noticias\/categoria\/curso-de-copy\/\">#textos que vendem<\/a> <a href=\"https:\/\/wiy.com.br\/noticias\/categoria\/curso-de-copy\/\">#copy de vendas<\/a> <a href=\"https:\/\/wiy.com.br\/noticias\/categoria\/curso-de-copy\/\">#sucesso<\/a> <a href=\"https:\/\/wiy.com.br\/noticias\/categoria\/curso-de-copy\/\">#financas<\/a> <a href=\"https:\/\/wiy.com.br\/noticias\/categoria\/curso-de-copy\/\">#investimentos<\/a> <a href=\"https:\/\/wiy.com.br\/noticias\/categoria\/curso-de-copy\/\">#criptomoeda<\/a> <a href=\"https:\/\/wiy.com.br\/noticias\/categoria\/curso-de-copy\/\">#ead<\/a> <a href=\"https:\/\/wiy.com.br\/noticias\/categoria\/curso-de-copy\/\">#copy download<\/a> <a href=\"https:\/\/wiy.com.br\/noticias\/categoria\/curso-de-copy\/\">#cursodecopypdf<\/a> <a href=\"https:\/\/wiy.com.br\/noticias\/categoria\/curso-de-copy\/\">#primeiravenda<\/a> <a href=\"https:\/\/wiy.com.br\/noticias\/categoria\/curso-de-copy\/\">#noticias24<\/a> <a href=\"https:\/\/curso-de-copy.wordseo.com.br\/\">#curso de copy<\/a> <a href=\"https:\/\/curso-de-copy.wordseo.com.br\/\">#curso para afiliados<\/a> <a href=\"https:\/\/curso-de-copy.wordseo.com.br\/\">#curso de copy online<\/a><\/p>\n","protected":false},"excerpt":{"rendered":"<p>O empres\u00e1rio Rubens Menin \u00e9 um homem de muita sorte. Em um pa\u00eds com mais de 1,7 milh\u00f5es de pessoas infectadas pelo coronav\u00edrus, incluindo o presidente Jair Bolsonaro, Menin, 64, n\u00e3o s\u00f3 evitou ser contaminado pela doen\u00e7a como tamb\u00e9m viu seus neg\u00f3cios prosperarem &#8211; ao contr\u00e1rio do que ele mesmo achava que iria acontecer. Quando [&hellip;]<\/p>\n","protected":false},"author":1,"featured_media":0,"comment_status":"open","ping_status":"open","sticky":false,"template":"","format":"standard","meta":{"footnotes":""},"categories":[1,339],"tags":[],"class_list":["post-54907","post","type-post","status-publish","format-standard","hentry","category-curso-de-copy","category-negocios"],"_links":{"self":[{"href":"https:\/\/wiy.com.br\/noticias\/wp-json\/wp\/v2\/posts\/54907","targetHints":{"allow":["GET"]}}],"collection":[{"href":"https:\/\/wiy.com.br\/noticias\/wp-json\/wp\/v2\/posts"}],"about":[{"href":"https:\/\/wiy.com.br\/noticias\/wp-json\/wp\/v2\/types\/post"}],"author":[{"embeddable":true,"href":"https:\/\/wiy.com.br\/noticias\/wp-json\/wp\/v2\/users\/1"}],"replies":[{"embeddable":true,"href":"https:\/\/wiy.com.br\/noticias\/wp-json\/wp\/v2\/comments?post=54907"}],"version-history":[{"count":0,"href":"https:\/\/wiy.com.br\/noticias\/wp-json\/wp\/v2\/posts\/54907\/revisions"}],"wp:attachment":[{"href":"https:\/\/wiy.com.br\/noticias\/wp-json\/wp\/v2\/media?parent=54907"}],"wp:term":[{"taxonomy":"category","embeddable":true,"href":"https:\/\/wiy.com.br\/noticias\/wp-json\/wp\/v2\/categories?post=54907"},{"taxonomy":"post_tag","embeddable":true,"href":"https:\/\/wiy.com.br\/noticias\/wp-json\/wp\/v2\/tags?post=54907"}],"curies":[{"name":"wp","href":"https:\/\/api.w.org\/{rel}","templated":true}]}}