{"id":54614,"date":"2023-02-26T15:41:19","date_gmt":"2023-02-26T18:41:19","guid":{"rendered":"https:\/\/wiy.com.br\/noticias\/presidente-do-bc-joga-uma-bomba-no-mercado-inflacao-a-vista\/"},"modified":"2020-07-09T14:30:27","modified_gmt":"2020-07-09T17:30:27","slug":"presidente-do-bc-joga-uma-bomba-no-mercado-inflacao-a-vista","status":"publish","type":"post","link":"https:\/\/wiy.com.br\/noticias\/presidente-do-bc-joga-uma-bomba-no-mercado-inflacao-a-vista\/","title":{"rendered":"Presidente do BC joga uma bomba no mercado: infla\u00e7\u00e3o \u00e0 vista"},"content":{"rendered":"<p> <br \/>\n<\/p>\n<div id=\"\">\n<p>O presidente do <a href=\"http:\/\/veja.com\/noticias-sobre\/banco-central\"><strong>Banco Central<\/strong><\/a>, <strong>Roberto Campos Neto<\/strong>, tem muito a aprender com o av\u00f4. Celebre frasista, o economista Roberto Campos sabia sempre o que<span> \u2014 e o que n\u00e3o \u2014 falar. \u201cDeus nos livre dos bens intencionados, eles causam danos irrepar\u00e1veis\u201d, vaticinou aquele que \u00e9 considerado por muitos o maior economista j\u00e1 nascido no pa\u00eds. Apesar das expressas boas inten\u00e7\u00f5es do neto, \u00e9 de uma falha quase infantil o presidente da institui\u00e7\u00e3o respons\u00e1vel pela pol\u00edtica monet\u00e1ria do pa\u00eds manifestar-se sobre as taxas de juros fora das atas do Comit\u00ea de Pol\u00edtica Monet\u00e1ria, o Copom. E ainda de forma atabalhoada. Em entrevista \u00e0 ag\u00eancia <em>Reuters<\/em>, Campos Neto assustou os investidores com uma leitura inesperada dos acontecimentos: o fantasma inflacion\u00e1rio passada a pandemia. \u201cO que eu tenho dito \u00e9 que a gente tem que entender o impacto do crescimento na infla\u00e7\u00e3o\u201d, argumentou ao comentar uma poss\u00edvel continuidade do ciclo de cortes da taxa b\u00e1sica de juros, a Selic. A pergunta que paira \u00e9: qual infla\u00e7\u00e3o? \u201cO presidente do BC n\u00e3o deveria falar sobre Selic nem sobre infla\u00e7\u00e3o. Ele pode dar as diretrizes, indicar que est\u00e1 identificando press\u00f5es inflacion\u00e1rias, \u00e9 complicado. E ningu\u00e9m est\u00e1 enxergando isso\u201d, afirma Ma\u00edlson da N\u00f3brega, ex-ministro da Fazenda.<br \/><\/span><\/p>\n<div class=\"block_assine_posts\">\n<h2 class=\"title-assine\">ASSINE VEJA<\/h2>\n<figure id=\"attachment_3519772\" class=\"wp-caption alignnone  media-assine\"><img loading=\"lazy\" decoding=\"async\" class=\"size-large wp-image-3519772\" src=\"https:\/\/veja.abril.com.br\/wp-content\/uploads\/2020\/07\/CAPA-DE-VEJA-2694-V-1.jpg?quality=70&amp;strip=info&amp;w=220\" border=\"0\"alt = \"CAPA-DE-VEJA-2694-V-1 Presidente do BC joga uma bomba no mercado: infla\u00e7\u00e3o \u00e0 vista\"title = \"[Tags]\" width=\"220\" height=\"289\" data-restrict=\"false\" data-portal-copyright=\"VEJA\" data-image-caption=\"Leia nesta edi\u00e7\u00e3o: a pacifica\u00e7\u00e3o do Executivo nas rela\u00e7\u00f5es com o Congresso e ao Supremo, os diferentes n\u00fameros da Covid-19 nos estados brasileiros e novas revela\u00e7\u00f5es sobre o caso Queiroz \" data-image-title=\"\" data-image-source=\"VEJA\"\/><figcaption class=\"wp-caption-text\"><span class=\"title\">Governo Bolsonaro: Sinais de paz<\/span> Leia nesta edi\u00e7\u00e3o: a pacifica\u00e7\u00e3o do Executivo nas rela\u00e7\u00f5es com o Congresso e ao Supremo, os diferentes n\u00fameros da Covid-19 nos estados brasileiros e novas revela\u00e7\u00f5es sobre o caso Queiroz<\/figcaption><\/figure>\n<p><a href=\"https:\/\/www.assine.abril.com.br\/portal\/paginasEstaticas!showPromocao.action?&amp;codPromocao=sr_ve_land&amp;origem=sr_ve_materia_land&amp;utm_source=sites&amp;utm_medium=sr&amp;utm_campaign=sr_ve_materia_land\" target=\"_blank\" rel=\"noopener noreferrer\">Clique e Assine<\/a><\/div>\n<p>Como o Brasil vai afundar mais de 5% este ano e o potencial de crescimento \u00e9 de mais de 2%, h\u00e1 um espa\u00e7o enorme para ser preenchido antes de o crescimento da economia come\u00e7ar uma press\u00e3o inflacion\u00e1ria. Assim, as press\u00f5es podem vir de outros setores, como alta de commodities e d\u00f3lar. Contudo, a demanda por consumo est\u00e1 t\u00e3o deprimida que as empresas n\u00e3o conseguem fazer qualquer repasse para seus clientes. E o que coloca a declara\u00e7\u00e3o de Campos Neto em situa\u00e7\u00e3o mais condenat\u00f3ria: o c\u00e2mbio n\u00e3o est\u00e1 subindo, muito menos as commodities. A press\u00e3o inflacion\u00e1ria, nos escombros do pior momento da paralisa\u00e7\u00e3o das atividades econ\u00f4micas por causa da pandemia de <a href=\"http:\/\/veja.com\/noticias-sobre\/covid-19\"><strong>Covid-19<\/strong><\/a>, \u00e9 uma utopia. O c\u00e2mbio parou de oscilar, montanha-russa com a qual os brasileiros acostumaram-se nos \u00faltimos dias, e oscila nos mesmos patamares h\u00e1 mais de uma semana. S\u00f3 para se ter ideia, o d\u00f3lar est\u00e1 estacionado na faixa entre 5 reais e 5,30 reais h\u00e1 mais de um m\u00eas. E mais, este \u00e9 um patamar muito inferior \u00e0 m\u00e1xima de 5,91 reais registrada em 12 de maio. Em nenhum momento, na reuni\u00e3o do Copom encerrada em 17 de junho, foi alertado para um risco sist\u00eamico de contamina\u00e7\u00e3o da infla\u00e7\u00e3o por meio do d\u00f3lar. Roberto Campos traz uma novidade que n\u00e3o estava no radar de ningu\u00e9m.<\/p>\n<section class=\"block newsletter  single-newsletter \">\n<div class=\"container\">\n<div class=\"row\">\n<p>\n        <span class=\"description\">Receba as novidades e principais acontecimentos, bastidores e an\u00e1lises do cen\u00e1rio pol\u00edtico brasileiro. <strong> <span class=\"btn-newsletter-assine\"> Inscreva-se aqui <\/span><\/strong> para receber a nossa newsletter<\/span>\n      <\/p>\n<div class=\"msg-return\">\n<h2>Cadastro efetuado com sucesso!<\/h2>\n<p>Voc\u00ea receber\u00e1 nossas newsletters pela manh\u00e3 de segunda a sexta-feira.<\/p>\n<\/p><\/div>\n<\/p><\/div>\n<\/p><\/div>\n<\/section>\n<p>A recupera\u00e7\u00e3o econ\u00f4mica ainda \u00e9 lenta e gradual. As atividades, gra\u00e7as \u00e0 doen\u00e7a, n\u00e3o retomaram os patamares anteriores \u00e0 pandemia, muito menos navegam de vento em popa. \u00c0 medida em que a economia se recuperar, \u00e9 natural que surja uma press\u00e3o inflacion\u00e1ria <span>\u2014 mas n\u00e3o agora<\/span>. A expectativa de diretores e ex-membros do Banco Central \u00e9 de que este processo s\u00f3 seja minimamente sentido a partir do ano que vem. Na ressaca da declara\u00e7\u00e3o e dos movimentos externos dos mercados, a Bolsa de Valores de S\u00e3o Paulo, a B3, repercutiu. Ao meio-dia, o Ibovespa recuava 0,65%, fazendo com que o \u00edndice perdesse o t\u00e3o sonhado patamar dos 100.000 pontos, retomados pela manh\u00e3, depois do meses ap\u00f3s o estrago causado pelo coronav\u00edrus, que, em mar\u00e7o, fez as bolsas mundiais entrarem em parafuso. \u201cA oscila\u00e7\u00e3o do mercado mostra o grau de tens\u00e3o que permeia os investidores. Qualquer fuma\u00e7a vira fogo\u201d, avalia Andr\u00e9 Perfeito, economista-chefe da Necton.<\/p>\n<p>Desde o in\u00edcio da gest\u00e3o de <a href=\"http:\/\/veja.com\/noticias-sobre\/jair-bolsonaro\"><strong>Jair Bolsonaro<\/strong><\/a>, o ministro da Economia, <a href=\"http:\/\/veja.com\/noticias-sobre\/paulo-guedes\"><strong>Paulo Guedes<\/strong><\/a>, \u00e9 expresso em suas inten\u00e7\u00f5es de conviver com juros mais baixos em detrimento de patamares mais elevados para o d\u00f3lar. Escolhido pelo chefe da Economia, Campos Neto, ao que parece, segue as diretrizes. A Selic est\u00e1 nos patamares mais baixos da hist\u00f3ria, em 2,25% ao ano. O real, por sua vez, foi a moeda que mais desvalorizou durante a pandemia. No long\u00ednquo mar\u00e7o, Guedes fez um pren\u00fancio dos tempos. <span>\u201c\u00c9 um c\u00e2mbio que flutua. Se fizer muita besteira pode ir para esse n\u00edvel. Se fizer muita coisa certa, ele pode descer\u201d, quando indagado se a moeda americana romperia a casa dos 5 reais. A frase persegue Guedes at\u00e9 hoje porque ministros da Economia n\u00e3o devem falar a torto e a direito sobre c\u00e2mbio. Assim como presidentes do BC n\u00e3o devem adotar essa pr\u00e1tica sobre infla\u00e7\u00e3o.\u00a0<\/span><\/p>\n<\/p><\/div>\n<p><br \/>\n<br \/><a href=\"https:\/\/veja.abril.com.br\/economia\/presidente-do-bc-joga-uma-bomba-no-mercado-inflacao-a-vista\/\">Fonte do Artigo<\/a><br \/>\nTags: <\/p>\n<p><a title=\"IBJE\" href=\"https:\/\/ibge.gov.br\/\">#IBJE<\/a> <a title=\"FGV\" href=\"https:\/\/portal.fgv.br\/\">#FGV<\/a> <a title=\"LOTOFACIL\" href=\"http:\/\/loterias.caixa.gov.br\/wps\/portal\/loterias\/landing\/lotofacil\/\">#LOTOFACIL<\/a> <a title=\"TINDER\" href=\"https:\/\/tinder.com\/?lang=pt-BR\">#TINDER<\/a> <a title=\"GMAILGOOGLE\" href=\"https:\/\/mail.google.com\">#GMAILGOOGLE<\/a> <a title=\"TIKTOK\" href=\"https:\/\/www.tiktok.com\/pt_BR\/\">#TIKTOK<\/a><\/p>\n","protected":false},"excerpt":{"rendered":"<p>O presidente do Banco Central, Roberto Campos Neto, tem muito a aprender com o av\u00f4. Celebre frasista, o economista Roberto Campos sabia sempre o que \u2014 e o que n\u00e3o \u2014 falar. \u201cDeus nos livre dos bens intencionados, eles causam danos irrepar\u00e1veis\u201d, vaticinou aquele que \u00e9 considerado por muitos o maior economista j\u00e1 nascido no [&hellip;]<\/p>\n","protected":false},"author":1,"featured_media":54615,"comment_status":"open","ping_status":"open","sticky":false,"template":"","format":"standard","meta":{"footnotes":""},"categories":[7],"tags":[],"class_list":["post-54614","post","type-post","status-publish","format-standard","has-post-thumbnail","hentry","category-economia"],"_links":{"self":[{"href":"https:\/\/wiy.com.br\/noticias\/wp-json\/wp\/v2\/posts\/54614","targetHints":{"allow":["GET"]}}],"collection":[{"href":"https:\/\/wiy.com.br\/noticias\/wp-json\/wp\/v2\/posts"}],"about":[{"href":"https:\/\/wiy.com.br\/noticias\/wp-json\/wp\/v2\/types\/post"}],"author":[{"embeddable":true,"href":"https:\/\/wiy.com.br\/noticias\/wp-json\/wp\/v2\/users\/1"}],"replies":[{"embeddable":true,"href":"https:\/\/wiy.com.br\/noticias\/wp-json\/wp\/v2\/comments?post=54614"}],"version-history":[{"count":0,"href":"https:\/\/wiy.com.br\/noticias\/wp-json\/wp\/v2\/posts\/54614\/revisions"}],"wp:featuredmedia":[{"embeddable":true,"href":"https:\/\/wiy.com.br\/noticias\/wp-json\/wp\/v2\/media\/54615"}],"wp:attachment":[{"href":"https:\/\/wiy.com.br\/noticias\/wp-json\/wp\/v2\/media?parent=54614"}],"wp:term":[{"taxonomy":"category","embeddable":true,"href":"https:\/\/wiy.com.br\/noticias\/wp-json\/wp\/v2\/categories?post=54614"},{"taxonomy":"post_tag","embeddable":true,"href":"https:\/\/wiy.com.br\/noticias\/wp-json\/wp\/v2\/tags?post=54614"}],"curies":[{"name":"wp","href":"https:\/\/api.w.org\/{rel}","templated":true}]}}