{"id":54608,"date":"2023-02-26T15:09:11","date_gmt":"2023-02-26T18:09:11","guid":{"rendered":"https:\/\/wiy.com.br\/noticias\/pedidos-de-seguro-desemprego-caem-32-em-junho-com-retomada-gradual\/"},"modified":"2020-07-09T13:29:32","modified_gmt":"2020-07-09T16:29:32","slug":"pedidos-de-seguro-desemprego-caem-32-em-junho-com-retomada-gradual","status":"publish","type":"post","link":"https:\/\/wiy.com.br\/noticias\/pedidos-de-seguro-desemprego-caem-32-em-junho-com-retomada-gradual\/","title":{"rendered":"Pedidos de seguro-desemprego caem 32% em junho com retomada gradual"},"content":{"rendered":"<p> <br \/>\n<\/p>\n<div id=\"post-3523168\">\n<figure class=\"featured-media media-open\"><img title = \"[Tags]\"data-src=\"https:\/\/veja.abril.com.br\/wp-content\/uploads\/2017\/06\/editadas-emprego-veja-com30.jpg\" class=\"abril-image optimized lazyload\" abril-data-id=\"3523168\"  data- data-pin-nopin=\"false\"alt = \"editadas-emprego-veja-com30 Pedidos de seguro-desemprego caem 32% em junho com retomada gradual\"\/><figcaption class=\"caption\">SINAIS DE MELHORA &#8211; N\u00famero de pedidos caiu em rela\u00e7\u00e3o a maio\u00a0Reinaldo Canato\/VEJA.com<\/figcaption><\/figure>\n<section class=\"content\">\n<p>A t\u00e3o falada retomada da economia brasileira d\u00e1, diariamente, sinais de que o ponto mais agudo da crise do novo coronav\u00edrus ficou para tr\u00e1s. No caso do mercado de trabalho, apesar do registro do desemprego, h\u00e1 de se comemorar o ritmo menor das demiss\u00f5es, visto que os empregos formais t\u00eam um ritmo de rea\u00e7\u00e3o \u2014 seja para demitir ou contratar \u2014 mais lento. Segundo dados divulgados nesta quinta-feira, 9, pelo <a href=\"https:\/\/veja.abril.com.br\/noticias-sobre\/ministerio-da-economia\"><strong>Minist\u00e9rio da Economia<\/strong><\/a>, o n\u00famero de pedidos de <a href=\"https:\/\/veja.abril.com.br\/noticias-sobre\/seguro-desemprego\"><strong>seguro-desemprego<\/strong><\/a> em junho foi 32% menor em rela\u00e7\u00e3o a maio: no m\u00eas passado, 653.160 brasileiros fizeram o requerimento do benef\u00edcio que paga de tr\u00eas a cinco parcelas para quem \u00e9 desligado sem justa causa. Em maio, foram 960.309 pedidos. Foi o primeiro recuo registrado nas solicita\u00e7\u00f5es desde fevereiro.<\/p>\n<div class=\"block_assine_posts\">\n<h2 class=\"title-assine\">ASSINE VEJA<\/h2>\n<figure id=\"attachment_3519772\" class=\"wp-caption alignnone  media-assine\"><img loading=\"lazy\" decoding=\"async\" class=\"size-large wp-image-3519772\" src=\"https:\/\/veja.abril.com.br\/wp-content\/uploads\/2020\/07\/CAPA-DE-VEJA-2694-V-1.jpg?quality=70&amp;strip=info&amp;w=220\" border=\"0\"alt = \"editadas-emprego-veja-com30 Pedidos de seguro-desemprego caem 32% em junho com retomada gradual\"title = \"[Tags]\" width=\"220\" height=\"289\" data-restrict=\"false\" data-portal-copyright=\"VEJA\" data-image-caption=\"Leia nesta edi\u00e7\u00e3o: a pacifica\u00e7\u00e3o do Executivo nas rela\u00e7\u00f5es com o Congresso e ao Supremo, os diferentes n\u00fameros da Covid-19 nos estados brasileiros e novas revela\u00e7\u00f5es sobre o caso Queiroz \" data-image-title=\"\" data-image-source=\"VEJA\"\/><figcaption class=\"wp-caption-text\"><span class=\"title\">Governo Bolsonaro: Sinais de paz<\/span> Leia nesta edi\u00e7\u00e3o: a pacifica\u00e7\u00e3o do Executivo nas rela\u00e7\u00f5es com o Congresso e ao Supremo, os diferentes n\u00fameros da Covid-19 nos estados brasileiros e novas revela\u00e7\u00f5es sobre o caso Queiroz<\/figcaption><\/figure>\n<p><a href=\"https:\/\/www.assine.abril.com.br\/portal\/paginasEstaticas!showPromocao.action?&amp;codPromocao=sr_ve_land&amp;origem=sr_ve_materia_land&amp;utm_source=sites&amp;utm_medium=sr&amp;utm_campaign=sr_ve_materia_land\" target=\"_blank\" rel=\"noopener noreferrer\">Clique e Assine<\/a><\/div>\n<p>Os n\u00fameros s\u00e3o positivos, mas se comparados ao ano passado mostram que a crise do coronav\u00edrus teve impacto sim no mercado formal: em rela\u00e7\u00e3o a junho passado, os pedidos de seguro desemprego s\u00e3o 28% maiores. A crise sanit\u00e1ria do coronav\u00edrus impactou o mercado de trabalho e por isso \u00e9 necess\u00e1rio pensar em medidas para o dia seguinte da crise, para que haja rea\u00e7\u00e3o do emprego e rea\u00e7\u00e3o econ\u00f4mica sustent\u00e1vel. A equipe econ\u00f4mica comandada por Paulo Guedes formula uma reedi\u00e7\u00e3o da carteira verde amarela, mirando principalmente os trabalhadores informais e benefici\u00e1rios do Bolsa Fam\u00edlia.<\/p>\n<p>Na avalia\u00e7\u00e3o do ministro, a cat\u00e1strofe econ\u00f4mica foi evitada pelo programa de prote\u00e7\u00e3o ao emprego, BEM, que permite a redu\u00e7\u00e3o de jornada e sal\u00e1rio ou suspens\u00e3o de emprego \u2013 e deve ser prorrogado \u2013 e do aux\u00edlio emergencial, que permitiu que as classes mais baixas, n\u00e3o protegidas pelos instrumentos da CLT, como o pr\u00f3prio seguro-desemprego, continuassem consumindo mesmo durante a fase mais aguda da crise.\u00a0A segundo ponto \u00e9 a desonera\u00e7\u00e3o da folha de pagamentos, que na avalia\u00e7\u00e3o de Guedes deve ser amplo e vir de um novo tributo, o imposto sobre transa\u00e7\u00f5es digitais (ITF), que funciona nos moldes da antiga CPMF e deve cobrir um menor gastos dos empregadores com a folha de pagamento. Ambas medidas depender\u00e3o de uma excelente articula\u00e7\u00e3o com o Congresso, mas mostram um caminho para a cria\u00e7\u00e3o de empregos e alicerce para que o pa\u00eds enfrente outras crises.<\/p>\n<\/section><\/div>\n<p><br \/>\n<br \/><a href=\"https:\/\/veja.abril.com.br\/economia\/pedidos-de-seguro-desemprego-caem-32-em-junho-com-retomada-gradual\/\">Fonte do Artigo<\/a><br \/>\nTags: <\/p>\n<p><a title=\"IBJE\" href=\"https:\/\/ibge.gov.br\/\">#IBJE<\/a> <a title=\"FGV\" href=\"https:\/\/portal.fgv.br\/\">#FGV<\/a> <a title=\"LOTOFACIL\" href=\"http:\/\/loterias.caixa.gov.br\/wps\/portal\/loterias\/landing\/lotofacil\/\">#LOTOFACIL<\/a> <a title=\"TINDER\" href=\"https:\/\/tinder.com\/?lang=pt-BR\">#TINDER<\/a> <a title=\"GMAILGOOGLE\" href=\"https:\/\/mail.google.com\">#GMAILGOOGLE<\/a> <a title=\"TIKTOK\" href=\"https:\/\/www.tiktok.com\/pt_BR\/\">#TIKTOK<\/a><\/p>\n","protected":false},"excerpt":{"rendered":"<p>SINAIS DE MELHORA &#8211; N\u00famero de pedidos caiu em rela\u00e7\u00e3o a maio\u00a0Reinaldo Canato\/VEJA.com A t\u00e3o falada retomada da economia brasileira d\u00e1, diariamente, sinais de que o ponto mais agudo da crise do novo coronav\u00edrus ficou para tr\u00e1s. No caso do mercado de trabalho, apesar do registro do desemprego, h\u00e1 de se comemorar o ritmo menor [&hellip;]<\/p>\n","protected":false},"author":1,"featured_media":54609,"comment_status":"open","ping_status":"open","sticky":false,"template":"","format":"standard","meta":{"footnotes":""},"categories":[7],"tags":[],"class_list":["post-54608","post","type-post","status-publish","format-standard","has-post-thumbnail","hentry","category-economia"],"_links":{"self":[{"href":"https:\/\/wiy.com.br\/noticias\/wp-json\/wp\/v2\/posts\/54608","targetHints":{"allow":["GET"]}}],"collection":[{"href":"https:\/\/wiy.com.br\/noticias\/wp-json\/wp\/v2\/posts"}],"about":[{"href":"https:\/\/wiy.com.br\/noticias\/wp-json\/wp\/v2\/types\/post"}],"author":[{"embeddable":true,"href":"https:\/\/wiy.com.br\/noticias\/wp-json\/wp\/v2\/users\/1"}],"replies":[{"embeddable":true,"href":"https:\/\/wiy.com.br\/noticias\/wp-json\/wp\/v2\/comments?post=54608"}],"version-history":[{"count":0,"href":"https:\/\/wiy.com.br\/noticias\/wp-json\/wp\/v2\/posts\/54608\/revisions"}],"wp:featuredmedia":[{"embeddable":true,"href":"https:\/\/wiy.com.br\/noticias\/wp-json\/wp\/v2\/media\/54609"}],"wp:attachment":[{"href":"https:\/\/wiy.com.br\/noticias\/wp-json\/wp\/v2\/media?parent=54608"}],"wp:term":[{"taxonomy":"category","embeddable":true,"href":"https:\/\/wiy.com.br\/noticias\/wp-json\/wp\/v2\/categories?post=54608"},{"taxonomy":"post_tag","embeddable":true,"href":"https:\/\/wiy.com.br\/noticias\/wp-json\/wp\/v2\/tags?post=54608"}],"curies":[{"name":"wp","href":"https:\/\/api.w.org\/{rel}","templated":true}]}}