{"id":54579,"date":"2023-02-26T15:50:22","date_gmt":"2023-02-26T18:50:22","guid":{"rendered":"https:\/\/wiy.com.br\/noticias\/avianca-brasil-pede-falencia-a-justica\/"},"modified":"2020-07-09T09:37:12","modified_gmt":"2020-07-09T12:37:12","slug":"avianca-brasil-pede-falencia-a-justica","status":"publish","type":"post","link":"https:\/\/wiy.com.br\/noticias\/avianca-brasil-pede-falencia-a-justica\/","title":{"rendered":"Avianca Brasil pede fal\u00eancia \u00e0 Justi\u00e7a"},"content":{"rendered":"<p> <br \/>\n<\/p>\n<p>Em recupera\u00e7\u00e3o judicial desde 2018 e com d\u00edvida estimada em R$ 2,7 bilh\u00f5es, a <strong>Avianca do Brasil<\/strong> (Oceanair Linhas A\u00e9reas) pediu <strong>fal\u00eancia<\/strong> \u00e0 Justi\u00e7a. A empresa disse n\u00e3o ter mais condi\u00e7\u00f5es de cumprir o cronograma de pagamento dos credores. A informa\u00e7\u00e3o \u00e9 do jornalista Rog\u00e9rio Gentile, do UOL.<\/p>\n<p>Fundada em 1998 no Brasil, a Avianca chegou a ter 48 naves em opera\u00e7\u00e3o. Em maio do ano passado, a Anac (Ag\u00eancia Nacional de Avia\u00e7\u00e3o Civil) suspendeu as atividades da empresa por \u201cfalta de capacidade operacional\u201d. <span>Ap\u00f3s a decis\u00e3o, o desembargador Ricardo Negr\u00e3o prop\u00f4s a fal\u00eancia da empresa por consider\u00e1-la invi\u00e1vel, mas a maioria dos desembargadores da 2\u00aa C\u00e2mara de Direito Empresarial rejeitou a medida.<\/span><\/p>\n<p>O pedido de fal\u00eancia j\u00e1 era esperado pelo mercado. A Avianca n\u00e3o tem posse de nenhuma aeronave.<\/p>\n<div class=\"block related-posts\">\n<ul class=\"block-menu\">\n<li data-tab=\"tab-1\" class=\"active\">Relacionadas<\/li>\n<li data-tab=\"tab-2\">Mais Lidas<\/li>\n<\/ul>\n<div id=\"tab-1\" class=\"block-content active\">\n<div class=\"row\">\n<li class=\"widget-news-item without-thumb with-border\">\n<div class=\"widget-news-info\"><a href=\"http:\/\/vejasp.abril.com.br\/cultura-lazer\">Cultura &amp; Lazer<\/a><span class=\"widget-news-item-title\"><a href=\"https:\/\/vejasp.abril.com.br\/cultura-lazer\/15-segundos-de-fama-tiktok-bomba-durante-a-quarentena\/\">TikTok bomba na quarentena e lan\u00e7a nova gera\u00e7\u00e3o de influenciadores<\/a><\/span><span class=\"widget-news-item-date\">3 Jul 2020 &#8211; 06h07<\/span><\/div>\n<\/li>\n<li class=\"widget-news-item without-thumb with-border\">\n<div class=\"widget-news-info\"><a href=\"http:\/\/vejasp.abril.com.br\/cultura-lazer\">Cultura &amp; Lazer<\/a><span class=\"widget-news-item-title\"><a href=\"https:\/\/vejasp.abril.com.br\/cultura-lazer\/deepfake-tecnologia-permite-copiar-o-rosto-expressao-e-a-voz\/\">Deepfake: tecnologia permite colocar rosto e voz em outro corpo<\/a><\/span><span class=\"widget-news-item-date\">3 Jul 2020 &#8211; 06h07<\/span><\/div>\n<\/li>\n<li class=\"widget-news-item without-thumb with-border\">\n<div class=\"widget-news-info\"><a href=\"http:\/\/vejasp.abril.com.br\/cultura-lazer\">Cultura &amp; Lazer<\/a><span class=\"widget-news-item-title\"><a href=\"https:\/\/vejasp.abril.com.br\/cultura-lazer\/moletom-e-pijama-sao-apostas-de-tendencia-moda-para-o-pos-covid-19\/\">Moletom e pijama s\u00e3o apostas de tend\u00eancia de moda para o p\u00f3s-Covid-19<\/a><\/span><span class=\"widget-news-item-date\">3 Jul 2020 &#8211; 06h07<\/span><\/div>\n<\/li>\n<\/div>\n<\/div>\n<div id=\"tab-2\" class=\"block-content\">\n<div class=\"row\">\n<div class=\"col-s-12 col-l-3\"><a href=\"https:\/\/vejasp.abril.com.br\/saude\/joao-doria-decreta-nova-quarentena-no-estado-de-sao-paulo\/\" class=\"card\"><span class=\"category hide-s\">Sa\u00fade<\/span><img title = \"[Tags]\"data-src=\"https:\/\/vejasp.abril.com.br\/wp-content\/uploads\/2020\/06\/joao-doria.jpg?quality=70&amp;strip=info&amp;w=294&amp;h=200&amp;crop=1\"alt = \"joao-doria Avianca Brasil pede fal\u00eancia \u00e0 Justi\u00e7a\" class=\"lazyload media\" style=\"max-width:100%\"><span class=\"category hide-l\">Sa\u00fade<\/span><span class=\"title\"><strong>1<\/strong>Jo\u00e3o Doria decreta nova quarentena no estado de S\u00e3o Paulo<\/span><\/a><\/div>\n<div class=\"col-s-12 col-l-3\"><a href=\"https:\/\/vejasp.abril.com.br\/cidades\/homem-invade-a-globo-e-faz-reporter-de-refem-nesta-quarta-feira-10\/\" class=\"card\"><span class=\"category hide-s\">Cidades<\/span><img title = \"[Tags]\"data-src=\"https:\/\/vejasp.abril.com.br\/wp-content\/uploads\/2020\/06\/reporter-rede-globo-refem-01.jpg?quality=70&amp;strip=info&amp;w=294&amp;h=200&amp;crop=1\"alt = \"joao-doria Avianca Brasil pede fal\u00eancia \u00e0 Justi\u00e7a\" class=\"lazyload media\" style=\"max-width:100%\"><span class=\"category hide-l\">Cidades<\/span><span class=\"title\"><strong>2<\/strong>Homem invade est\u00fadios da Globo e faz rep\u00f3rter de ref\u00e9m nesta quarta (10)<\/span><\/a><\/div>\n<div class=\"col-s-12 col-l-3\"><a href=\"https:\/\/vejasp.abril.com.br\/blog\/astrologia\/previsoes-para-todos-os-signos-de-22-a-28-de-junho\/\" class=\"card\"><span class=\"category hide-s\">Cultura &amp; Lazer<\/span><img title = \"[Tags]\"data-src=\"https:\/\/vejasp.abril.com.br\/wp-content\/uploads\/2020\/06\/MERYLSTREEP2020.png?w=294&amp;h=200&amp;crop=1\"alt = \"joao-doria Avianca Brasil pede fal\u00eancia \u00e0 Justi\u00e7a\" class=\"lazyload media\" style=\"max-width:100%\"><span class=\"category hide-l\">Cultura &amp; Lazer<\/span><span class=\"title\"><strong>3<\/strong>Previs\u00f5es para todos os signos: de 22 a 28 de junho<\/span><\/a><\/div>\n<div class=\"col-s-12 col-l-3\"><a href=\"https:\/\/vejasp.abril.com.br\/blog\/astrologia\/previsoes-para-todos-os-signos-de-29-de-junho-a-5-de-julho\/\" class=\"card\"><span class=\"category hide-s\">Cultura &amp; Lazer<\/span><img title = \"[Tags]\"data-src=\"https:\/\/vejasp.abril.com.br\/wp-content\/uploads\/2020\/06\/MRB.jpg?quality=70&amp;strip=info&amp;w=294&amp;h=200&amp;crop=1\"alt = \"joao-doria Avianca Brasil pede fal\u00eancia \u00e0 Justi\u00e7a\" class=\"lazyload media\" style=\"max-width:100%\"><span class=\"category hide-l\">Cultura &amp; Lazer<\/span><span class=\"title\"><strong>4<\/strong>Previs\u00f5es para todos os signos: de 29 de junho a 5 de julho<\/span><\/a><\/div>\n<\/div>\n<\/div>\n<\/div>\n<p><strong>+ OU\u00c7A O PODCAST Jornada da Calma<\/strong><\/p>\n<div class=\"ads post-ads\"><span class=\"title\">Continua ap\u00f3s a publicidade<\/span><\/p>\n<div id=\"abrAD_rectangle2\" class=\"abrAD\" data-ad-><\/div>\n<\/div>\n<p><br \/>\n<br \/><a href=\"https:\/\/vejasp.abril.com.br\/cidades\/avianca-brasil-falencia\/\">Fonte do Artigo <\/a><br \/>\nTags:<br \/>\n#loterias #loteriascaixa #megasena #resultadoapostas#noticias #noticiario  #noticia #brasil #noticiascolombia #mundo #esporte #colombia #noticiadeld #ltimasnoticias  #noticiario #noticiasregionales #noticiasdepartamentales #noticiashoy #esportes #noticiaahora #elinformantenoticias #noticiasdeboyac  #esporteinterativo #esportivo #diariodosesportes  #noticiero  #jogodefutebol #jogos #loto #apostas<\/p>\n","protected":false},"excerpt":{"rendered":"<p>Em recupera\u00e7\u00e3o judicial desde 2018 e com d\u00edvida estimada em R$ 2,7 bilh\u00f5es, a Avianca do Brasil (Oceanair Linhas A\u00e9reas) pediu fal\u00eancia \u00e0 Justi\u00e7a. A empresa disse n\u00e3o ter mais condi\u00e7\u00f5es de cumprir o cronograma de pagamento dos credores. A informa\u00e7\u00e3o \u00e9 do jornalista Rog\u00e9rio Gentile, do UOL. Fundada em 1998 no Brasil, a Avianca [&hellip;]<\/p>\n","protected":false},"author":1,"featured_media":54580,"comment_status":"open","ping_status":"open","sticky":false,"template":"","format":"standard","meta":{"footnotes":""},"categories":[1],"tags":[],"class_list":["post-54579","post","type-post","status-publish","format-standard","has-post-thumbnail","hentry","category-curso-de-copy"],"_links":{"self":[{"href":"https:\/\/wiy.com.br\/noticias\/wp-json\/wp\/v2\/posts\/54579","targetHints":{"allow":["GET"]}}],"collection":[{"href":"https:\/\/wiy.com.br\/noticias\/wp-json\/wp\/v2\/posts"}],"about":[{"href":"https:\/\/wiy.com.br\/noticias\/wp-json\/wp\/v2\/types\/post"}],"author":[{"embeddable":true,"href":"https:\/\/wiy.com.br\/noticias\/wp-json\/wp\/v2\/users\/1"}],"replies":[{"embeddable":true,"href":"https:\/\/wiy.com.br\/noticias\/wp-json\/wp\/v2\/comments?post=54579"}],"version-history":[{"count":0,"href":"https:\/\/wiy.com.br\/noticias\/wp-json\/wp\/v2\/posts\/54579\/revisions"}],"wp:featuredmedia":[{"embeddable":true,"href":"https:\/\/wiy.com.br\/noticias\/wp-json\/wp\/v2\/media\/54580"}],"wp:attachment":[{"href":"https:\/\/wiy.com.br\/noticias\/wp-json\/wp\/v2\/media?parent=54579"}],"wp:term":[{"taxonomy":"category","embeddable":true,"href":"https:\/\/wiy.com.br\/noticias\/wp-json\/wp\/v2\/categories?post=54579"},{"taxonomy":"post_tag","embeddable":true,"href":"https:\/\/wiy.com.br\/noticias\/wp-json\/wp\/v2\/tags?post=54579"}],"curies":[{"name":"wp","href":"https:\/\/api.w.org\/{rel}","templated":true}]}}